{"id":662884,"date":"2026-01-14T12:23:16","date_gmt":"2026-01-14T12:23:16","guid":{"rendered":"https:\/\/www.europesays.com\/fr\/662884\/"},"modified":"2026-01-14T12:23:16","modified_gmt":"2026-01-14T12:23:16","slug":"lyon-sarselli-et-aulas-sortent-une-nouvelle-proposition-pour-reduire-les-bouchons","status":"publish","type":"post","link":"https:\/\/www.europesays.com\/fr\/662884\/","title":{"rendered":"Lyon. Sarselli et Aulas sortent une nouvelle proposition pour r\u00e9duire les bouchons"},"content":{"rendered":"<p>                    Par<br \/>\n        <strong><br \/>\n            <a href=\"https:\/\/actu.fr\/auteur\/anthony-soudani\" title=\"Consulter tous les articles de Anthony Soudani\" target=\"_blank\" rel=\"noopener\">Anthony Soudani<\/a><br \/>\n                    <\/strong><\/p>\n<p>        Publi\u00e9 le<\/p>\n<p>            14 janv. 2026 \u00e0 12h42        <\/p>\n<p>V\u00e9ronique Sarselli, alli\u00e9e de <a href=\"https:\/\/actu.fr\/auvergne-rhone-alpes\/lyon_69123\/municipales-2026-a-lyon-sur-lci-jean-michel-aulas-gene-par-une-question-sur-le-rn_63695021.html\" target=\"_blank\" rel=\"noopener\">Jean-Michel Aulas<\/a> au sein du mouvement Grand Coeur lyonnais, veut \u00eatre la candidate m\u00e9tropolitaine de la <strong>r\u00e9duction des bouchons.<\/strong> La maire Les R\u00e9publicains Sainte-Foy-l\u00e8s-Lyon fait de ce point son combat principal. \u00ab\u00a0Moins de bouchons, moins de pollution\u00a0\u00bb, lance-t-elle en pr\u00e9sentant ce mercredi 14 janvier un projet de <strong>gestion des feux de circulation par l\u2019Intelligence Artificielle (IA)<\/strong>.<\/p>\n<p>\u00ab\u00a0Une exp\u00e9rimentation de r\u00e9gulation des feux de circulation, renforc\u00e9e par l\u2019IA\u00a0\u00bb<\/p>\n<p class=\" wall-content\">\u00ab La M\u00e9tropole de Lyon doit \u00eatre en pointe sur les technologies qui servent le bien commun, l\u2019\u00e9conomie et l\u2019environnement. C\u2019est ma vision d\u2019une \u00e9cologie des solutions et pas seulement de la contrainte \u00bb, annonce V\u00e9ronique Sarselli, candidate \u00e0 la M\u00e9tropole de Lyon face au pr\u00e9sident \u00e9cologiste sortant <a href=\"https:\/\/actu.fr\/auvergne-rhone-alpes\/lyon_69123\/lyon-bruno-bernard-promet-une-extension-majeure-du-reseau-velo-v-voici-le-projet_63684983.html\" target=\"_blank\" rel=\"noopener\">Bruno Bernard<\/a>.<\/p>\n<p class=\" wall-content\">Elle fait la promesse qu\u2019\u00e9lue pr\u00e9sidente, elle lancera \u00ab\u00a0une exp\u00e9rimentation de r\u00e9gulation adaptative des feux de circulation, renforc\u00e9e par l\u2019intelligence artificielle (IA), pour <strong>fluidifier les mobilit\u00e9s<\/strong> dans la M\u00e9tropole\u00a0\u00bb.\u00a0<\/p>\n<p class=\" wall-content\">V\u00e9ronique Sarselli pr\u00e9cise que \u00ab\u00a0l\u2019IA utilise ainsi des algorithmes d\u2019apprentissage automatique pour pr\u00e9dire les congestions et optimiser la coordination dynamique des feux. Si un axe est charg\u00e9, elle prolonge le vert ; si des bus, v\u00e9los ou pi\u00e9tons approchent, elle priorise leur passage\u00a0\u00bb.<\/p>\n<p class=\" wall-content\">\n<p>\u00ab\u00a0R\u00e9duire les bouchons en \u00e9vitant les blocages\u00a0\u00bb<\/p>\n<p class=\" wall-content\">Pour la candidate, cela permet de \u00ab\u00a0r\u00e9duire les bouchons en fluidifiant les carrefours et en \u00e9vitant les blocages\u00a0\u00bb.<\/p>\n<p class=\" wall-content\">L\u2019alli\u00e9e de Jean-Michel Aulas assure que c\u2019est compatible avec le PC CRITER actuel, qui g\u00e8re les flux. \u00ab\u00a0Cette technologie est d\u00e9j\u00e0 test\u00e9e et appliqu\u00e9e dans plusieurs villes du monde (Los Angeles, Quebec, Rotterdam, Prague\u2026) avec des r\u00e9sultats concrets, prouvant son efficacit\u00e9\u00a0\u00bb.<\/p>\n<p class=\" wall-content\">V\u00e9ronique Sarselli pr\u00e9cise qu\u2019une premi\u00e8re phase d\u2019exp\u00e9rimentation serait men\u00e9e sur une cinquantaine d\u2019intersections strat\u00e9giques de la M\u00e9tropole de Lyon, <strong>pour un co\u00fbt estim\u00e9 de <\/strong><strong>1,5 millions d\u2019euros<\/strong>, \u00ab\u00a0massivement \u00e9ligibles \u00e0 des programmes de cofinancements fran\u00e7ais et europ\u00e9ens (Fonds vert \/ France 2030 \/ CEF-ITF)\u00a0\u00bb.<\/p>\n<p>Votre r\u00e9gion, votre actu !<\/p>\n<p>Recevez chaque jour les infos qui comptent pour vous.<\/p>\n<p>\t<a href=\"https:\/\/actu.fr\/newsletter\" class=\"ac-btn ac-btn--corner ac-btn--medium ac-btn--blue800\" target=\"_blank\" rel=\"noopener\">S&rsquo;incrire<\/a><br \/>\nL\u2019IA peu fiable ?<\/p>\n<p class=\" wall-content\">Aujourd\u2019hui, le PC Criter supervise environ 1 700 carrefours \u00e0 feux sur le territoire de la M\u00e9tropole, gr\u00e2ce \u00e0 un r\u00e9seau de capteurs au sol et environ 600 flux vid\u00e9o.<\/p>\n<p class=\" wall-content\">Pierre Soulard, aux manettes de ce PC Criter, estimait r\u00e9cemment aupr\u00e8s d\u2019<a href=\"https:\/\/actu.fr\/auvergne-rhone-alpes\/lyon_69123\/lyon-on-n-a-jamais-traverse-bellecour-sans-s-arreter-pourquoi-les-bouchons-ne-sont-pas-prets-de-sauter_63198408.html\" target=\"_blank\" rel=\"noopener\">actu Lyon<\/a> que l\u2019IA se montrait peu fiable, se basant sur une \u00e9tude de 2015 : \u00ab Les syst\u00e8mes informatiques bas\u00e9s sur les capteurs \u00e9taient trop sujets aux erreurs. L\u2019interpr\u00e9tation humaine reste indispensable \u00e0 ce stade. \u00bb<\/p>\n<p class=\" wall-content\">Personnalisez votre actualit\u00e9 en ajoutant vos villes et m\u00e9dias en favori avec <a href=\"https:\/\/moncompte.actu.fr\" title=\"D\u00e9couvez Mon Actu\" rel=\"nofollow noopener\" data-trk=\"{&quot;cta&quot;:{&quot;action&quot;:&quot;https:\\\/\\\/moncompte.actu.fr&quot;,&quot;category&quot;:&quot;mon compte&quot;,&quot;from&quot;:&quot;article footer&quot;,&quot;name&quot;:&quot;Mon actu&quot;,&quot;type&quot;:&quot;cta&quot;}}\" target=\"_blank\">Mon Actu<\/a>.<\/p>\n","protected":false},"excerpt":{"rendered":"Par Anthony Soudani Publi\u00e9 le 14 janv. 2026 \u00e0 12h42 V\u00e9ronique Sarselli, alli\u00e9e de Jean-Michel Aulas au sein&hellip;\n","protected":false},"author":2,"featured_media":662885,"comment_status":"","ping_status":"","sticky":false,"template":"","format":"standard","meta":{"footnotes":""},"categories":[1889],"tags":[1111,11,2430,3542,4188,1777,674,1011,27,5227,2428,12,316,1800,25],"class_list":{"0":"post-662884","1":"post","2":"type-post","3":"status-publish","4":"format-standard","5":"has-post-thumbnail","7":"category-lyon","8":"tag-actu","9":"tag-actualites","10":"tag-auvergne-rhone-alpes","11":"tag-circulation","12":"tag-elections-municipales","13":"tag-eu","14":"tag-europe","15":"tag-fr","16":"tag-france","17":"tag-jean-michel-aulas","18":"tag-lyon","19":"tag-news","20":"tag-politique","21":"tag-pollution","22":"tag-republique-francaise"},"share_on_mastodon":{"url":"https:\/\/pubeurope.com\/@fr\/115893436611830851","error":""},"_links":{"self":[{"href":"https:\/\/www.europesays.com\/fr\/wp-json\/wp\/v2\/posts\/662884","targetHints":{"allow":["GET"]}}],"collection":[{"href":"https:\/\/www.europesays.com\/fr\/wp-json\/wp\/v2\/posts"}],"about":[{"href":"https:\/\/www.europesays.com\/fr\/wp-json\/wp\/v2\/types\/post"}],"author":[{"embeddable":true,"href":"https:\/\/www.europesays.com\/fr\/wp-json\/wp\/v2\/users\/2"}],"replies":[{"embeddable":true,"href":"https:\/\/www.europesays.com\/fr\/wp-json\/wp\/v2\/comments?post=662884"}],"version-history":[{"count":0,"href":"https:\/\/www.europesays.com\/fr\/wp-json\/wp\/v2\/posts\/662884\/revisions"}],"wp:featuredmedia":[{"embeddable":true,"href":"https:\/\/www.europesays.com\/fr\/wp-json\/wp\/v2\/media\/662885"}],"wp:attachment":[{"href":"https:\/\/www.europesays.com\/fr\/wp-json\/wp\/v2\/media?parent=662884"}],"wp:term":[{"taxonomy":"category","embeddable":true,"href":"https:\/\/www.europesays.com\/fr\/wp-json\/wp\/v2\/categories?post=662884"},{"taxonomy":"post_tag","embeddable":true,"href":"https:\/\/www.europesays.com\/fr\/wp-json\/wp\/v2\/tags?post=662884"}],"curies":[{"name":"wp","href":"https:\/\/api.w.org\/{rel}","templated":true}]}}