{"id":662894,"date":"2026-01-14T12:29:11","date_gmt":"2026-01-14T12:29:11","guid":{"rendered":"https:\/\/www.europesays.com\/fr\/662894\/"},"modified":"2026-01-14T12:29:11","modified_gmt":"2026-01-14T12:29:11","slug":"paris-20-000-coureurs-ont-participe-a-la-troisieme-edition-des-10-km-de-la-tour-eiffel","status":"publish","type":"post","link":"https:\/\/www.europesays.com\/fr\/662894\/","title":{"rendered":"Paris\u00a0: 20\u00a0000 coureurs ont particip\u00e9 \u00e0 la troisi\u00e8me \u00e9dition des 10\u00a0km de la Tour Eiffel"},"content":{"rendered":"<p>\n                                                                Dimanche 7\u00a0d\u00e9cembre 2025, la 3\u1d49 \u00e9dition des 10\u00a0km de la Tour Eiffel a rassembl\u00e9 20\u00a0000 participants sur un parcours plat propice aux performances.\n                            <\/p>\n<p>Dimanche 7\u00a0d\u00e9cembre 2025, la troisi\u00e8me\u00a0\u00e9dition du Saucony 10\u00a0km de la Tour Eiffel s\u2019est d\u00e9roul\u00e9e \u00e0 Paris avec un record de participation pour une course de masse dans la capitale, comme le rapporte<a href=\"https:\/\/www.leparisien.fr\/sports\/running\/10-km-de-la-tour-eiffel-parcours-engages-favoris-tout-savoir-sur-la-3e-edition-05-12-2025-PHUJOINIBVHUVNJI42YM4OBU3U.php#:~:text=Inscrite%20au%20Paris%20Masters%20Circuit,participants%20ce%20dimanche%207%20d%C3%A9cembre.&amp;text=La%203e%20%C3%A9dition%20des%2010,a%20encore%20fait%20le%20plein.\" target=\"_self\" rel=\"noopener\"> Le Parisien<\/a>.<\/p>\n<p>\u00ab\u00a0Hyper plat\u00a0\u00bb, \u00ab\u00a0hyper roulant\u00a0\u00bb<\/p>\n<p>Inscrite au Paris Masters Circuit et au Challenge des 10\u202fK Parisiens, l\u2019\u00e9preuve a attir\u00e9 20\u00a0000 coureurs venus fouler le bitume dans le 7\u1d49 arrondissement. Organis\u00e9e par Sport Concept Organisation, la course proposait un trac\u00e9 jug\u00e9 \u00ab\u00a0hyper plat\u00a0\u00bb\u00a0et \u00ab\u00a0hyper roulant\u00a0\u00bb, id\u00e9al pour am\u00e9liorer son record personnel.<\/p>\n<p>Par rapport \u00e0 l\u2019an pass\u00e9, le d\u00e9part a \u00e9t\u00e9 d\u00e9plac\u00e9 du c\u00f4t\u00e9 de l\u2019Unesco, avenue de Suffren, selon les organisateurs.<\/p>\n<p>D\u00e9couvrir Paris autrement<\/p>\n<p>Parmi les favoris, le Marocain Soufiyan Bouqantar, vainqueur l\u2019an pass\u00e9 en 29\u203203\u2033, \u00e9tait bien plac\u00e9 pour d\u00e9crocher une nouvelle victoire.\u00a0Une dizaine d\u2019athl\u00e8tes ambitionnait un chrono sous les 29\u202fminutes.<\/p>\n<p>Chez les femmes, c\u2019est la victoire de M\u00e9lanie Allier en 32\u203259\u2033 l\u2019ann\u00e9e pr\u00e9c\u00e9dente qui faisait figure de r\u00e9f\u00e9rence, et la recherche d\u2019une successeure \u00e9tait attendue.<br \/>Outre son aspect comp\u00e9titif, cette course fait partie d\u2019un challenge plus large qui inclut \u00e9galement les 10\u00a0km des Champs\u2011\u00c9lys\u00e9es, du Panth\u00e9on et du Trocad\u00e9ro.<\/p>\n<p>L\u2019\u00e9v\u00e9nement a ainsi offert une nouvelle occasion aux coureurs parisiens et internationaux de d\u00e9couvrir la capitale autrement, au pied de l\u2019un de ses monuments les plus embl\u00e9matiques.<\/p>\n","protected":false},"excerpt":{"rendered":"Dimanche 7\u00a0d\u00e9cembre 2025, la 3\u1d49 \u00e9dition des 10\u00a0km de la Tour Eiffel a rassembl\u00e9 20\u00a0000 participants sur un&hellip;\n","protected":false},"author":2,"featured_media":662895,"comment_status":"","ping_status":"","sticky":false,"template":"","format":"standard","meta":{"footnotes":""},"categories":[1888],"tags":[11,69742,72290,1777,674,1011,27,12,626,69743,25,517],"class_list":{"0":"post-662894","1":"post","2":"type-post","3":"status-publish","4":"format-standard","5":"has-post-thumbnail","7":"category-paris","8":"tag-actualites","9":"tag-bdv","10":"tag-course-u00e0-pied-trail","11":"tag-eu","12":"tag-europe","13":"tag-fr","14":"tag-france","15":"tag-news","16":"tag-paris","17":"tag-parisidf","18":"tag-republique-francaise","19":"tag-sport"},"share_on_mastodon":{"url":"https:\/\/pubeurope.com\/@fr\/115893460195030691","error":""},"_links":{"self":[{"href":"https:\/\/www.europesays.com\/fr\/wp-json\/wp\/v2\/posts\/662894","targetHints":{"allow":["GET"]}}],"collection":[{"href":"https:\/\/www.europesays.com\/fr\/wp-json\/wp\/v2\/posts"}],"about":[{"href":"https:\/\/www.europesays.com\/fr\/wp-json\/wp\/v2\/types\/post"}],"author":[{"embeddable":true,"href":"https:\/\/www.europesays.com\/fr\/wp-json\/wp\/v2\/users\/2"}],"replies":[{"embeddable":true,"href":"https:\/\/www.europesays.com\/fr\/wp-json\/wp\/v2\/comments?post=662894"}],"version-history":[{"count":0,"href":"https:\/\/www.europesays.com\/fr\/wp-json\/wp\/v2\/posts\/662894\/revisions"}],"wp:featuredmedia":[{"embeddable":true,"href":"https:\/\/www.europesays.com\/fr\/wp-json\/wp\/v2\/media\/662895"}],"wp:attachment":[{"href":"https:\/\/www.europesays.com\/fr\/wp-json\/wp\/v2\/media?parent=662894"}],"wp:term":[{"taxonomy":"category","embeddable":true,"href":"https:\/\/www.europesays.com\/fr\/wp-json\/wp\/v2\/categories?post=662894"},{"taxonomy":"post_tag","embeddable":true,"href":"https:\/\/www.europesays.com\/fr\/wp-json\/wp\/v2\/tags?post=662894"}],"curies":[{"name":"wp","href":"https:\/\/api.w.org\/{rel}","templated":true}]}}