{"id":662900,"date":"2026-01-14T12:32:10","date_gmt":"2026-01-14T12:32:10","guid":{"rendered":"https:\/\/www.europesays.com\/fr\/662900\/"},"modified":"2026-01-14T12:32:10","modified_gmt":"2026-01-14T12:32:10","slug":"les-etats-unis-ont-un-besoin-vital-du-groenland-pour-leur-projet-de-bouclier-antimissiles-selon-trump","status":"publish","type":"post","link":"https:\/\/www.europesays.com\/fr\/662900\/","title":{"rendered":"Les \u00c9tats-Unis ont un besoin \u00ab\u00a0vital\u00a0\u00bb du Groenland pour leur projet de bouclier antimissiles, selon Trump"},"content":{"rendered":"<p>Pour le pr\u00e9sident am\u00e9ricain, \u00ab <a href=\"https:\/\/www.letelegramme.fr\/monde\/lappetit-de-trump-pour-le-groenland-pourrait-il-faire-imploser-lotan-6958366.php\" target=\"_blank\" rel=\"noopener\">l\u2019Otan devrait ouvrir la voie pour que nous l\u2019obtenions<\/a> \u00bb, a-t-il insist\u00e9, \u00e0 quelques heures d\u2019une r\u00e9union pr\u00e9vue \u00e0 Washington entre le vice-pr\u00e9sident JD Vance, le ministre des Affaires \u00e9trang\u00e8res Marco Rubio et les chefs de la diplomatie danoise et groenlandaise. \u00ab Si nous ne le faisons pas, la Russie ou la Chine le feront, et cela n\u2019arrivera pas ! \u00bb, a affirm\u00e9 le pr\u00e9sident Trump.<\/p>\n<blockquote><p>L\u2019Otan devient bien plus redoutable et efficace avec le Groenland entre les mains des \u00c9tats-Unis<\/p><\/blockquote>\n<p>\u00ab Tout autre sc\u00e9nario est inacceptable \u00bb<\/p>\n<p>\u00ab Militairement, sans la puissance consid\u00e9rable des \u00c9tats-Unis (\u2026), l\u2019Otan ne serait pas une force ou une dissuasion efficace, loin s\u2019en faut ! \u00bb, a argument\u00e9 Trump. <\/p>\n<p>\u00ab L\u2019Otan devient bien plus redoutable et efficace avec le Groenland entre les mains des \u00c9tats-Unis. Tout autre sc\u00e9nario est inacceptable \u00bb, a-t-il conclu. Depuis son retour au pouvoir, il y a pr\u00e8s d\u2019un an, le pr\u00e9sident am\u00e9ricain \u00e9voque r\u00e9guli\u00e8rement la possibilit\u00e9 de prendre le contr\u00f4le de cette immense \u00eele arctique, territoire autonome danois, strat\u00e9gique mais peu peupl\u00e9e.<\/p>\n","protected":false},"excerpt":{"rendered":"Pour le pr\u00e9sident am\u00e9ricain, \u00ab l\u2019Otan devrait ouvrir la voie pour que nous l\u2019obtenions \u00bb, a-t-il insist\u00e9, \u00e0&hellip;\n","protected":false},"author":2,"featured_media":662901,"comment_status":"","ping_status":"","sticky":false,"template":"","format":"standard","meta":{"footnotes":""},"categories":[1589],"tags":[11,73,1866,74,12,1864,1865,1863,308],"class_list":{"0":"post-662900","1":"post","2":"type-post","3":"status-publish","4":"format-standard","5":"has-post-thumbnail","7":"category-etats-unis","8":"tag-actualites","9":"tag-etats-unis","10":"tag-etats-unis-damerique","11":"tag-monde","12":"tag-news","13":"tag-united-states","14":"tag-united-states-of-america","15":"tag-us","16":"tag-usa"},"share_on_mastodon":{"url":"https:\/\/pubeurope.com\/@fr\/115893472329774471","error":""},"_links":{"self":[{"href":"https:\/\/www.europesays.com\/fr\/wp-json\/wp\/v2\/posts\/662900","targetHints":{"allow":["GET"]}}],"collection":[{"href":"https:\/\/www.europesays.com\/fr\/wp-json\/wp\/v2\/posts"}],"about":[{"href":"https:\/\/www.europesays.com\/fr\/wp-json\/wp\/v2\/types\/post"}],"author":[{"embeddable":true,"href":"https:\/\/www.europesays.com\/fr\/wp-json\/wp\/v2\/users\/2"}],"replies":[{"embeddable":true,"href":"https:\/\/www.europesays.com\/fr\/wp-json\/wp\/v2\/comments?post=662900"}],"version-history":[{"count":0,"href":"https:\/\/www.europesays.com\/fr\/wp-json\/wp\/v2\/posts\/662900\/revisions"}],"wp:featuredmedia":[{"embeddable":true,"href":"https:\/\/www.europesays.com\/fr\/wp-json\/wp\/v2\/media\/662901"}],"wp:attachment":[{"href":"https:\/\/www.europesays.com\/fr\/wp-json\/wp\/v2\/media?parent=662900"}],"wp:term":[{"taxonomy":"category","embeddable":true,"href":"https:\/\/www.europesays.com\/fr\/wp-json\/wp\/v2\/categories?post=662900"},{"taxonomy":"post_tag","embeddable":true,"href":"https:\/\/www.europesays.com\/fr\/wp-json\/wp\/v2\/tags?post=662900"}],"curies":[{"name":"wp","href":"https:\/\/api.w.org\/{rel}","templated":true}]}}