{"id":662904,"date":"2026-01-14T12:34:10","date_gmt":"2026-01-14T12:34:10","guid":{"rendered":"https:\/\/www.europesays.com\/fr\/662904\/"},"modified":"2026-01-14T12:34:10","modified_gmt":"2026-01-14T12:34:10","slug":"la-21e-edition-passera-par-la-france-et-lallemagne","status":"publish","type":"post","link":"https:\/\/www.europesays.com\/fr\/662904\/","title":{"rendered":"La 21e \u00e9dition passera par la France et l&rsquo;Allemagne"},"content":{"rendered":"\n<p>Le 21e Tour de Ski sera \u00e0 nouveau international. Apr\u00e8s deux \u00e9ditions disput\u00e9es enti\u00e8rement sur sol italien, la course \u00e0 \u00e9tapes d\u00e9butera dans la station fran\u00e7aise Les Rousses puis passera par l&rsquo;Allemagne, \u00e0 Oberstdorf.<\/p>\n<p>La F\u00e9d\u00e9ration internationale de ski a confirm\u00e9 cet itin\u00e9raire, o\u00f9 les \u00e9tapes finales auront lieu \u00e0 Val di Fiemme en Italie. La France figure pour la 1re fois au programme de cette course pour sa 21e \u00e9dition. C\u00f4t\u00e9 bavarois, la course s&rsquo;est arr\u00eat\u00e9e pour la derni\u00e8re fois \u00e0 Oberstdorf en 2023.<\/p>\n<p class=\"sources\">ats\/bao<\/p>\n<p>   Publi\u00e9  \u00e0 12:55   <\/p>\n","protected":false},"excerpt":{"rendered":"Le 21e Tour de Ski sera \u00e0 nouveau international. Apr\u00e8s deux \u00e9ditions disput\u00e9es enti\u00e8rement sur sol italien, la&hellip;\n","protected":false},"author":2,"featured_media":662905,"comment_status":"","ping_status":"","sticky":false,"template":"","format":"standard","meta":{"footnotes":""},"categories":[1587],"tags":[11,672,3062,1804,6466,207,1805,1803,1777,674,27,1801,12,76423,1802,4129,73868,517,3584,76424],"class_list":{"0":"post-662904","1":"post","2":"type-post","3":"status-publish","4":"format-standard","5":"has-post-thumbnail","7":"category-allemagne","8":"tag-actualites","9":"tag-allemagne","10":"tag-autres-sports","11":"tag-bundesrepublik-deutschland","12":"tag-course","13":"tag-cyclisme","14":"tag-de","15":"tag-deutschland","16":"tag-eu","17":"tag-europe","18":"tag-france","19":"tag-germany","20":"tag-news","21":"tag-oberstdorf","22":"tag-republique-federale-dallemagne","23":"tag-ski","24":"tag-ski-de-fond","25":"tag-sport","26":"tag-tour","27":"tag-tour-de-ski"},"share_on_mastodon":{"url":"https:\/\/pubeurope.com\/@fr\/115893479904551188","error":""},"_links":{"self":[{"href":"https:\/\/www.europesays.com\/fr\/wp-json\/wp\/v2\/posts\/662904","targetHints":{"allow":["GET"]}}],"collection":[{"href":"https:\/\/www.europesays.com\/fr\/wp-json\/wp\/v2\/posts"}],"about":[{"href":"https:\/\/www.europesays.com\/fr\/wp-json\/wp\/v2\/types\/post"}],"author":[{"embeddable":true,"href":"https:\/\/www.europesays.com\/fr\/wp-json\/wp\/v2\/users\/2"}],"replies":[{"embeddable":true,"href":"https:\/\/www.europesays.com\/fr\/wp-json\/wp\/v2\/comments?post=662904"}],"version-history":[{"count":0,"href":"https:\/\/www.europesays.com\/fr\/wp-json\/wp\/v2\/posts\/662904\/revisions"}],"wp:featuredmedia":[{"embeddable":true,"href":"https:\/\/www.europesays.com\/fr\/wp-json\/wp\/v2\/media\/662905"}],"wp:attachment":[{"href":"https:\/\/www.europesays.com\/fr\/wp-json\/wp\/v2\/media?parent=662904"}],"wp:term":[{"taxonomy":"category","embeddable":true,"href":"https:\/\/www.europesays.com\/fr\/wp-json\/wp\/v2\/categories?post=662904"},{"taxonomy":"post_tag","embeddable":true,"href":"https:\/\/www.europesays.com\/fr\/wp-json\/wp\/v2\/tags?post=662904"}],"curies":[{"name":"wp","href":"https:\/\/api.w.org\/{rel}","templated":true}]}}