{"id":662918,"date":"2026-01-14T12:42:09","date_gmt":"2026-01-14T12:42:09","guid":{"rendered":"https:\/\/www.europesays.com\/fr\/662918\/"},"modified":"2026-01-14T12:42:09","modified_gmt":"2026-01-14T12:42:09","slug":"officiel-junior-kpoku-est-arrive-a-toulon","status":"publish","type":"post","link":"https:\/\/www.europesays.com\/fr\/662918\/","title":{"rendered":"OFFICIEL : Junior Kpoku est arriv\u00e9 \u00e0 Toulon"},"content":{"rendered":"<p>L\u2019information a \u00e9t\u00e9 d\u00e9voil\u00e9e ce mardi et elle est officialis\u00e9e ce mercredi par le Rugby Club Toulonnais.<\/p>\n<p>Le jeune deuxi\u00e8me ligne Junior Kpoku rejoint le RCT avec effet imm\u00e9diat sous la forme d\u2019un pr\u00eat, jusqu\u2019\u00e0 la fin de la saison actuelle.<\/p>\n<p>Ce-dernier arrive en provenance du Racing 92.<\/p>\n<p><strong>Voici le communiqu\u00e9 du RCT :\u00a0<\/strong><\/p>\n<p>\u00ab\u00a0Le Rugby Club Toulonnais est heureux d\u2019annoncer l\u2019arriv\u00e9e avec effet imm\u00e9diat de Junior Kpoku, en provenance du Racing 92, sous la forme d\u2019un pr\u00eat jusqu\u2019\u00e0 la fin de la saison 2025-2026.<\/p>\n<p>\u00c2g\u00e9 de 20 ans, Junior Kpoku vient renforcer le pack toulonnais afin de pallier les absences actuelles en deuxi\u00e8me et troisi\u00e8me-lignes. Dot\u00e9 d\u2019un gabarit impressionnant (2,03 m pour 119 kg), ce jeune joueur \u00e0 fort potentiel, apportera toute sa puissance, son impact physique et son \u00e9nergie au collectif rouge et noir pour cette fin de saison.<\/p>\n<p>International Anglais U20, Junior Kpoku se distingue par sa polyvalence, ses qualit\u00e9s athl\u00e9tiques et son engagement dans le combat, faisant de lui un profil prometteur du rugby europ\u00e9en.<\/p>\n<p>Laurent Emmanuelli, Directeur Sportif du Rugby Club Toulonnais : \u00ab\u00a0L\u2019arriv\u00e9e de Junior Kpoku r\u00e9pond \u00e0 un besoin imm\u00e9diat de renfort dans notre pack. C\u2019est un jeune joueur avec un \u00e9norme potentiel, un profil puissant et athl\u00e9tique, capable d\u2019\u00e9voluer en deuxi\u00e8me comme en troisi\u00e8me-ligne. Ce pr\u00eat va lui permettre de continuer sa progression tout en nous apportant une solution pr\u00e9cieuse pour cette fin de saison.\u00a0\u00bb<\/p>\n<p>Le Rugby Club Toulonnais souhaite la bienvenue \u00e0 Junior Kpoku et lui adresse tous ses v\u0153ux de r\u00e9ussite sous les couleurs du RCT.\u00a0\u00bb<\/p>\n","protected":false},"excerpt":{"rendered":"L\u2019information a \u00e9t\u00e9 d\u00e9voil\u00e9e ce mardi et elle est officialis\u00e9e ce mercredi par le Rugby Club Toulonnais. Le&hellip;\n","protected":false},"author":2,"featured_media":661088,"comment_status":"","ping_status":"","sticky":false,"template":"","format":"standard","meta":{"footnotes":""},"categories":[1416],"tags":[1011,27,479,1468,60],"class_list":{"0":"post-662918","1":"post","2":"type-post","3":"status-publish","4":"format-standard","5":"has-post-thumbnail","7":"category-rugby","8":"tag-fr","9":"tag-france","10":"tag-rugby","11":"tag-rugby-football","12":"tag-sports"},"share_on_mastodon":{"url":"https:\/\/pubeurope.com\/@fr\/115893511457949819","error":""},"_links":{"self":[{"href":"https:\/\/www.europesays.com\/fr\/wp-json\/wp\/v2\/posts\/662918","targetHints":{"allow":["GET"]}}],"collection":[{"href":"https:\/\/www.europesays.com\/fr\/wp-json\/wp\/v2\/posts"}],"about":[{"href":"https:\/\/www.europesays.com\/fr\/wp-json\/wp\/v2\/types\/post"}],"author":[{"embeddable":true,"href":"https:\/\/www.europesays.com\/fr\/wp-json\/wp\/v2\/users\/2"}],"replies":[{"embeddable":true,"href":"https:\/\/www.europesays.com\/fr\/wp-json\/wp\/v2\/comments?post=662918"}],"version-history":[{"count":0,"href":"https:\/\/www.europesays.com\/fr\/wp-json\/wp\/v2\/posts\/662918\/revisions"}],"wp:featuredmedia":[{"embeddable":true,"href":"https:\/\/www.europesays.com\/fr\/wp-json\/wp\/v2\/media\/661088"}],"wp:attachment":[{"href":"https:\/\/www.europesays.com\/fr\/wp-json\/wp\/v2\/media?parent=662918"}],"wp:term":[{"taxonomy":"category","embeddable":true,"href":"https:\/\/www.europesays.com\/fr\/wp-json\/wp\/v2\/categories?post=662918"},{"taxonomy":"post_tag","embeddable":true,"href":"https:\/\/www.europesays.com\/fr\/wp-json\/wp\/v2\/tags?post=662918"}],"curies":[{"name":"wp","href":"https:\/\/api.w.org\/{rel}","templated":true}]}}