{"id":662919,"date":"2026-01-14T12:43:16","date_gmt":"2026-01-14T12:43:16","guid":{"rendered":"https:\/\/www.europesays.com\/fr\/662919\/"},"modified":"2026-01-14T12:43:16","modified_gmt":"2026-01-14T12:43:16","slug":"open-daustralie-un-joueur-elimine-des-qualifications-apres-avoir-celebre-sa-victoire-et-oublie-les-reglements","status":"publish","type":"post","link":"https:\/\/www.europesays.com\/fr\/662919\/","title":{"rendered":"Open d\u2019Australie\u00a0: un joueur \u00e9limin\u00e9 des qualifications apr\u00e8s avoir c\u00e9l\u00e9br\u00e9 sa victoire et\u2026 oubli\u00e9 les r\u00e8glements"},"content":{"rendered":"<p class=\"paragraph text_align_left lp-f-body-02\">De la joie \u00e0 la frustration\u00a0! L\u2019Autrichien Sebastian Ofner est pass\u00e9 par toute une palette d\u2019\u00e9motions, ce mercredi, lors deuxi\u00e8me tour de qualifications \u00e0 l\u2019<a href=\"https:\/\/www.leparisien.fr\/sports\/tennis\/open-daustralie-2026-le-beau-cadeau-dadieu-des-organisateurs-a-stan-wawrinka-09-01-2026-R4ILPKU5MFAX7KPPHCLB56OUB4.php\" target=\"_blank\" rel=\"noreferrer noopener\">Open d\u2019Australie 2026<\/a> de <a href=\"https:\/\/www.leparisien.fr\/sports\/tennis\/\" target=\"_blank\" rel=\"noreferrer noopener\">tennis<\/a>. Un match qui risque de le hanter encore pendant quelque temps.<\/p>\n<p class=\"\">Alors qu\u2019il menait largement les d\u00e9bats lors de jeu d\u00e9cisif de la troisi\u00e8me manche face \u00e0 l\u2019Am\u00e9ricain Nishesh Basavareddy, le 137e joueur mondial pensait avoir remport\u00e9 le match quand le tableau du court a affich\u00e9 le score de 7-1.<\/p>\n<p class=\"\">L\u2019Autrichien, apr\u00e8s avoir manifest\u00e9 sa joie en levant les bras et tapotant sa tempe du bout du doigt, s\u2019\u00e9tait dirig\u00e9 vers le filet quand l\u2019arbitre l\u2019a interpell\u00e9 et remis les pieds sur terre.<\/p>\n<p>La r\u00e8gle date de 2019<\/p>\n<p class=\"\">Tout \u00e0 sa joie, ou peu habitu\u00e9 des r\u00e8glements des tournois du Grand Chelem, il avait tout simplement oubli\u00e9 que les Super tie-breaks des quatre Majeurs de la saison se jouent en 10 points et non pas 7 comme lors des autres comp\u00e9titions sur le circuit. Une pratique lanc\u00e9e en Australie en 2019\u2026<\/p>\n<p class=\"\">La suite tourne au cauchemar pour l\u2019Autrichien qui a eu du mal \u00e0 retrouver sa concentration et son calme. Son adversaire, pourtant men\u00e9 un set \u00e0 rien puis dans les cordes dans la manche d\u00e9cisive (7-1), fini par sauver deux balles de match avant de s\u2019imposer d\u2019une belle vol\u00e9e sur la marque de 13-11 apr\u00e8s 2h31 de jeu et d\u2019un sc\u00e9nario cocasse et renversant.<\/p>\n","protected":false},"excerpt":{"rendered":"De la joie \u00e0 la frustration\u00a0! L\u2019Autrichien Sebastian Ofner est pass\u00e9 par toute une palette d\u2019\u00e9motions, ce mercredi,&hellip;\n","protected":false},"author":2,"featured_media":662920,"comment_status":"","ping_status":"","sticky":false,"template":"","format":"standard","meta":{"footnotes":""},"categories":[1415],"tags":[1011,27,60,1467],"class_list":{"0":"post-662919","1":"post","2":"type-post","3":"status-publish","4":"format-standard","5":"has-post-thumbnail","7":"category-tennis","8":"tag-fr","9":"tag-france","10":"tag-sports","11":"tag-tennis"},"share_on_mastodon":{"url":"https:\/\/pubeurope.com\/@fr\/115893515202386919","error":""},"_links":{"self":[{"href":"https:\/\/www.europesays.com\/fr\/wp-json\/wp\/v2\/posts\/662919","targetHints":{"allow":["GET"]}}],"collection":[{"href":"https:\/\/www.europesays.com\/fr\/wp-json\/wp\/v2\/posts"}],"about":[{"href":"https:\/\/www.europesays.com\/fr\/wp-json\/wp\/v2\/types\/post"}],"author":[{"embeddable":true,"href":"https:\/\/www.europesays.com\/fr\/wp-json\/wp\/v2\/users\/2"}],"replies":[{"embeddable":true,"href":"https:\/\/www.europesays.com\/fr\/wp-json\/wp\/v2\/comments?post=662919"}],"version-history":[{"count":0,"href":"https:\/\/www.europesays.com\/fr\/wp-json\/wp\/v2\/posts\/662919\/revisions"}],"wp:featuredmedia":[{"embeddable":true,"href":"https:\/\/www.europesays.com\/fr\/wp-json\/wp\/v2\/media\/662920"}],"wp:attachment":[{"href":"https:\/\/www.europesays.com\/fr\/wp-json\/wp\/v2\/media?parent=662919"}],"wp:term":[{"taxonomy":"category","embeddable":true,"href":"https:\/\/www.europesays.com\/fr\/wp-json\/wp\/v2\/categories?post=662919"},{"taxonomy":"post_tag","embeddable":true,"href":"https:\/\/www.europesays.com\/fr\/wp-json\/wp\/v2\/tags?post=662919"}],"curies":[{"name":"wp","href":"https:\/\/api.w.org\/{rel}","templated":true}]}}