{"id":662921,"date":"2026-01-14T12:47:10","date_gmt":"2026-01-14T12:47:10","guid":{"rendered":"https:\/\/www.europesays.com\/fr\/662921\/"},"modified":"2026-01-14T12:47:10","modified_gmt":"2026-01-14T12:47:10","slug":"camille-basset-pas-assez-puissante-pour-monter-sur-la-boite-actualite","status":"publish","type":"post","link":"https:\/\/www.europesays.com\/fr\/662921\/","title":{"rendered":"Camille Basset pas assez puissante pour monter sur la bo\u00eete &#8211; Actualit\u00e9"},"content":{"rendered":"<p>Camille Basset devra s\u2019en contenter. Dimanche matin, <strong><a style=\"color: #e67e23; text-decoration: underline;\" href=\"https:\/\/www.directvelo.com\/coureur\/52473\/camille-basset\" target=\"_blank\" rel=\"noopener\">la Bretonne a termin\u00e9 au pied du podium lors du Championnat de France Juniors de cyclo-cross<\/a><\/strong>, \u00e0 Troyes (Aube). \u201cJ\u2019ai essay\u00e9 de faire un bon d\u00e9part. Je savais que le premier d\u00e9vers allait \u00eatre technique et allait en partie d\u00e9cider du r\u00e9sultat de la course\u201d, relatait-elle \u00e0 chaud aupr\u00e8s de DirectVelo, pr\u00e9sent sur l\u2019\u00e9v\u00e9nement national. \u201cJ\u2019ai ensuite tent\u00e9 de suivre les meilleures, mais elles \u00e9taient plus puissantes que moi sur les parties roulantes\u201d.\u00a0<\/p>\n<p>L\u2019athl\u00e8te de 17 ans a voulu profiter de ses qualit\u00e9s techniques\u00a0\u201cpour compenser un peu\u201d et n\u2019a ainsi \u201crien l\u00e2ch\u00e9 au cas o\u00f9 l\u2019une des filles devant aurait fait une erreur\u201d. Mais elle n\u2019a jamais pu revenir sur les places synonymes de podium. \u201cJe suis quand m\u00eame contente de faire 4e. Quand je vois le sc\u00e9nario de la course\u2026 Laly (Pichon) m\u2019a l\u00e2ch\u00e9e sur une partie roulante avec sa puissance, explique <strong><a href=\"https:\/\/www.directvelo.com\/coureur\/52473\/camille-basset\" target=\"_blank\" rel=\"noopener\">Camille Basset<\/a><\/strong>. J\u2019ai limit\u00e9 la casse mais je ne pouvais pas la devancer. Globalement, le circuit me convenait quand m\u00eame bien\u201d.<\/p>\n","protected":false},"excerpt":{"rendered":"Camille Basset devra s\u2019en contenter. Dimanche matin, la Bretonne a termin\u00e9 au pied du podium lors du Championnat&hellip;\n","protected":false},"author":2,"featured_media":662922,"comment_status":"","ping_status":"","sticky":false,"template":"","format":"standard","meta":{"footnotes":""},"categories":[1411],"tags":[834,828,836,829,837,827,83,826,824,823,1154,207,814,817,815,816,822,821,832,211,839,1011,27,820,818,819,835,831,830,833,838,60,212,208,825],"class_list":{"0":"post-662921","1":"post","2":"type-post","3":"status-publish","4":"format-standard","5":"has-post-thumbnail","7":"category-cyclisme","8":"tag-attaque","9":"tag-belgique","10":"tag-braquet","11":"tag-bretagne","12":"tag-chute","13":"tag-competition","14":"tag-coupe-de-france","15":"tag-coureur","16":"tag-course-cyclisme","17":"tag-course-cycliste","18":"tag-cycling","19":"tag-cyclisme","20":"tag-direct","21":"tag-direct-velo","22":"tag-directvelo","23":"tag-directvelo-com","24":"tag-epreuve","25":"tag-epreuve-cycliste","26":"tag-federation-francaise-de-cyclisme","27":"tag-ffc","28":"tag-flandres","29":"tag-fr","30":"tag-france","31":"tag-live","32":"tag-live-course","33":"tag-live-epreuve","34":"tag-peloton","35":"tag-radio-peloton","36":"tag-radio-tour","37":"tag-ravitaillement","38":"tag-relance","39":"tag-sports","40":"tag-uci","41":"tag-velo","42":"tag-velos"},"share_on_mastodon":{"url":"https:\/\/pubeurope.com\/@fr\/115893531170790268","error":""},"_links":{"self":[{"href":"https:\/\/www.europesays.com\/fr\/wp-json\/wp\/v2\/posts\/662921","targetHints":{"allow":["GET"]}}],"collection":[{"href":"https:\/\/www.europesays.com\/fr\/wp-json\/wp\/v2\/posts"}],"about":[{"href":"https:\/\/www.europesays.com\/fr\/wp-json\/wp\/v2\/types\/post"}],"author":[{"embeddable":true,"href":"https:\/\/www.europesays.com\/fr\/wp-json\/wp\/v2\/users\/2"}],"replies":[{"embeddable":true,"href":"https:\/\/www.europesays.com\/fr\/wp-json\/wp\/v2\/comments?post=662921"}],"version-history":[{"count":0,"href":"https:\/\/www.europesays.com\/fr\/wp-json\/wp\/v2\/posts\/662921\/revisions"}],"wp:featuredmedia":[{"embeddable":true,"href":"https:\/\/www.europesays.com\/fr\/wp-json\/wp\/v2\/media\/662922"}],"wp:attachment":[{"href":"https:\/\/www.europesays.com\/fr\/wp-json\/wp\/v2\/media?parent=662921"}],"wp:term":[{"taxonomy":"category","embeddable":true,"href":"https:\/\/www.europesays.com\/fr\/wp-json\/wp\/v2\/categories?post=662921"},{"taxonomy":"post_tag","embeddable":true,"href":"https:\/\/www.europesays.com\/fr\/wp-json\/wp\/v2\/tags?post=662921"}],"curies":[{"name":"wp","href":"https:\/\/api.w.org\/{rel}","templated":true}]}}