{"id":662923,"date":"2026-01-14T12:48:11","date_gmt":"2026-01-14T12:48:11","guid":{"rendered":"https:\/\/www.europesays.com\/fr\/662923\/"},"modified":"2026-01-14T12:48:11","modified_gmt":"2026-01-14T12:48:11","slug":"lom-vise-un-monstrueux-defenseur-de-ligue-1-a-zero-euro","status":"publish","type":"post","link":"https:\/\/www.europesays.com\/fr\/662923\/","title":{"rendered":"L\u2019OM vise un monstrueux d\u00e9fenseur de Ligue 1 \u00e0 z\u00e9ro euro"},"content":{"rendered":"<p><b>Tr\u00e8s actif pour renforcer sa d\u00e9fense l\u2019\u00e9t\u00e9 dernier, l\u2019OM pourrait de nouveau ouvrir ce chantier dans quelques mois. Avec le possible d\u00e9part de Leonardo Balerdi, le club phoc\u00e9en va devoir recruter du lourd.<\/b><\/p>\n<p>Il y a six mois, l\u2019Olympique de Marseille a fait du chantier de sa d\u00e9fense centrale une priorit\u00e9 sur le march\u00e9 des transferts. Medhi Benatia a joint la parole aux actes en recrutant Benjamin Pavard, Nayef Aguerd, Facundo Medina et CJ Egan-Riley. Tous n\u2019apportent pas satisfaction au m\u00eame degr\u00e9 mais globalement, la d\u00e9fense de l\u2019OM est plus comp\u00e9titive que la saison derni\u00e8re. Le prochain <a href=\"https:\/\/www.foot01.com\/mercato\" title=\"Mercato\" target=\"_blank\" rel=\"noopener\">mercato<\/a> pourrait n\u00e9anmoins rebattre les cartes.Pavard n\u2019est que pr\u00eat\u00e9 et n\u2019est pas certain de rester tandis que Balerdi, tr\u00e8s courtis\u00e9 l\u2019an dernier, pourrait cette fois partir en cas de grosse offre. Il va donc falloir recruter du lourd \u00e0 Marseille et selon les informations relay\u00e9es par But, le profil de Malang Sarr pla\u00eet \u00e9norm\u00e9ment \u00e0 l\u2019\u00e9tat-major olympien. Il faut dire que l\u2019ancien d\u00e9fenseur de Chelsea et de l\u2019AS Monaco r\u00e9alise une saison monstrueuse avec le RC <a href=\"https:\/\/www.foot01.com\/lens\" title=\"Lens\" target=\"_blank\" rel=\"noopener\">Lens<\/a> pour l\u2019instant.L&rsquo;OM int\u00e9ress\u00e9 par Malang Sarr ?Sarr pr\u00e9sente aussi et surtout l\u2019avantage d\u2019\u00eatre en fin de contrat et donc d&rsquo;\u00eatre accessible pour z\u00e9ro euros en juin prochain dans le cas o\u00f9 il refuserait de prolonger avec les Sang et Or. Les discussions pour une \u00e9ventuelle prolongation \u00e0 <a href=\"https:\/\/www.foot01.com\/lens\" title=\"Lens\" target=\"_blank\" rel=\"noopener\">Lens<\/a> n\u2019ont pas abouti \u00e0 un accord pour le moment et l\u2019OM souhaiterait en profiter pour rafler la mise avec la signature du solide gaucher de 26 ans. En recrutant Malang Sarr gratuitement \u00e0 un concurrent direct en <a href=\"https:\/\/www.foot01.com\/ligue1\" title=\"Ligue 1\" target=\"_blank\" rel=\"noopener\">Ligue 1<\/a>, l\u2019Olympique de Marseille r\u00e9aliserait assur\u00e9ment un joli coup pour ouvrir son <a href=\"https:\/\/www.foot01.com\/mercato\" title=\"Mercato\" target=\"_blank\" rel=\"noopener\">mercato<\/a> estival.<\/p>\n<p>Reste maintenant \u00e0 voir si cette piste se concr\u00e9tisera alors que dans le championnat de France, Medhi Benatia suit aussi de pr\u00e8s le dossier Charlie Cresswell. N\u00e9anmoins, le d\u00e9fenseur anglais de 23 ans, qui brille \u00e0 Toulouse depuis plusieurs mois, sera beaucoup plus cher \u00e0 recruter. Sa valeur est estim\u00e9e \u00e0 25 millions d\u2019euros et plusieurs clubs de Premier League sont int\u00e9ress\u00e9s. Une raison de plus de faire de Malang Sarr son choix num\u00e9ro un pour le board olympien l\u2019\u00e9t\u00e9 prochain.<\/p>\n","protected":false},"excerpt":{"rendered":"Tr\u00e8s actif pour renforcer sa d\u00e9fense l\u2019\u00e9t\u00e9 dernier, l\u2019OM pourrait de nouveau ouvrir ce chantier dans quelques mois.&hellip;\n","protected":false},"author":2,"featured_media":662924,"comment_status":"","ping_status":"","sticky":false,"template":"","format":"standard","meta":{"footnotes":""},"categories":[1410],"tags":[63,1011,27,4253,66,1434,149,60],"class_list":{"0":"post-662923","1":"post","2":"type-post","3":"status-publish","4":"format-standard","5":"has-post-thumbnail","7":"category-football","8":"tag-football","9":"tag-fr","10":"tag-france","11":"tag-lens","12":"tag-ligue-1","13":"tag-mercato","14":"tag-om","15":"tag-sports"},"share_on_mastodon":{"url":"https:\/\/pubeurope.com\/@fr\/115893534976946343","error":""},"_links":{"self":[{"href":"https:\/\/www.europesays.com\/fr\/wp-json\/wp\/v2\/posts\/662923","targetHints":{"allow":["GET"]}}],"collection":[{"href":"https:\/\/www.europesays.com\/fr\/wp-json\/wp\/v2\/posts"}],"about":[{"href":"https:\/\/www.europesays.com\/fr\/wp-json\/wp\/v2\/types\/post"}],"author":[{"embeddable":true,"href":"https:\/\/www.europesays.com\/fr\/wp-json\/wp\/v2\/users\/2"}],"replies":[{"embeddable":true,"href":"https:\/\/www.europesays.com\/fr\/wp-json\/wp\/v2\/comments?post=662923"}],"version-history":[{"count":0,"href":"https:\/\/www.europesays.com\/fr\/wp-json\/wp\/v2\/posts\/662923\/revisions"}],"wp:featuredmedia":[{"embeddable":true,"href":"https:\/\/www.europesays.com\/fr\/wp-json\/wp\/v2\/media\/662924"}],"wp:attachment":[{"href":"https:\/\/www.europesays.com\/fr\/wp-json\/wp\/v2\/media?parent=662923"}],"wp:term":[{"taxonomy":"category","embeddable":true,"href":"https:\/\/www.europesays.com\/fr\/wp-json\/wp\/v2\/categories?post=662923"},{"taxonomy":"post_tag","embeddable":true,"href":"https:\/\/www.europesays.com\/fr\/wp-json\/wp\/v2\/tags?post=662923"}],"curies":[{"name":"wp","href":"https:\/\/api.w.org\/{rel}","templated":true}]}}