{"id":662927,"date":"2026-01-14T12:50:18","date_gmt":"2026-01-14T12:50:18","guid":{"rendered":"https:\/\/www.europesays.com\/fr\/662927\/"},"modified":"2026-01-14T12:50:18","modified_gmt":"2026-01-14T12:50:18","slug":"deux-sevres-une-galerie-dart-sest-installee-dans-une-ancienne-laiterie","status":"publish","type":"post","link":"https:\/\/www.europesays.com\/fr\/662927\/","title":{"rendered":"Deux-S\u00e8vres\u00a0: une galerie d\u2019art s&rsquo;est install\u00e9e dans une ancienne laiterie"},"content":{"rendered":"<p>La laiterie de Massais\u00a0: une galerie d\u2019art dans une ancienne laiterie<\/p>\n<p class=\"PopSlotParagraph qg-tx2 qg-xtra-lh svelte-1r0pyek\">On y fabriquait du beurre, on y expose d\u00e9sormais des\u00a0\u0153uvres\u00a0d&rsquo;art\u00a0! Install\u00e9e dans l&rsquo;ancienne laiterie de Massais, \u00e0 <strong>Val-en-Vignes<\/strong> (Deux-S\u00e8vres), la galerie\u00a0<a href=\"https:\/\/www.lacorbatarosa.com\/\" target=\"_blank\" rel=\"noopener noreferrer\" class=\"\" data-testid=\"link\">La\u00a0Corbata\u00a0Rosa<\/a>, sp\u00e9cialis\u00e9e dans l&rsquo;art actuel, expose pr\u00e8s de 500 \u0153uvres, dont celles d&rsquo;artistes de la r\u00e9gion. Au-del\u00e0 de cette vocation artistique, l&rsquo;ancienne laiterie pourrait bient\u00f4t renouer avec son pass\u00e9, ses nouveaux propri\u00e9taires ayant pour projet de relancer la production de beurre.<\/p>\n<p class=\"PopSlotParagraph qg-tx2 qg-xtra-lh svelte-1r0pyek\"><strong>Fran\u00e7ois-Victor Brunet<\/strong>, co-propri\u00e9taire de\u00a0<a href=\"https:\/\/laiteriemassais.fr\/\" target=\"_blank\" rel=\"noopener noreferrer\" class=\"\" data-testid=\"link\">La Laiterie de Massais<\/a>, est notre invit\u00e9.<\/p>\n<p> Le Nombril du Monde\u00a0: \u00e9crin de la po\u00e9sie et du conte<\/p>\n<p class=\"PopSlotParagraph qg-tx2 qg-xtra-lh svelte-1r0pyek\">Le nombril du Monde est dans le Poitou\u00a0! Pour les r\u00e9sidents de\u00a0<strong>Pougne-H\u00e9risson,<\/strong> village de 300 habitants dans les Deux-S\u00e8vre, cela ne fait aucun doute\u00a0:\u00a0<a href=\"https:\/\/www.nombril.com\/\" target=\"_blank\" rel=\"noopener noreferrer\" class=\"\" data-testid=\"link\">Le Nombril du Monde<\/a> est un jardin public ouvert \u00e0 tous o\u00f9 l&rsquo;on raconte des histoires. L&rsquo;association propose \u00e9galement des spectacles, accueille des scolaires et des artistes en r\u00e9sidence. Depuis 1990, elle organise un\u00a0<a href=\"https:\/\/www.nombril.com\/le-festival\" target=\"_blank\" rel=\"noopener noreferrer\" class=\"\" data-testid=\"link\">festival tous les deux ans<\/a> o\u00f9 se m\u00ealent th\u00e9\u00e2tre de rue et chansons. En 2026, le festival sera consacr\u00e9 aux fake news.<\/p>\n<p class=\"PopSlotParagraph qg-tx2 qg-xtra-lh svelte-1r0pyek\"><strong>Yannick Jaulin<\/strong>, conteur et cr\u00e9ateur du\u00a0Nombril du Monde, est \u00e0 notre micro.<\/p>\n<p class=\"PopSlotParagraph qg-tx2 qg-xtra-lh svelte-1r0pyek\">\u25ba Pour r\u00e9server vos places pour le Festival \u00ab\u00a0Fake National\u00a0\u00bb des\u00a013, 14 et 15 ao\u00fbt 2026 c&rsquo;est\u00a0<a href=\"https:\/\/billetterie.festik.net\/lenombrildumonde\/\" target=\"_blank\" rel=\"noopener noreferrer\" class=\"\" data-testid=\"link\">ici<\/a>.<\/p>\n<p class=\"PopSlotParagraph qg-tx2 qg-xtra-lh svelte-1r0pyek\">\u25ba\u25ba Faites-nous parvenir vos\u202fbonnes id\u00e9es et initiatives locales\u202fen nous\u00a0<a href=\"https:\/\/www.radiofrance.fr\/franceinter\/contact\/formulaire?concept=a6e973b0-eb93-11e1-a7b7-782bcb76618d\" class=\"\" data-testid=\"link\" target=\"_blank\" rel=\"noopener\">\u00e9crivant ici<\/a>\u00a0!<\/p>\n","protected":false},"excerpt":{"rendered":"La laiterie de Massais\u00a0: une galerie d\u2019art dans une ancienne laiterie On y fabriquait du beurre, on y&hellip;\n","protected":false},"author":2,"featured_media":662928,"comment_status":"","ping_status":"","sticky":false,"template":"","format":"standard","meta":{"footnotes":""},"categories":[1358],"tags":[1348,1384,1385,1386,58,59,1011,27],"class_list":{"0":"post-662927","1":"post","2":"type-post","3":"status-publish","4":"format-standard","5":"has-post-thumbnail","7":"category-arts-et-design","8":"tag-arts","9":"tag-arts-and-design","10":"tag-arts-et-design","11":"tag-design","12":"tag-divertissement","13":"tag-entertainment","14":"tag-fr","15":"tag-france"},"share_on_mastodon":{"url":"https:\/\/pubeurope.com\/@fr\/115893542778348788","error":""},"_links":{"self":[{"href":"https:\/\/www.europesays.com\/fr\/wp-json\/wp\/v2\/posts\/662927","targetHints":{"allow":["GET"]}}],"collection":[{"href":"https:\/\/www.europesays.com\/fr\/wp-json\/wp\/v2\/posts"}],"about":[{"href":"https:\/\/www.europesays.com\/fr\/wp-json\/wp\/v2\/types\/post"}],"author":[{"embeddable":true,"href":"https:\/\/www.europesays.com\/fr\/wp-json\/wp\/v2\/users\/2"}],"replies":[{"embeddable":true,"href":"https:\/\/www.europesays.com\/fr\/wp-json\/wp\/v2\/comments?post=662927"}],"version-history":[{"count":0,"href":"https:\/\/www.europesays.com\/fr\/wp-json\/wp\/v2\/posts\/662927\/revisions"}],"wp:featuredmedia":[{"embeddable":true,"href":"https:\/\/www.europesays.com\/fr\/wp-json\/wp\/v2\/media\/662928"}],"wp:attachment":[{"href":"https:\/\/www.europesays.com\/fr\/wp-json\/wp\/v2\/media?parent=662927"}],"wp:term":[{"taxonomy":"category","embeddable":true,"href":"https:\/\/www.europesays.com\/fr\/wp-json\/wp\/v2\/categories?post=662927"},{"taxonomy":"post_tag","embeddable":true,"href":"https:\/\/www.europesays.com\/fr\/wp-json\/wp\/v2\/tags?post=662927"}],"curies":[{"name":"wp","href":"https:\/\/api.w.org\/{rel}","templated":true}]}}