{"id":662929,"date":"2026-01-14T12:52:10","date_gmt":"2026-01-14T12:52:10","guid":{"rendered":"https:\/\/www.europesays.com\/fr\/662929\/"},"modified":"2026-01-14T12:52:10","modified_gmt":"2026-01-14T12:52:10","slug":"date-et-heure-de-sortie-episode-6","status":"publish","type":"post","link":"https:\/\/www.europesays.com\/fr\/662929\/","title":{"rendered":"date et heure de sortie \u00e9pisode 6"},"content":{"rendered":"<p data-start=\"361\" data-end=\"666\">La saison 2 de Fallout poursuit<br \/>\nsa diffusion sur Prime Video \u00e0 un rythme hebdomadaire qui tient les<br \/>\nspectateurs en haleine. Apr\u00e8s un \u00e9pisode 5 dense en r\u00e9v\u00e9lations et<br \/>\nen tensions \u00e0 New Vegas, une question s\u2019impose : quand sortira le<br \/>\nprochain \u00e9pisode et que pourrait-il r\u00e9v\u00e9ler sur la suite de<br \/>\nl\u2019intrigue ?<\/p>\n<p>R\u00e9sum\u00e9 de l\u2019\u00e9pisode pr\u00e9c\u00e9dent<\/p>\n<p>Dans l\u2019\u00e9pisode\u202f5 de Fallout saison\u202f2, intitul\u00e9 The<br \/>\nWrangler, l\u2019histoire s\u2019est intensifi\u00e9e \u00e0 New\u202fVegas. <a href=\"https:\/\/www.melty.fr\/series\/fallout-saison-2-fin-de-lepisode-5-expliquee-2289009.html\" target=\"_blank\" rel=\"noopener\"><br \/>\nLucy et le Ghoul ont affront\u00e9 plusieurs Griffemorts avant de<br \/>\np\u00e9n\u00e9trer dans la ville<\/a>, tandis que Cooper et Robert House ont<br \/>\neu une conversation d\u00e9terminante sur le futur et les enjeux de la<br \/>\nfusion froide. L\u2019\u00e9pisode a \u00e9galement r\u00e9v\u00e9l\u00e9 des trahisons et des<br \/>\nd\u00e9cisions lourdes de cons\u00e9quences, avec des moments cl\u00e9s pour<br \/>\nplusieurs personnages principaux.<\/p>\n<p>Date de sortie du prochain \u00e9pisode<\/p>\n<p>Les \u00e9pisodes de Fallout saison\u202f2 sont diffus\u00e9s chaque<br \/>\nmercredi sur Prime\u202fVideo, selon un calendrier hebdomadaire. D\u2019apr\u00e8s<br \/>\nles informations officielles, <strong>l\u2019\u00e9pisode\u202f6 sera disponible<br \/>\nle mercredi 21 janvier 2026<\/strong> d\u00e8s 9\u202fh du matin (heure<br \/>\nfran\u00e7aise). Cette sortie intervient exactement une semaine apr\u00e8s la<br \/>\ndiffusion de l\u2019\u00e9pisode\u202f5, permettant aux fans de continuer<br \/>\nl\u2019aventure sans trop attendre. <a href=\"https:\/\/www.melty.fr\/series\/fallout-saison-2-calendrier-de-diffusion-des-episodes-2283580.html\" target=\"_blank\" rel=\"noopener\"><br \/>\nLa saison 2 comptera au total huit \u00e9pisodes<\/a>, avec la suite<br \/>\nprogramm\u00e9e chaque mercredi jusqu\u2019au <strong>4 f\u00e9vrier<br \/>\n2026<\/strong>.<\/p>\n<p>Ce que pourrait raconter cet \u00e9pisode \u00e0<br \/>\nvenir<\/p>\n<p>L\u2019\u00e9pisode\u202f6, pr\u00e9vu pour le 21 janvier 2026, s\u2019annonce essentiel<br \/>\ndans le d\u00e9veloppement de l\u2019intrigue. Apr\u00e8s les r\u00e9v\u00e9lations autour<br \/>\nde Robert House, la technologie de la fusion froide et les tensions<br \/>\ncroissantes entre factions, plusieurs axes narratifs pourraient<br \/>\n\u00eatre explor\u00e9s :<\/p>\n<ul>\n<li>La confrontation entre Cooper et les forces de Vault\u2011Tec, \u00e0 la<br \/>\nsuite des r\u00e9v\u00e9lations sur leurs projets secrets.<\/li>\n<li>Le chemin de Lucy apr\u00e8s sa trahison par le Ghoul, alors qu\u2019elle<br \/>\ncherche \u00e0 reprendre le contr\u00f4le de son destin.<\/li>\n<li>La d\u00e9couverte du virus F.E.V. dans les anciens bureaux de<br \/>\nVault-Tec et ses implications inqui\u00e9tantes.<\/li>\n<li>La mont\u00e9e en puissance de nouveaux dangers \u00e0 New Vegas, entre<br \/>\nGriffemorts et acteurs encore inconnus.<\/li>\n<\/ul>\n<p>Ce nouvel \u00e9pisode pourrait marquer un tournant pour tous les<br \/>\npersonnages, avec des enjeux de plus en plus lourds \u00e0 mesure que la<br \/>\nfin de la saison approche.<\/p>\n","protected":false},"excerpt":{"rendered":"La saison 2 de Fallout poursuit sa diffusion sur Prime Video \u00e0 un rythme hebdomadaire qui tient les&hellip;\n","protected":false},"author":2,"featured_media":662930,"comment_status":"","ping_status":"","sticky":false,"template":"","format":"standard","meta":{"footnotes":""},"categories":[1356],"tags":[518,58,59,1011,27,252,1364],"class_list":{"0":"post-662929","1":"post","2":"type-post","3":"status-publish","4":"format-standard","5":"has-post-thumbnail","7":"category-television","8":"tag-amazon-prime-video","9":"tag-divertissement","10":"tag-entertainment","11":"tag-fr","12":"tag-france","13":"tag-television","14":"tag-tv"},"share_on_mastodon":{"url":"https:\/\/pubeurope.com\/@fr\/115893550818782491","error":""},"_links":{"self":[{"href":"https:\/\/www.europesays.com\/fr\/wp-json\/wp\/v2\/posts\/662929","targetHints":{"allow":["GET"]}}],"collection":[{"href":"https:\/\/www.europesays.com\/fr\/wp-json\/wp\/v2\/posts"}],"about":[{"href":"https:\/\/www.europesays.com\/fr\/wp-json\/wp\/v2\/types\/post"}],"author":[{"embeddable":true,"href":"https:\/\/www.europesays.com\/fr\/wp-json\/wp\/v2\/users\/2"}],"replies":[{"embeddable":true,"href":"https:\/\/www.europesays.com\/fr\/wp-json\/wp\/v2\/comments?post=662929"}],"version-history":[{"count":0,"href":"https:\/\/www.europesays.com\/fr\/wp-json\/wp\/v2\/posts\/662929\/revisions"}],"wp:featuredmedia":[{"embeddable":true,"href":"https:\/\/www.europesays.com\/fr\/wp-json\/wp\/v2\/media\/662930"}],"wp:attachment":[{"href":"https:\/\/www.europesays.com\/fr\/wp-json\/wp\/v2\/media?parent=662929"}],"wp:term":[{"taxonomy":"category","embeddable":true,"href":"https:\/\/www.europesays.com\/fr\/wp-json\/wp\/v2\/categories?post=662929"},{"taxonomy":"post_tag","embeddable":true,"href":"https:\/\/www.europesays.com\/fr\/wp-json\/wp\/v2\/tags?post=662929"}],"curies":[{"name":"wp","href":"https:\/\/api.w.org\/{rel}","templated":true}]}}