{"id":662955,"date":"2026-01-14T13:05:24","date_gmt":"2026-01-14T13:05:24","guid":{"rendered":"https:\/\/www.europesays.com\/fr\/662955\/"},"modified":"2026-01-14T13:05:24","modified_gmt":"2026-01-14T13:05:24","slug":"photos-le-commandant-thomas-loison-prend-officiellement-la-tete-du-centre-dincendie-et-de-secours-nancy-vandoeuvre","status":"publish","type":"post","link":"https:\/\/www.europesays.com\/fr\/662955\/","title":{"rendered":"Photos. Le commandant Thomas Loison prend officiellement la t\u00eate du centre d\u2019incendie et de secours Nancy\u2011Vandoeuvre"},"content":{"rendered":"<p>Passation de commandement au CIS (centre d\u2019incendie et de secours) Nancy\u2011Vandoeuvre : le commandant Geoffrey Baulin, qui quitte ses fonctions apr\u00e8s plusieurs ann\u00e9es d\u2019engagement, transmet officiellement les r\u00eanes de l\u2019unit\u00e9 au commandant Thomas Loison, appel\u00e9 \u00e0 en assurer d\u00e9sormais la direction et la continuit\u00e9 op\u00e9rationnelle.\u00a0Revivez\u00a0en images les temps forts de cette c\u00e9r\u00e9monie.<\/p>\n","protected":false},"excerpt":{"rendered":"Passation de commandement au CIS (centre d\u2019incendie et de secours) Nancy\u2011Vandoeuvre : le commandant Geoffrey Baulin, qui quitte&hellip;\n","protected":false},"author":2,"featured_media":662956,"comment_status":"","ping_status":"","sticky":false,"template":"","format":"standard","meta":{"footnotes":""},"categories":[9635],"tags":[1111,47,11,3206,1704,1777,674,107,1011,27,2798,775,3457,1702,12,3456,25,273,104,5711],"class_list":{"0":"post-662955","1":"post","2":"type-post","3":"status-publish","4":"format-standard","5":"has-post-thumbnail","7":"category-nancy","8":"tag-actu","9":"tag-actualite","10":"tag-actualites","11":"tag-defense-guerre-conflit","12":"tag-edition-nancy-et-agglomeration","13":"tag-eu","14":"tag-europe","15":"tag-fil-info","16":"tag-fr","17":"tag-france","18":"tag-galerie-photo","19":"tag-grand-est","20":"tag-meurthe-et-moselle","21":"tag-nancy","22":"tag-news","23":"tag-region-lorraine","24":"tag-republique-francaise","25":"tag-selection-de-la-redaction","26":"tag-societe","27":"tag-vandoeuvre-les-nancy"},"share_on_mastodon":{"url":"https:\/\/pubeurope.com\/@fr\/115893601864280275","error":""},"_links":{"self":[{"href":"https:\/\/www.europesays.com\/fr\/wp-json\/wp\/v2\/posts\/662955","targetHints":{"allow":["GET"]}}],"collection":[{"href":"https:\/\/www.europesays.com\/fr\/wp-json\/wp\/v2\/posts"}],"about":[{"href":"https:\/\/www.europesays.com\/fr\/wp-json\/wp\/v2\/types\/post"}],"author":[{"embeddable":true,"href":"https:\/\/www.europesays.com\/fr\/wp-json\/wp\/v2\/users\/2"}],"replies":[{"embeddable":true,"href":"https:\/\/www.europesays.com\/fr\/wp-json\/wp\/v2\/comments?post=662955"}],"version-history":[{"count":0,"href":"https:\/\/www.europesays.com\/fr\/wp-json\/wp\/v2\/posts\/662955\/revisions"}],"wp:featuredmedia":[{"embeddable":true,"href":"https:\/\/www.europesays.com\/fr\/wp-json\/wp\/v2\/media\/662956"}],"wp:attachment":[{"href":"https:\/\/www.europesays.com\/fr\/wp-json\/wp\/v2\/media?parent=662955"}],"wp:term":[{"taxonomy":"category","embeddable":true,"href":"https:\/\/www.europesays.com\/fr\/wp-json\/wp\/v2\/categories?post=662955"},{"taxonomy":"post_tag","embeddable":true,"href":"https:\/\/www.europesays.com\/fr\/wp-json\/wp\/v2\/tags?post=662955"}],"curies":[{"name":"wp","href":"https:\/\/api.w.org\/{rel}","templated":true}]}}