{"id":662957,"date":"2026-01-14T13:06:14","date_gmt":"2026-01-14T13:06:14","guid":{"rendered":"https:\/\/www.europesays.com\/fr\/662957\/"},"modified":"2026-01-14T13:06:14","modified_gmt":"2026-01-14T13:06:14","slug":"ars-grand-est-un-pacte-strategique-scelle-a-nancy","status":"publish","type":"post","link":"https:\/\/www.europesays.com\/fr\/662957\/","title":{"rendered":"ARS Grand Est : un pacte strat\u00e9gique scell\u00e9 \u00e0 Nancy"},"content":{"rendered":"<p>Un accord strat\u00e9gique pour l&rsquo;offre de soins dans le Grand Est a \u00e9t\u00e9 conclu \u00e0 Nancy. Christelle Ratignier-Carbonneil, directrice g\u00e9n\u00e9rale de l\u2019ARS Grand Est, et Mathieu Rocher, pr\u00e9sident de la Conf\u00e9rence r\u00e9gionale des directeurs de centres hospitaliers, y ont officiellement sign\u00e9 le Contrat Pluriannuel d\u2019Objectifs et de Moyens (CPOM). Cet accord, paraph\u00e9 en pr\u00e9sence de la direction de l&rsquo;offre sanitaire, vise \u00e0 garantir une politique hospitali\u00e8re plus \u00e9quitable et parfaitement ancr\u00e9e dans les r\u00e9alit\u00e9s locales du territoire.<\/p>\n<p>Concr\u00e8tement, ce contrat cr\u00e9e un espace d\u2019\u00e9changes durable destin\u00e9 \u00e0 renforcer la coop\u00e9ration entre l\u2019ARS et les h\u00f4pitaux publics, garantissant ainsi une meilleure coordination territoriale et un acc\u00e8s aux soins optimis\u00e9 pour les patients.<\/p>\n<p>Cinq priorit\u00e9s pour transformer l&rsquo;offre de soins<\/p>\n<p>Ce programme de travail pluriannuel, ancr\u00e9 dans le Sch\u00e9ma r\u00e9gional de sant\u00e9 2023-2028, s&rsquo;articule autour de cinq axes strat\u00e9giques. L&rsquo;ambition est d&rsquo;\u00e9tablir des analyses convergentes sur l&rsquo;organisation des soins, l&rsquo;attractivit\u00e9 des m\u00e9tiers et la situation financi\u00e8re des \u00e9tablissements, tout en portant une vision commune aupr\u00e8s des territoires. En formulant des r\u00e9ponses concr\u00e8tes aux besoins de proximit\u00e9, le CPOM soutient les directeurs dans leurs missions quotidiennes. Pour les signataires, ce dialogue continu est essentiel pour accompagner la transformation du service public, optimiser l\u2019allocation des ressources et soutenir les professionnels de sant\u00e9 dans leur mission au service des habitants du Grand Est.<\/p>\n<p>\u00abCe cadre partag\u00e9 nous permettra de renforcer un dialogue r\u00e9gulier, exigeant et constructif, fond\u00e9 sur la confiance et le respect des responsabilit\u00e9s de chacun. Nous affirmons une ambition commune : soutenir l\u2019attractivit\u00e9 des m\u00e9tiers, am\u00e9liorer la coordination territoriale de l\u2019offre de soins et accompagner la transformation du service public hospitalier\u00bb, pr\u00e9cise Christelle Ratignier-Carbonneil, directrice g\u00e9n\u00e9rale de l&rsquo;ARS Grand Est.<\/p>\n<p>Un engagement p\u00e9renne et \u00e9volutif<\/p>\n<p>Loin d&rsquo;\u00eatre un cadre rigide, cette gouvernance partag\u00e9e repose sur une volont\u00e9 de suivre \u00e9troitement les engagements pris tout en ajustant les actions selon les \u00e9volutions du syst\u00e8me de sant\u00e9 r\u00e9gional. En r\u00e9affirmant leur confiance mutuelle, l\u2019ARS et les directeurs d\u2019\u00e9tablissements s&rsquo;engagent dans une d\u00e9marche de progr\u00e8s continu, o\u00f9 le respect des responsabilit\u00e9s de chacun reste le socle d&rsquo;une action publique efficace et r\u00e9active face aux d\u00e9fis de demain.<\/p>\n","protected":false},"excerpt":{"rendered":"Un accord strat\u00e9gique pour l&rsquo;offre de soins dans le Grand Est a \u00e9t\u00e9 conclu \u00e0 Nancy. Christelle Ratignier-Carbonneil,&hellip;\n","protected":false},"author":2,"featured_media":662958,"comment_status":"","ping_status":"","sticky":false,"template":"","format":"standard","meta":{"footnotes":""},"categories":[9635],"tags":[1111,11,1777,674,1011,27,775,1702,12,25],"class_list":{"0":"post-662957","1":"post","2":"type-post","3":"status-publish","4":"format-standard","5":"has-post-thumbnail","7":"category-nancy","8":"tag-actu","9":"tag-actualites","10":"tag-eu","11":"tag-europe","12":"tag-fr","13":"tag-france","14":"tag-grand-est","15":"tag-nancy","16":"tag-news","17":"tag-republique-francaise"},"share_on_mastodon":{"url":"https:\/\/pubeurope.com\/@fr\/115893605743024365","error":""},"_links":{"self":[{"href":"https:\/\/www.europesays.com\/fr\/wp-json\/wp\/v2\/posts\/662957","targetHints":{"allow":["GET"]}}],"collection":[{"href":"https:\/\/www.europesays.com\/fr\/wp-json\/wp\/v2\/posts"}],"about":[{"href":"https:\/\/www.europesays.com\/fr\/wp-json\/wp\/v2\/types\/post"}],"author":[{"embeddable":true,"href":"https:\/\/www.europesays.com\/fr\/wp-json\/wp\/v2\/users\/2"}],"replies":[{"embeddable":true,"href":"https:\/\/www.europesays.com\/fr\/wp-json\/wp\/v2\/comments?post=662957"}],"version-history":[{"count":0,"href":"https:\/\/www.europesays.com\/fr\/wp-json\/wp\/v2\/posts\/662957\/revisions"}],"wp:featuredmedia":[{"embeddable":true,"href":"https:\/\/www.europesays.com\/fr\/wp-json\/wp\/v2\/media\/662958"}],"wp:attachment":[{"href":"https:\/\/www.europesays.com\/fr\/wp-json\/wp\/v2\/media?parent=662957"}],"wp:term":[{"taxonomy":"category","embeddable":true,"href":"https:\/\/www.europesays.com\/fr\/wp-json\/wp\/v2\/categories?post=662957"},{"taxonomy":"post_tag","embeddable":true,"href":"https:\/\/www.europesays.com\/fr\/wp-json\/wp\/v2\/tags?post=662957"}],"curies":[{"name":"wp","href":"https:\/\/api.w.org\/{rel}","templated":true}]}}