{"id":662959,"date":"2026-01-14T13:07:12","date_gmt":"2026-01-14T13:07:12","guid":{"rendered":"https:\/\/www.europesays.com\/fr\/662959\/"},"modified":"2026-01-14T13:07:12","modified_gmt":"2026-01-14T13:07:12","slug":"le-rct-a-lecoute-des-projets-municipaux-pour-lavenir-du-rugby-a-toulon","status":"publish","type":"post","link":"https:\/\/www.europesays.com\/fr\/662959\/","title":{"rendered":"Le RCT \u00e0 l\u2019\u00e9coute des projets municipaux\u00a0pour l\u2019avenir du rugby \u00e0 Toulon"},"content":{"rendered":"<p style=\"font-weight: 400;\">Dans le cadre des prochaines \u00e9lections municipales, le Rugby Club Toulonnais souhaite informer l\u2019ensemble de ses supporters, partenaires et sympathisants que le club, par l\u2019interm\u00e9diaire de son Pr\u00e9sident ou d\u2019un repr\u00e9sentant, assistera \u00e0 au moins une r\u00e9union publique organis\u00e9e par chacun des candidats.<\/p>\n<p style=\"font-weight: 400;\">Cette d\u00e9marche a pour objectif d\u2019appr\u00e9cier la vision de chaque candidat concernant l\u2019\u00e9volution et l\u2019avenir du Rugby Club Toulonnais et du stade Mayol dans le cadre des projets port\u00e9s pour la Ville de Toulon.<\/p>\n<p style=\"font-weight: 400;\">Cette initiative s\u2019inscrit exclusivement dans l\u2019int\u00e9r\u00eat du Rugby Club Toulonnais, de ses supporters, de ses partenaires et de ses salari\u00e9s afin d\u2019anticiper et d\u2019accompagner le d\u00e9veloppement \u00e0 long terme du club au c\u0153ur de son territoire.<\/p>\n","protected":false},"excerpt":{"rendered":"Dans le cadre des prochaines \u00e9lections municipales, le Rugby Club Toulonnais souhaite informer l\u2019ensemble de ses supporters, partenaires&hellip;\n","protected":false},"author":2,"featured_media":662960,"comment_status":"","ping_status":"","sticky":false,"template":"","format":"standard","meta":{"footnotes":""},"categories":[9619],"tags":[1111,11,1777,674,1011,27,12,882,25,2310],"class_list":{"0":"post-662959","1":"post","2":"type-post","3":"status-publish","4":"format-standard","5":"has-post-thumbnail","7":"category-toulon","8":"tag-actu","9":"tag-actualites","10":"tag-eu","11":"tag-europe","12":"tag-fr","13":"tag-france","14":"tag-news","15":"tag-provence-alpes-cote-dazur","16":"tag-republique-francaise","17":"tag-toulon"},"share_on_mastodon":{"url":"https:\/\/pubeurope.com\/@fr\/115893609743239388","error":""},"_links":{"self":[{"href":"https:\/\/www.europesays.com\/fr\/wp-json\/wp\/v2\/posts\/662959","targetHints":{"allow":["GET"]}}],"collection":[{"href":"https:\/\/www.europesays.com\/fr\/wp-json\/wp\/v2\/posts"}],"about":[{"href":"https:\/\/www.europesays.com\/fr\/wp-json\/wp\/v2\/types\/post"}],"author":[{"embeddable":true,"href":"https:\/\/www.europesays.com\/fr\/wp-json\/wp\/v2\/users\/2"}],"replies":[{"embeddable":true,"href":"https:\/\/www.europesays.com\/fr\/wp-json\/wp\/v2\/comments?post=662959"}],"version-history":[{"count":0,"href":"https:\/\/www.europesays.com\/fr\/wp-json\/wp\/v2\/posts\/662959\/revisions"}],"wp:featuredmedia":[{"embeddable":true,"href":"https:\/\/www.europesays.com\/fr\/wp-json\/wp\/v2\/media\/662960"}],"wp:attachment":[{"href":"https:\/\/www.europesays.com\/fr\/wp-json\/wp\/v2\/media?parent=662959"}],"wp:term":[{"taxonomy":"category","embeddable":true,"href":"https:\/\/www.europesays.com\/fr\/wp-json\/wp\/v2\/categories?post=662959"},{"taxonomy":"post_tag","embeddable":true,"href":"https:\/\/www.europesays.com\/fr\/wp-json\/wp\/v2\/tags?post=662959"}],"curies":[{"name":"wp","href":"https:\/\/api.w.org\/{rel}","templated":true}]}}