{"id":662967,"date":"2026-01-14T13:11:11","date_gmt":"2026-01-14T13:11:11","guid":{"rendered":"https:\/\/www.europesays.com\/fr\/662967\/"},"modified":"2026-01-14T13:11:11","modified_gmt":"2026-01-14T13:11:11","slug":"label-villes-et-villages-fleuris-cette-commune-de-seine-maritime-decroche-deux-fleurs-en-un-seul-mandat-une-distinction-rare","status":"publish","type":"post","link":"https:\/\/www.europesays.com\/fr\/662967\/","title":{"rendered":"Label \u00ab\u00a0Villes et Villages Fleuris\u00a0\u00bb. Cette commune de Seine-Maritime d\u00e9croche deux fleurs en un seul mandat, une distinction rare"},"content":{"rendered":"<p>\t\t\t\t\t\t\tEnvironnement.<\/p>\n<p>\t\t\t\t\tLa Ville de Malaunay a \u00e9t\u00e9 distingu\u00e9e en d\u00e9cembre dernier lors de la c\u00e9r\u00e9monie officielle du label \u00ab\u00a0Villes et Villages Fleuris\u00a0\u00bb, organis\u00e9e \u00e0 Caen.\u00a0\t\t\t\t<\/p>\n<p>\n\t\t\t\t\tPubli\u00e9 le<br \/>\n\t\t\t\t\t\t14\/01\/2026 \u00e0 11h51\t\t\t\t\t<\/p>\n<p>\t\t\t\t\t\t\t<img decoding=\"async\" class=\"media illustration\" src=\"https:\/\/www.europesays.com\/fr\/wp-content\/uploads\/2026\/01\/1768396271_80_.jpeg\" width=\"1200\" height=\"578\" loading=\"eager\" fetchpriority=\"high\" alt=\"Label &quot;Villes et Villages Fleuris&quot;. Cette commune de Seine-Maritime d\u00e9croche deux fleurs en un seul mandat, une distinction rare\"\/><\/p>\n<p>\t\t\t\t\t\t\t\t\t\t\t\t\tLes membres de l&rsquo;\u00e9quipe technique avec Guillaume Coutey, maire, Laurent Barray,<br \/>\n\u00e9lu d\u00e9l\u00e9gu\u00e9 \u00e0 la Nature en Ville, Ga\u00ebl Mansion, conseiller municipal.<\/p>\n","protected":false},"excerpt":{"rendered":"Environnement. La Ville de Malaunay a \u00e9t\u00e9 distingu\u00e9e en d\u00e9cembre dernier lors de la c\u00e9r\u00e9monie officielle du label&hellip;\n","protected":false},"author":2,"featured_media":662968,"comment_status":"","ping_status":"","sticky":false,"template":"","format":"standard","meta":{"footnotes":""},"categories":[9587],"tags":[1111,11,1777,674,1011,27,12,5161,25,9590],"class_list":{"0":"post-662967","1":"post","2":"type-post","3":"status-publish","4":"format-standard","5":"has-post-thumbnail","7":"category-rouen","8":"tag-actu","9":"tag-actualites","10":"tag-eu","11":"tag-europe","12":"tag-fr","13":"tag-france","14":"tag-news","15":"tag-normandie","16":"tag-republique-francaise","17":"tag-rouen"},"share_on_mastodon":{"url":"https:\/\/pubeurope.com\/@fr\/115893625676735021","error":""},"_links":{"self":[{"href":"https:\/\/www.europesays.com\/fr\/wp-json\/wp\/v2\/posts\/662967","targetHints":{"allow":["GET"]}}],"collection":[{"href":"https:\/\/www.europesays.com\/fr\/wp-json\/wp\/v2\/posts"}],"about":[{"href":"https:\/\/www.europesays.com\/fr\/wp-json\/wp\/v2\/types\/post"}],"author":[{"embeddable":true,"href":"https:\/\/www.europesays.com\/fr\/wp-json\/wp\/v2\/users\/2"}],"replies":[{"embeddable":true,"href":"https:\/\/www.europesays.com\/fr\/wp-json\/wp\/v2\/comments?post=662967"}],"version-history":[{"count":0,"href":"https:\/\/www.europesays.com\/fr\/wp-json\/wp\/v2\/posts\/662967\/revisions"}],"wp:featuredmedia":[{"embeddable":true,"href":"https:\/\/www.europesays.com\/fr\/wp-json\/wp\/v2\/media\/662968"}],"wp:attachment":[{"href":"https:\/\/www.europesays.com\/fr\/wp-json\/wp\/v2\/media?parent=662967"}],"wp:term":[{"taxonomy":"category","embeddable":true,"href":"https:\/\/www.europesays.com\/fr\/wp-json\/wp\/v2\/categories?post=662967"},{"taxonomy":"post_tag","embeddable":true,"href":"https:\/\/www.europesays.com\/fr\/wp-json\/wp\/v2\/tags?post=662967"}],"curies":[{"name":"wp","href":"https:\/\/api.w.org\/{rel}","templated":true}]}}