{"id":662971,"date":"2026-01-14T13:13:12","date_gmt":"2026-01-14T13:13:12","guid":{"rendered":"https:\/\/www.europesays.com\/fr\/662971\/"},"modified":"2026-01-14T13:13:12","modified_gmt":"2026-01-14T13:13:12","slug":"grenoble-deux-hommes-interpelles-au-village-olympique-pour-trafic-de-tabac","status":"publish","type":"post","link":"https:\/\/www.europesays.com\/fr\/662971\/","title":{"rendered":"Grenoble. Deux hommes interpell\u00e9s au Village Olympique pour trafic de tabac"},"content":{"rendered":"<p>Les policiers de la Brigade sp\u00e9cialis\u00e9e de terrain (BST) qui patrouillaient au Village Olympique \u00e0 Grenoble mardi apr\u00e8s-midi ont interpell\u00e9 deux hommes suspect\u00e9s de se livrer au trafic de tabac. Ils ont par ailleurs saisi des cigarettes de contrefa\u00e7on et une forte somme en esp\u00e8ces.<\/p>\n<p>Les faits se sont d\u00e9roul\u00e9s peu apr\u00e8s 14 heures, rue Claude-Kogan, lorsque les gardiens de la paix ont remarqu\u00e9 un homme qui prenait la fuite \u00e0 leur vue en laissant tomber \u00e0 terre un sac contenant une douzaine de paquets de cigarettes de contrefa\u00e7on.<\/p>\n<p>Ce contenu est bloqu\u00e9 car vous n&rsquo;avez pas accept\u00e9 les cookies et autres traceurs.<\/p>\n<p>En cliquant sur \u00ab J\u2019accepte \u00bb, les cookies et autres traceurs seront d\u00e9pos\u00e9s et vous pourrez visualiser les contenus  (<a href=\"\" class=\"consentModule_policy\" target=\"_blank\" title=\"Consulter la politique de protection des donn\u00e9es du fournisseur\">plus d&rsquo;informations<\/a>).<\/p>\n<p>En cliquant sur \u00ab J\u2019accepte tous les cookies \u00bb, vous autorisez des d\u00e9p\u00f4ts de cookies et autres traceurs pour le stockage de vos donn\u00e9es sur nos sites et applications \u00e0 des fins de personnalisation et de ciblage publicitaire.<\/p>\n<p class=\"consentModule_secondaryText\">Vous gardez la possibilit\u00e9 de retirer votre consentement \u00e0 tout moment en consultant notre <a href=\"https:\/\/www.ledauphine.com\/protection-des-donnees\" target=\"_blank\" title=\"Consulter notre politique de protection des donn\u00e9es\" rel=\"noopener\">politique de protection des donn\u00e9es<\/a>. <br \/>&#13;<br \/>\n            <a href=\"https:\/\/www.ledauphine.com\/faits-divers-justice\/2026\/01\/14\/javascript:Didomi.notice.show()\" class=\"consentModule_cmp\" target=\"_blank\" rel=\"noopener\">G\u00e9rer mes choix<\/a>&#13;\n        <\/p>\n<p>&#13;<br \/>\n                        J&rsquo;accepte&#13;<br \/>\n            J&rsquo;accepte tous les cookies&#13;\n        <\/p>\n<p>Pensant leur avoir \u00e9chapp\u00e9, le suspect est entr\u00e9 quelques minutes plus tard dans les locaux d\u00e9saffect\u00e9s et squatt\u00e9s d\u2019une ancienne agence postale. Par la suite, les policiers ont constat\u00e9 qu\u2019un deuxi\u00e8me homme ouvrait la porte de ce local et ils ont d\u00e9cid\u00e9 de proc\u00e9der imm\u00e9diatement \u00e0 son contr\u00f4le \u00e0 l\u2019ext\u00e9rieur des lieux. Ils ont alors aper\u00e7u plusieurs cartouches de cigarettes sur une \u00e9tag\u00e8re, face \u00e0 la porte d\u2019entr\u00e9e. Les deux suspects, \u00e2g\u00e9s de 21 et 30 ans, ont \u00e9t\u00e9 interpell\u00e9s et les locaux ont \u00e9t\u00e9 perquisitionn\u00e9s. Une vingtaine de paquets de tabac \u00e0 chiquer ont \u00e9t\u00e9 saisis, ainsi que 1\u00a0200\u00a0euros en esp\u00e8ces. Les deux suspects ont \u00e9t\u00e9 plac\u00e9s en garde \u00e0 vue.<\/p>\n","protected":false},"excerpt":{"rendered":"Les policiers de la Brigade sp\u00e9cialis\u00e9e de terrain (BST) qui patrouillaient au Village Olympique \u00e0 Grenoble mardi apr\u00e8s-midi&hellip;\n","protected":false},"author":2,"featured_media":662972,"comment_status":"","ping_status":"","sticky":false,"template":"","format":"standard","meta":{"footnotes":""},"categories":[9566],"tags":[1111,11,2430,271,272,112,1777,674,274,107,1011,27,2731,2732,108,12,25],"class_list":{"0":"post-662971","1":"post","2":"type-post","3":"status-publish","4":"format-standard","5":"has-post-thumbnail","7":"category-grenoble","8":"tag-actu","9":"tag-actualites","10":"tag-auvergne-rhone-alpes","11":"tag-crime","12":"tag-delit-et-contravention","13":"tag-edition-grenoble-agglomeration","14":"tag-eu","15":"tag-europe","16":"tag-faits-divers-justice","17":"tag-fil-info","18":"tag-fr","19":"tag-france","20":"tag-grenoble","21":"tag-grenoble-bassin","22":"tag-isere","23":"tag-news","24":"tag-republique-francaise"},"share_on_mastodon":{"url":"https:\/\/pubeurope.com\/@fr\/115893633403874323","error":""},"_links":{"self":[{"href":"https:\/\/www.europesays.com\/fr\/wp-json\/wp\/v2\/posts\/662971","targetHints":{"allow":["GET"]}}],"collection":[{"href":"https:\/\/www.europesays.com\/fr\/wp-json\/wp\/v2\/posts"}],"about":[{"href":"https:\/\/www.europesays.com\/fr\/wp-json\/wp\/v2\/types\/post"}],"author":[{"embeddable":true,"href":"https:\/\/www.europesays.com\/fr\/wp-json\/wp\/v2\/users\/2"}],"replies":[{"embeddable":true,"href":"https:\/\/www.europesays.com\/fr\/wp-json\/wp\/v2\/comments?post=662971"}],"version-history":[{"count":0,"href":"https:\/\/www.europesays.com\/fr\/wp-json\/wp\/v2\/posts\/662971\/revisions"}],"wp:featuredmedia":[{"embeddable":true,"href":"https:\/\/www.europesays.com\/fr\/wp-json\/wp\/v2\/media\/662972"}],"wp:attachment":[{"href":"https:\/\/www.europesays.com\/fr\/wp-json\/wp\/v2\/media?parent=662971"}],"wp:term":[{"taxonomy":"category","embeddable":true,"href":"https:\/\/www.europesays.com\/fr\/wp-json\/wp\/v2\/categories?post=662971"},{"taxonomy":"post_tag","embeddable":true,"href":"https:\/\/www.europesays.com\/fr\/wp-json\/wp\/v2\/tags?post=662971"}],"curies":[{"name":"wp","href":"https:\/\/api.w.org\/{rel}","templated":true}]}}