{"id":66298,"date":"2025-05-01T06:53:09","date_gmt":"2025-05-01T06:53:09","guid":{"rendered":"https:\/\/www.europesays.com\/fr\/66298\/"},"modified":"2025-05-01T06:53:09","modified_gmt":"2025-05-01T06:53:09","slug":"quand-je-rentrais-a-2h-du-matin","status":"publish","type":"post","link":"https:\/\/www.europesays.com\/fr\/66298\/","title":{"rendered":"Quand je rentrais \u00e0 2h du matin"},"content":{"rendered":"<p><strong>Pour le grand public, Francis Huster reste Juste Leblanc<br \/>\ndans Le Diner des cons.<\/strong> Personnage dont le<br \/>\npatronyme entra\u00eene moult quiproquos et une sc\u00e8ne culte. Mais<br \/>\nl\u2019acteur n\u2019a pas seulement jou\u00e9 dans cette com\u00e9die embl\u00e9matique de<br \/>\nla fin des ann\u00e9es 90. Celui-ci a aussi jou\u00e9 au th\u00e9\u00e2tre et dans un<br \/>\nregistre plus dramatique au cin\u00e9ma. <strong>En 2025, avec surprise,<br \/>\non le retrouve dans la t\u00e9l\u00e9-r\u00e9alit\u00e9 Les Tra\u00eetres diffus\u00e9e sur<br \/>\nM6.<\/strong> C\u00f4t\u00e9 vie priv\u00e9e, Francis Huster est un <strong>don<br \/>\njuan<\/strong>, notamment avec les actrices. C\u2019est aussi et surtout<br \/>\nun <strong>bourreau des c\u0153urs<\/strong>.<\/p>\n<p>Francis Huster, voleur de sc\u00e8ne dans Le D\u00eener de<br \/>\ncons<\/p>\n<p>Dans Le D\u00eener de cons, g\u00e9niale adaptation cin\u00e9 de la<br \/>\npi\u00e8ce \u00e9ponyme, Francis Huster a un second r\u00f4le. Et peu de minutes \u00e0<br \/>\nl\u2019\u00e9cran. <strong>Pourtant, le com\u00e9dien, <a href=\"https:\/\/www.melty.fr\/people\/thierry-lhermitte-en-couple-depuis-50-ans-il-partage-son-secret-on-peut-vivre-avec-ca-2201509.html\" rel=\"nofollow noopener\" target=\"_blank\"><br \/>\nface ou aux c\u00f4t\u00e9s, c\u2019est selon, de Thierry Lhermitte<\/a> et Jacques<br \/>\nVilleret, vole la sc\u00e8ne o\u00f9 il appara\u00eet.<\/strong> Pourtant, il joue<br \/>\nun romancier cocu. Son nom ? Juste Leblanc. Un patronyme rentr\u00e9<br \/>\ndans les annales\u2026<\/p>\n<p>Ce pr\u00e9nom et ce nom de famille sont la source d\u2019une<br \/>\n<strong>r\u00e9plique phare<\/strong> de la com\u00e9die fran\u00e7aise. <strong>Et<br \/>\nun comique de situation qui fait rentrer Le D\u00eener de cons<br \/>\nau Panth\u00e9on du cin\u00e9ma tricolore.<\/strong> Juste Leblanc, l\u2019homme<br \/>\nsans pr\u00e9nom, ou presque si l\u2019on en croit l\u2019antih\u00e9ros jou\u00e9 par<br \/>\nJacques Villeret. Idiot plut\u00f4t utile et pas forc\u00e9ment si con que<br \/>\ncela.<\/p>\n<p>L\u2019acteur est au casting XXL des Tra\u00eetres sur M6 en 2025<\/p>\n<p>Encore aujourd\u00a0\u00bbhui, on associe Francis Huster \u00e0 son r\u00f4le de<br \/>\nJuste Leblanc dans Le D\u00eener de cons. Pourtant, l\u2019acteur a<br \/>\nune filmographie longue comme le bras. Pas seulement au cinoche,<br \/>\nd&rsquo;ailleurs. Francis Huster. <strong>Ces derni\u00e8res ann\u00e9es, les<br \/>\nt\u00e9l\u00e9spectateurs le red\u00e9couvrent dans Ici tout commence,<br \/>\nfeuilleton diffus\u00e9 sur TF1.<\/strong> Mais ce n\u2019est pas tout !<\/p>\n<p><strong>Francis Huster a \u00e9t\u00e9 soci\u00e9taire de la fameuse Com\u00e9die<br \/>\nfran\u00e7aise entre 1971 et 1981.<\/strong> C\u2019est un homme de th\u00e9\u00e2tre<br \/>\ncomme en atteste son <strong>Moli\u00e8re d\u2019honneur<\/strong> en 2024 et<br \/>\nses trois nominations auparavant. Cette ann\u00e9e, Francis Huster<br \/>\nint\u00e8gre le casting XXL des Traitres sur M6. Il fait notamment<br \/>\n<a href=\"https:\/\/www.melty.fr\/people\/adil-rami-pour-bien-lui-foutre-les-boules-cette-grosse-dispute-avec-son-ex-pamela-anderson-2200791.html\" rel=\"nofollow noopener\" target=\"_blank\"><br \/>\nface au rappeur <strong>Seth Gueko<\/strong> ou encore au<br \/>\nfootballeur <strong>Adil Rami<\/strong>.<\/a><\/p>\n<p>Francis Huster tr\u00e8s cash sur les cinq<br \/>\nfemmes de sa vie<\/p>\n<p><strong>En 2023, dans les colonnes de Paris Match, Francis<br \/>\nHuster revient tr\u00e8s cash sur sa vie amoureuse.<\/strong> Et<br \/>\nnotamment les <strong>cinq femmes<\/strong> qui ont vraiment compt\u00e9<br \/>\ndans sa vie intime. Elles sont en grande majorit\u00e9 actrices,<br \/>\nforc\u00e9ment, ou r\u00e9alisatrices. Des artistes, en somme.<br \/>\n<strong><a href=\"https:\/\/www.melty.fr\/people\/isabelle-nanty-62-ans-se-confie-sans-detour-sur-sa-vie-sentimentale-des-hommes-ont-2172071.html\" rel=\"nofollow noopener\" target=\"_blank\"><br \/>\nOn parle ici notamment de la star des Tuche, Isabelle<br \/>\nNanty<\/a> ou encore la l\u00e9gende du cin\u00e9ma Isabelle Adjani.<\/strong><br \/>\nFrancis Huster, don juan et bourreau des c\u0153urs, poison et antidote,<br \/>\nvice-versa, se confie sur ses relations amoureuses pass\u00e9es.<\/p>\n<p>\u00ab\u00a0<strong>Je suis tomb\u00e9 amoureux de tant<br \/>\nd&rsquo;actrices.<\/strong>\u201d, lance l\u2019acteur de mani\u00e8re presque<br \/>\nnostalgique au magazine people. Il ajoute ensuite : \u201cElles<br \/>\nm&rsquo;ont toutes donn\u00e9 une confiance folle. <strong>Nina<br \/>\nCompaneez<\/strong>, <strong>Fanny Ardant<\/strong>, Isabelle Adjani,<br \/>\n<strong>Ludmila Mika\u00ebl<\/strong>, Isabelle Nanty [&#8230;]<br \/>\nElles \u00e9taient en concurrence avec cette passion. <strong>Je<br \/>\nrentrais \u00e0 2h du matin, je travaillais la nuit, je partais en<br \/>\ntourn\u00e9e, en tournage.<\/strong> Quand je jouais avec elles, c&rsquo;\u00e9tait<br \/>\nle bonheur. <strong>Mais quand on \u00e9tait \u00e9loign\u00e9s, la rupture \u00e9tait<br \/>\nin\u00e9vitable.<\/strong>\u201d Avant de conclure : \u201c<strong>Films,<br \/>\npi\u00e8ces, je suis toujours tomb\u00e9 amoureux d&rsquo;une<br \/>\npartenaire.<\/strong>\u00a0\u00bb C&rsquo;est juste Francis, quoi !<\/p>\n","protected":false},"excerpt":{"rendered":"Pour le grand public, Francis Huster reste Juste Leblanc dans Le Diner des cons. Personnage dont le patronyme&hellip;\n","protected":false},"author":2,"featured_media":66299,"comment_status":"","ping_status":"","sticky":false,"template":"","format":"standard","meta":{"footnotes":""},"categories":[1359],"tags":[905,58,59,1011,27,16675,973],"class_list":{"0":"post-66298","1":"post","2":"type-post","3":"status-publish","4":"format-standard","5":"has-post-thumbnail","7":"category-people","8":"tag-a-la-une-melty","9":"tag-divertissement","10":"tag-entertainment","11":"tag-fr","12":"tag-france","13":"tag-les-traitres","14":"tag-people"},"share_on_mastodon":{"url":"https:\/\/pubeurope.com\/@fr\/114431262905587761","error":""},"_links":{"self":[{"href":"https:\/\/www.europesays.com\/fr\/wp-json\/wp\/v2\/posts\/66298","targetHints":{"allow":["GET"]}}],"collection":[{"href":"https:\/\/www.europesays.com\/fr\/wp-json\/wp\/v2\/posts"}],"about":[{"href":"https:\/\/www.europesays.com\/fr\/wp-json\/wp\/v2\/types\/post"}],"author":[{"embeddable":true,"href":"https:\/\/www.europesays.com\/fr\/wp-json\/wp\/v2\/users\/2"}],"replies":[{"embeddable":true,"href":"https:\/\/www.europesays.com\/fr\/wp-json\/wp\/v2\/comments?post=66298"}],"version-history":[{"count":0,"href":"https:\/\/www.europesays.com\/fr\/wp-json\/wp\/v2\/posts\/66298\/revisions"}],"wp:featuredmedia":[{"embeddable":true,"href":"https:\/\/www.europesays.com\/fr\/wp-json\/wp\/v2\/media\/66299"}],"wp:attachment":[{"href":"https:\/\/www.europesays.com\/fr\/wp-json\/wp\/v2\/media?parent=66298"}],"wp:term":[{"taxonomy":"category","embeddable":true,"href":"https:\/\/www.europesays.com\/fr\/wp-json\/wp\/v2\/categories?post=66298"},{"taxonomy":"post_tag","embeddable":true,"href":"https:\/\/www.europesays.com\/fr\/wp-json\/wp\/v2\/tags?post=66298"}],"curies":[{"name":"wp","href":"https:\/\/api.w.org\/{rel}","templated":true}]}}