{"id":662981,"date":"2026-01-14T13:18:15","date_gmt":"2026-01-14T13:18:15","guid":{"rendered":"https:\/\/www.europesays.com\/fr\/662981\/"},"modified":"2026-01-14T13:18:15","modified_gmt":"2026-01-14T13:18:15","slug":"strasbourg-un-rare-dessin-de-hans-baldung-grien-decouvert-en-alsace-conserve-par-ses-descendants-durant-500-ans","status":"publish","type":"post","link":"https:\/\/www.europesays.com\/fr\/662981\/","title":{"rendered":"Strasbourg. Un rare dessin de Hans Baldung Grien d\u00e9couvert en Alsace, conserv\u00e9 par ses descendants durant 500 ans"},"content":{"rendered":"<p>La d\u00e9couverte d\u2019un dessin de Hans Baldung Grien (1484-1485 \u00e0 1545) est, en soi, une grande raret\u00e9.\u00a0Le portrait de Susanna Pfeffinger, par Hans Baldung Grien en 1517, s\u2019est transmis de g\u00e9n\u00e9ration en g\u00e9n\u00e9ration, dans sa propre famille, jusqu\u2019en 2025. Il \u00e9tait pr\u00e9cieusement conserv\u00e9 dans un bahut traditionnel de la maison familiale, en Alsace donc.<\/p>\n<p>Les derniers descendants, qui souhaitent rester anonymes, l\u2019ont red\u00e9couvert au moment d\u2019une succession. Ils ont soumis le dessin en parfait \u00e9tat de conservation \u00e0 l\u2019expert Patrick de Bayser, qui a pu authentifier cet in\u00e9dit\u00a0: \u00ab\u00a0C\u2019est rarissime, il doit exister cinq dessins en mains priv\u00e9es sur 250 dessins. C\u2019est fabuleux.\u00a0\u00bb<\/p>\n<p>  \u00ab L\u2019un des plus grands ma\u00eetres de cette \u00e9poque \u00bb<\/p>\n<p>La maison Beaussant Lef\u00e8vre doit le vendre aux ench\u00e8res le 23\u00a0mars \u00e0 l\u2019H\u00f4tel Drouot \u00e0 Paris. L\u2019estimation est \u00e0 la mesure de l\u2019\u00e9v\u00e9nement\u00a0: entre 1,5\u00a0 million et 3\u00a0 millions d\u2019euros. C\u2019est une somme. Un dessin du m\u00eame est parti \u00e0\u00a03,7 millions de dollars en 2007 \u00e0 New York.<\/p>\n<p>Arthur de Moras, commissaire-priseur associ\u00e9, ne cache pas son enthousiasme\u00a0: \u00ab\u00a0On s\u2019est passionn\u00e9 pour ce dessin de l\u2019un des plus grands ma\u00eetres de cette \u00e9poque. La technique de la pointe d\u2019argent \u00e9tait utilis\u00e9e par les virtuoses.\u00a0\u00bb Voil\u00e0 un nouveau t\u00e9moignage d\u2019une p\u00e9riode effervescente.<\/p>\n","protected":false},"excerpt":{"rendered":"La d\u00e9couverte d\u2019un dessin de Hans Baldung Grien (1484-1485 \u00e0 1545) est, en soi, une grande raret\u00e9.\u00a0Le portrait&hellip;\n","protected":false},"author":2,"featured_media":662982,"comment_status":"","ping_status":"","sticky":false,"template":"","format":"standard","meta":{"footnotes":""},"categories":[2820],"tags":[1111,11,2389,1687,2880,1777,674,2271,107,1011,27,775,12,25,640,2879],"class_list":{"0":"post-662981","1":"post","2":"type-post","3":"status-publish","4":"format-standard","5":"has-post-thumbnail","7":"category-strasbourg","8":"tag-actu","9":"tag-actualites","10":"tag-alsace","11":"tag-culture-loisirs","12":"tag-edition-strasbourg","13":"tag-eu","14":"tag-europe","15":"tag-exposition-arts-plastiques","16":"tag-fil-info","17":"tag-fr","18":"tag-france","19":"tag-grand-est","20":"tag-news","21":"tag-republique-francaise","22":"tag-strasbourg","23":"tag-strasbourg-ville"},"share_on_mastodon":{"url":"https:\/\/pubeurope.com\/@fr\/115893652899196699","error":""},"_links":{"self":[{"href":"https:\/\/www.europesays.com\/fr\/wp-json\/wp\/v2\/posts\/662981","targetHints":{"allow":["GET"]}}],"collection":[{"href":"https:\/\/www.europesays.com\/fr\/wp-json\/wp\/v2\/posts"}],"about":[{"href":"https:\/\/www.europesays.com\/fr\/wp-json\/wp\/v2\/types\/post"}],"author":[{"embeddable":true,"href":"https:\/\/www.europesays.com\/fr\/wp-json\/wp\/v2\/users\/2"}],"replies":[{"embeddable":true,"href":"https:\/\/www.europesays.com\/fr\/wp-json\/wp\/v2\/comments?post=662981"}],"version-history":[{"count":0,"href":"https:\/\/www.europesays.com\/fr\/wp-json\/wp\/v2\/posts\/662981\/revisions"}],"wp:featuredmedia":[{"embeddable":true,"href":"https:\/\/www.europesays.com\/fr\/wp-json\/wp\/v2\/media\/662982"}],"wp:attachment":[{"href":"https:\/\/www.europesays.com\/fr\/wp-json\/wp\/v2\/media?parent=662981"}],"wp:term":[{"taxonomy":"category","embeddable":true,"href":"https:\/\/www.europesays.com\/fr\/wp-json\/wp\/v2\/categories?post=662981"},{"taxonomy":"post_tag","embeddable":true,"href":"https:\/\/www.europesays.com\/fr\/wp-json\/wp\/v2\/tags?post=662981"}],"curies":[{"name":"wp","href":"https:\/\/api.w.org\/{rel}","templated":true}]}}