{"id":662990,"date":"2026-01-14T13:23:14","date_gmt":"2026-01-14T13:23:14","guid":{"rendered":"https:\/\/www.europesays.com\/fr\/662990\/"},"modified":"2026-01-14T13:23:14","modified_gmt":"2026-01-14T13:23:14","slug":"une-soiree-pour-redecouvrir-michel-valpremy-au-garage-litteraire","status":"publish","type":"post","link":"https:\/\/www.europesays.com\/fr\/662990\/","title":{"rendered":"une soir\u00e9e pour (re)d\u00e9couvrir Michel Valpr\u00e9my au Garage litt\u00e9raire"},"content":{"rendered":"<p>Si tu aimes la litt\u00e9rature, la po\u00e9sie et un brin d\u2019art vivant, note cette date : samedi 24 janvier, le Garage litt\u00e9raire de Bordeaux Bastide accueille une soir\u00e9e enti\u00e8rement d\u00e9di\u00e9e \u00e0 Michel Valpr\u00e9my, po\u00e8te, auteur et danseur au parcours singulier.<\/p>\n<p>Dans le cadre des <strong><a href=\"https:\/\/www.nuitsdelalecture.fr\/programme\/lire-bordeaux\" target=\"_blank\" rel=\"noreferrer noopener\">Nuits de la lecture<\/a><\/strong>, cette ann\u00e9e consacr\u00e9es au <strong>th\u00e8me Villes et campagnes<\/strong>, l\u2019association <strong><a href=\"https:\/\/nouvellestraces.com\/\" target=\"_blank\" rel=\"noreferrer noopener\">Nouvelles traces<\/a><\/strong> organise un \u00e9v\u00e9nement hors du commun <strong>de 18 \u00e0 23 heures<\/strong>. <strong>Michel Valpr\u00e9my<\/strong> (1947-2007), qui partageait sa vie entre Bordeaux et Fronsac, <strong>\u00e9tait autant danseur que po\u00e8te, professeur de danse et membre du corps de ballet du Grand-Th\u00e9\u00e2tre, fondateur de l\u2019\u00e9cole d\u2019Eysines<\/strong>. Pourtant, il se d\u00e9finissait avant tout comme <strong>un auteur<\/strong>.<\/p>\n<p><img fetchpriority=\"high\" decoding=\"async\" width=\"1024\" height=\"536\" src=\"https:\/\/www.europesays.com\/fr\/wp-content\/uploads\/2026\/01\/FORMAT-IMAGE-MISE-EN-AVANT-1024x536.png\" alt=\"\" class=\"wp-image-88845\"  \/>\u00a9SILO<\/p>\n<p>Pour te plonger dans la richesse de son \u0153uvre, les auteurs <strong>Ysabelle Faure<\/strong> et <strong>David Schnee<\/strong> proposeront une lecture du r\u00e9cit champ\u00eatre Rose Raoul et Courte-Queue, mais aussi d\u2019extraits de ses po\u00e8mes urbains en prose. Entre lectures et \u00e9changes, la vid\u00e9aste et graphiste <strong>Louise Rousseau<\/strong> ponctuera la soir\u00e9e avec un petit film anim\u00e9, inspir\u00e9 des dessins de <strong>Michel Valpr\u00e9my<\/strong>, ajoutant une dimension visuelle \u00e0 cette plong\u00e9e dans son univers.<\/p>\n<p><img loading=\"lazy\" decoding=\"async\" width=\"1024\" height=\"768\" src=\"https:\/\/www.europesays.com\/fr\/wp-content\/uploads\/2026\/01\/image-121-1024x768.png\" alt=\"\" class=\"wp-image-88844\" style=\"width:774px;height:auto\"  \/>\u00a9Seniors reporters<\/p>\n<p>Le cadre atypique du Garage, propri\u00e9t\u00e9 de Jean Meyer, psychiatre \u00e0 la retraite et amateur de litt\u00e9rature, permettra de d\u00e9couvrir ou red\u00e9couvrir Valpr\u00e9my dans une ambiance conviviale. Une d\u00e9gustation de vin accompagnera la soir\u00e9e, et certaines de ses \u0153uvres \u00e9dit\u00e9es seront disponibles \u00e0 la vente.<\/p>\n<p><strong>Samedi 24 janvier<\/strong>, de 18 \u00e0 23 heures, au <strong>30 rue Paul-Camelle<\/strong>. <strong>Entr\u00e9e libre<\/strong> pour plonger dans le monde po\u00e9tique et dansant de Michel Valpr\u00e9my.<\/p>\n<p>\u00c0 lire aussi : <a href=\"https:\/\/www.bougerabordeaux.com\/sorties\/concertetfestival\/salon-du-livre-ancien-a-bordeaux-un-week-end-pour-les-passionnes-de-livres\/\" target=\"_blank\" rel=\"noreferrer noopener\">Salon du Livre ancien \u00e0 Bordeaux : un week-end pour les passionn\u00e9s de livres<\/a><\/p>\n","protected":false},"excerpt":{"rendered":"Si tu aimes la litt\u00e9rature, la po\u00e9sie et un brin d\u2019art vivant, note cette date : samedi 24&hellip;\n","protected":false},"author":2,"featured_media":662991,"comment_status":"","ping_status":"","sticky":false,"template":"","format":"standard","meta":{"footnotes":""},"categories":[2817],"tags":[1111,11,1997,1777,674,1011,27,12,2219,25],"class_list":{"0":"post-662990","1":"post","2":"type-post","3":"status-publish","4":"format-standard","5":"has-post-thumbnail","7":"category-bordeaux","8":"tag-actu","9":"tag-actualites","10":"tag-bordeaux","11":"tag-eu","12":"tag-europe","13":"tag-fr","14":"tag-france","15":"tag-news","16":"tag-nouvelle-aquitaine","17":"tag-republique-francaise"},"share_on_mastodon":{"url":"https:\/\/pubeurope.com\/@fr\/115893675337489015","error":""},"_links":{"self":[{"href":"https:\/\/www.europesays.com\/fr\/wp-json\/wp\/v2\/posts\/662990","targetHints":{"allow":["GET"]}}],"collection":[{"href":"https:\/\/www.europesays.com\/fr\/wp-json\/wp\/v2\/posts"}],"about":[{"href":"https:\/\/www.europesays.com\/fr\/wp-json\/wp\/v2\/types\/post"}],"author":[{"embeddable":true,"href":"https:\/\/www.europesays.com\/fr\/wp-json\/wp\/v2\/users\/2"}],"replies":[{"embeddable":true,"href":"https:\/\/www.europesays.com\/fr\/wp-json\/wp\/v2\/comments?post=662990"}],"version-history":[{"count":0,"href":"https:\/\/www.europesays.com\/fr\/wp-json\/wp\/v2\/posts\/662990\/revisions"}],"wp:featuredmedia":[{"embeddable":true,"href":"https:\/\/www.europesays.com\/fr\/wp-json\/wp\/v2\/media\/662991"}],"wp:attachment":[{"href":"https:\/\/www.europesays.com\/fr\/wp-json\/wp\/v2\/media?parent=662990"}],"wp:term":[{"taxonomy":"category","embeddable":true,"href":"https:\/\/www.europesays.com\/fr\/wp-json\/wp\/v2\/categories?post=662990"},{"taxonomy":"post_tag","embeddable":true,"href":"https:\/\/www.europesays.com\/fr\/wp-json\/wp\/v2\/tags?post=662990"}],"curies":[{"name":"wp","href":"https:\/\/api.w.org\/{rel}","templated":true}]}}