{"id":662994,"date":"2026-01-14T13:25:12","date_gmt":"2026-01-14T13:25:12","guid":{"rendered":"https:\/\/www.europesays.com\/fr\/662994\/"},"modified":"2026-01-14T13:25:12","modified_gmt":"2026-01-14T13:25:12","slug":"fieres-et-fiers-de-travailler-au-service-des-haut-garonnais","status":"publish","type":"post","link":"https:\/\/www.europesays.com\/fr\/662994\/","title":{"rendered":"Fi\u00e8res et fiers de travailler au service des Haut-Garonnais"},"content":{"rendered":"<p><strong>DGD Territoires et Action Sociale de Proximit\u00e9 (TASP)<\/strong><\/p>\n<p><strong>Salom\u00e9<\/strong> accueille, \u00e9coute et accompagne les personnes qui la sollicitent pour les aider \u00e0 faire face \u00e0 des probl\u00e9matiques tr\u00e8s vari\u00e9es : <a href=\"https:\/\/www.haute-garonne.fr\/service\/stop-aux-violences\" rel=\"noopener noreferrer\" target=\"_blank\" draggable=\"false\"><strong>femmes victimes de violences<\/strong><\/a>, <a href=\"https:\/\/www.haute-garonne.fr\/service\/contre-les-precarites\" rel=\"noopener noreferrer\" target=\"_blank\" draggable=\"false\"><strong>pr\u00e9carit\u00e9 financi\u00e8re<\/strong><\/a>, <a href=\"https:\/\/www.haute-garonne.fr\/service\/le-programme-departemental-dinsertion-et-de-lemploi-pdie\" rel=\"noopener noreferrer\" target=\"_blank\" draggable=\"false\"><strong>difficult\u00e9s \u00e0 trouver un emploi<\/strong><\/a>, <a href=\"https:\/\/www.haute-garonne.fr\/solidarites\/autonomie-des-personnes-en-situation-de-handicap\" rel=\"noopener noreferrer\" target=\"_blank\" draggable=\"false\"><strong>handicap<\/strong><\/a>\u2026 L\u2019aide financi\u00e8re n\u2019est pas syst\u00e9matique. Elle peut \u00eatre amen\u00e9e \u00e0 instruire des dossiers pour trouver un logement ou s\u2019ins\u00e9rer professionnellement, ou encore les r\u00e9orienter vers d\u2019autres institutions.<\/p>\n<p>\u00ab\u00a0Il y a beaucoup d\u2019id\u00e9es re\u00e7ues sur le m\u00e9tier d\u2019assistante sociale et sur les personnes que l\u2019on re\u00e7oit, qui peuvent parfois \u00eatre stigmatis\u00e9es. Or, il n\u2019y a pas de profil type, que ce soit chez les professionnels ou les usagers. La multiplicit\u00e9 des cas nous oblige \u00e0 \u00eatre tr\u00e8s polyvalents : de v\u00e9ritables m\u00e9decins g\u00e9n\u00e9ralistes du travail social ! C\u2019est un m\u00e9tier tr\u00e8s riche sur le plan humain, fait de rencontres avec des personnes parfois en grande difficult\u00e9. On suit l\u2019\u00e9volution de leur situation, gr\u00e2ce \u00e0 nos accompagnements et gr\u00e2ce \u00e0 leurs ressources propres. Il faut se r\u00e9adapter en permanence, se remettre en question. J\u2019apprends beaucoup de choses au quotidien. Gr\u00e2ce au D\u00e9partement, j\u2019ai d\u2019ailleurs la chance de pouvoir me former en continu. J\u2019ai choisi le service public parce que je me retrouve dans les valeurs d\u2019\u00e9galit\u00e9, de solidarit\u00e9 et de non-jugement. Je me sens utile, j\u2019agis pour les autres et pour l\u2019int\u00e9r\u00eat g\u00e9n\u00e9ral.\u00a0\u00bb<\/p>\n","protected":false},"excerpt":{"rendered":"DGD Territoires et Action Sociale de Proximit\u00e9 (TASP) Salom\u00e9 accueille, \u00e9coute et accompagne les personnes qui la sollicitent&hellip;\n","protected":false},"author":2,"featured_media":662995,"comment_status":"","ping_status":"","sticky":false,"template":"","format":"standard","meta":{"footnotes":""},"categories":[2816],"tags":[1111,11,1777,674,1011,27,12,2680,25,2312],"class_list":{"0":"post-662994","1":"post","2":"type-post","3":"status-publish","4":"format-standard","5":"has-post-thumbnail","7":"category-toulouse","8":"tag-actu","9":"tag-actualites","10":"tag-eu","11":"tag-europe","12":"tag-fr","13":"tag-france","14":"tag-news","15":"tag-occitanie","16":"tag-republique-francaise","17":"tag-toulouse"},"share_on_mastodon":{"url":"","error":""},"_links":{"self":[{"href":"https:\/\/www.europesays.com\/fr\/wp-json\/wp\/v2\/posts\/662994","targetHints":{"allow":["GET"]}}],"collection":[{"href":"https:\/\/www.europesays.com\/fr\/wp-json\/wp\/v2\/posts"}],"about":[{"href":"https:\/\/www.europesays.com\/fr\/wp-json\/wp\/v2\/types\/post"}],"author":[{"embeddable":true,"href":"https:\/\/www.europesays.com\/fr\/wp-json\/wp\/v2\/users\/2"}],"replies":[{"embeddable":true,"href":"https:\/\/www.europesays.com\/fr\/wp-json\/wp\/v2\/comments?post=662994"}],"version-history":[{"count":0,"href":"https:\/\/www.europesays.com\/fr\/wp-json\/wp\/v2\/posts\/662994\/revisions"}],"wp:featuredmedia":[{"embeddable":true,"href":"https:\/\/www.europesays.com\/fr\/wp-json\/wp\/v2\/media\/662995"}],"wp:attachment":[{"href":"https:\/\/www.europesays.com\/fr\/wp-json\/wp\/v2\/media?parent=662994"}],"wp:term":[{"taxonomy":"category","embeddable":true,"href":"https:\/\/www.europesays.com\/fr\/wp-json\/wp\/v2\/categories?post=662994"},{"taxonomy":"post_tag","embeddable":true,"href":"https:\/\/www.europesays.com\/fr\/wp-json\/wp\/v2\/tags?post=662994"}],"curies":[{"name":"wp","href":"https:\/\/api.w.org\/{rel}","templated":true}]}}