{"id":662998,"date":"2026-01-14T13:27:16","date_gmt":"2026-01-14T13:27:16","guid":{"rendered":"https:\/\/www.europesays.com\/fr\/662998\/"},"modified":"2026-01-14T13:27:16","modified_gmt":"2026-01-14T13:27:16","slug":"le-kolor-bar-du-vieux-lille-fermera-definitivement-ses-portes-ce-dimanche-18-janvier-14-01-2026","status":"publish","type":"post","link":"https:\/\/www.europesays.com\/fr\/662998\/","title":{"rendered":"Le Kolor Bar du Vieux-Lille fermera d\u00e9finitivement ses portes ce dimanche 18 janvier &#8211; 14\/01\/2026"},"content":{"rendered":"<p>\n        L&rsquo;info est tomb\u00e9e en ce d\u00e9but de semaine : l&rsquo;aventure du Kolor Bar du Vieux-Lille s&rsquo;arr\u00eatera d\u00e9finitivement ce dimanche 18 janvier. Apr\u00e8s 9 ans de soir\u00e9es enflamm\u00e9es, c&rsquo;est la fin d&rsquo;une \u00e9poque. On vous explique ce que l&rsquo;on sait.<\/p>\n<p>Vous aurez peut-\u00eatre la m\u00eame r\u00e9action que la n\u00f4tre en apprenant la nouvelle de la fermeture d\u00e9finitive du Kolor Bar : \u00ab\u00a0Mais non?! Pas possible !\u00a0\u00bb. Parce que oui, on parle quand m\u00eame d&rsquo;une institution du Vieux-Lille, o\u00f9 les soir\u00e9es de folie se sont enchain\u00e9es pendant presque une d\u00e9cennie.\u00a0<\/p>\n<p>Mais que s&rsquo;est-il donc pass\u00e9 ? Pourquoi si vite, d\u00e8s ce 18 janvier 2026 ? \u00ab\u00a0Disons que c&rsquo;est une d\u00e9cision prise\u00a0contre notre volont\u00e9 mais je ne pr\u00e9f\u00e8re pas communiquer sur la raison qui nous pousse \u00e0 fermer pour le moment\u00a0\u00bb nous a r\u00e9pondu Philippe, le g\u00e9rant de l&rsquo;\u00e9tablissement, quand on a d\u00e9croch\u00e9 notre t\u00e9l\u00e9phone pour lui poser la question.\u00a0<\/p>\n<p>Vous l&rsquo;avez compris, si vous voulez dire au revoir \u00e0 votre bar ador\u00e9, ne trainez pas, allez y boire un coup puisqu&rsquo;il dira adieu \u00e0 sa client\u00e8le d&rsquo;ici quatre jours \u00e0 l&rsquo;heure \u00e0 laquelle on \u00e9crit ces lignes. Snif.<\/p>\n<p>  Le Kolor bient\u00f4t ailleurs ?<\/p>\n<p>L&rsquo;autre chose qu&rsquo;on a voulu savoir, c&rsquo;est si le Kolor allait rouvrir ailleurs. Et voil\u00e0 la r\u00e9ponse de Philippe : \u00ab\u00a0On est d\u00e9j\u00e0 en recherche active d&rsquo;un futur local pour un nouveau Kolor, toujours avec le m\u00eame ADN, mais sur la m\u00e9tro, pas dans Lille.\u00a0\u00bb Affaire \u00e0 suivre donc, on sera bien \u00e9videmment l\u00e0 pour vous partager les avanc\u00e9es du projet et les nouvelles quand il y en aura.<\/p>\n","protected":false},"excerpt":{"rendered":"L&rsquo;info est tomb\u00e9e en ce d\u00e9but de semaine : l&rsquo;aventure du Kolor Bar du Vieux-Lille s&rsquo;arr\u00eatera d\u00e9finitivement ce&hellip;\n","protected":false},"author":2,"featured_media":662999,"comment_status":"","ping_status":"","sticky":false,"template":"","format":"standard","meta":{"footnotes":""},"categories":[2815],"tags":[1111,11,1777,674,1011,27,811,1307,12,25],"class_list":{"0":"post-662998","1":"post","2":"type-post","3":"status-publish","4":"format-standard","5":"has-post-thumbnail","7":"category-lille","8":"tag-actu","9":"tag-actualites","10":"tag-eu","11":"tag-europe","12":"tag-fr","13":"tag-france","14":"tag-hauts-de-france","15":"tag-lille","16":"tag-news","17":"tag-republique-francaise"},"share_on_mastodon":{"url":"https:\/\/pubeurope.com\/@fr\/115893688312836645","error":""},"_links":{"self":[{"href":"https:\/\/www.europesays.com\/fr\/wp-json\/wp\/v2\/posts\/662998","targetHints":{"allow":["GET"]}}],"collection":[{"href":"https:\/\/www.europesays.com\/fr\/wp-json\/wp\/v2\/posts"}],"about":[{"href":"https:\/\/www.europesays.com\/fr\/wp-json\/wp\/v2\/types\/post"}],"author":[{"embeddable":true,"href":"https:\/\/www.europesays.com\/fr\/wp-json\/wp\/v2\/users\/2"}],"replies":[{"embeddable":true,"href":"https:\/\/www.europesays.com\/fr\/wp-json\/wp\/v2\/comments?post=662998"}],"version-history":[{"count":0,"href":"https:\/\/www.europesays.com\/fr\/wp-json\/wp\/v2\/posts\/662998\/revisions"}],"wp:featuredmedia":[{"embeddable":true,"href":"https:\/\/www.europesays.com\/fr\/wp-json\/wp\/v2\/media\/662999"}],"wp:attachment":[{"href":"https:\/\/www.europesays.com\/fr\/wp-json\/wp\/v2\/media?parent=662998"}],"wp:term":[{"taxonomy":"category","embeddable":true,"href":"https:\/\/www.europesays.com\/fr\/wp-json\/wp\/v2\/categories?post=662998"},{"taxonomy":"post_tag","embeddable":true,"href":"https:\/\/www.europesays.com\/fr\/wp-json\/wp\/v2\/tags?post=662998"}],"curies":[{"name":"wp","href":"https:\/\/api.w.org\/{rel}","templated":true}]}}