{"id":663000,"date":"2026-01-14T13:28:10","date_gmt":"2026-01-14T13:28:10","guid":{"rendered":"https:\/\/www.europesays.com\/fr\/663000\/"},"modified":"2026-01-14T13:28:10","modified_gmt":"2026-01-14T13:28:10","slug":"le-tgv-mulhouse-lille-va-t-il-etre-de-retour-sur-les-rails","status":"publish","type":"post","link":"https:\/\/www.europesays.com\/fr\/663000\/","title":{"rendered":"Le TGV Mulhouse-Lille va-t-il \u00eatre de retour sur les rails\u00a0?"},"content":{"rendered":"<p>&#13;<br \/>\n\t\t\tJean Castex avec les \u00e9quipes de l&rsquo;EIV, J\u00e9r\u00f4me Durain pr\u00e9sident de la R\u00e9gion et Laurence Porte conseill\u00e8re d\u00e9partementale.\t\t\t\t\t<\/p>\n<p><strong> Le sujet a \u00e9t\u00e9 abord\u00e9 par les \u00e9lus c\u00f4te-d&rsquo;oriens avec Jean Castex, pr\u00e9sident-directeur g\u00e9n\u00e9ral de la SNCF.<\/strong><\/p>\n<p melodystyle=\"texte\">Laurence Porte, maire et conseill\u00e8re d\u00e9partementale, a accueilli en gare de Montbard en provenance de Paris \u00ab\u00a0un voyageur particulier\u00a0\u00bb\u00a0: Jean Castex, le pr\u00e9sident directeur g\u00e9n\u00e9ral de la SNCF et ancien Premier ministre.<\/p>\n<p melodystyle=\"texte\">Apr\u00e8s la visite des locaux de la gare TGV\/TER, l&rsquo;\u00e9lue et son h\u00f4te ont pris la direction de l&rsquo;\u00c9tablissement Industriel de Venarey-les-Laumes qui r\u00e9pare, modernise et prolonge la dur\u00e9e de vie d&rsquo;\u00e9quipements de signalisation et de t\u00e9l\u00e9communication. Sur le site de l&rsquo;EIV, employant 260 personnes, ils ont \u00e9t\u00e9 rejoints par J\u00e9r\u00f4me Durain, pr\u00e9sident de la R\u00e9gion Bourgogne-Franche-Comt\u00e9.<\/p>\n<p melodystyle=\"texte\">Jean Castex a \u00e9voqu\u00e9 la modernisation du r\u00e9seau ferroviaire, notamment sur la ligne historique Paris-Lyon-Marseille passant par la cit\u00e9 de Buffon et Dijon. Les nouveaux postes de commande centralis\u00e9e entre Fain-les-Montbard et Nuits-sous-Ravieres (Yonne), repr\u00e9sentant un investissement de 22\u00a0millions d&rsquo;\u20ac, seront mis en service courant avril.<\/p>\n<p melodystyle=\"texte\">Laurence Porte en a profit\u00e9 pour \u00e9voquer la ligne TGV Mulhouse-Lille, suspendue depuis fin 2020 en raison du \u00ab\u00a0manque de rentabilit\u00e9\u00a0\u00bb, avec sa liaison de Dijon \u00e0 l&rsquo;a\u00e9roport Paris-Charles de Gaulle via Montbard.<\/p>\n<p melodystyle=\"texte\">Ce m\u00eame sujet a \u00e9t\u00e9 abord\u00e9, un peu plus tard, toujours avec le pr\u00e9sident de la SNCF, par Fran\u00e7ois Rebsamen le pr\u00e9sident de la M\u00e9tropole dijonnaise \u00e0 l&rsquo;occasion d&rsquo;une visite du poste de pilotage connect\u00e9 OnDijon.<\/p>\n<p melodystyle=\"texte\">\u00ab\u00a0Cette desserte est essentielle pour le maillage ferroviaire national, la mobilit\u00e9 du quotidien, l&rsquo;attractivit\u00e9 de nos territoires et leur d\u00e9veloppement \u00e9conomique\u00a0\u00bb a \u00e9t\u00e9 le message unanime des \u00e9lus c\u00f4te-d&rsquo;oriens. Jean Castex va \u00e9tudier ce dossier avec \u00ab\u00a0beaucoup d&rsquo;attention\u00a0\u00bb.<\/p>\n","protected":false},"excerpt":{"rendered":"&#13; Jean Castex avec les \u00e9quipes de l&rsquo;EIV, J\u00e9r\u00f4me Durain pr\u00e9sident de la R\u00e9gion et Laurence Porte conseill\u00e8re&hellip;\n","protected":false},"author":2,"featured_media":663001,"comment_status":"","ping_status":"","sticky":false,"template":"","format":"standard","meta":{"footnotes":""},"categories":[2815],"tags":[10720,1111,47,11,1777,674,1011,27,811,4662,1307,12,10719,25],"class_list":{"0":"post-663000","1":"post","2":"type-post","3":"status-publish","4":"format-standard","5":"has-post-thumbnail","7":"category-lille","8":"tag-abonnement","9":"tag-actu","10":"tag-actualite","11":"tag-actualites","12":"tag-eu","13":"tag-europe","14":"tag-fr","15":"tag-france","16":"tag-hauts-de-france","17":"tag-journal","18":"tag-lille","19":"tag-news","20":"tag-petites-annonces","21":"tag-republique-francaise"},"share_on_mastodon":{"url":"https:\/\/pubeurope.com\/@fr\/115893692356720180","error":""},"_links":{"self":[{"href":"https:\/\/www.europesays.com\/fr\/wp-json\/wp\/v2\/posts\/663000","targetHints":{"allow":["GET"]}}],"collection":[{"href":"https:\/\/www.europesays.com\/fr\/wp-json\/wp\/v2\/posts"}],"about":[{"href":"https:\/\/www.europesays.com\/fr\/wp-json\/wp\/v2\/types\/post"}],"author":[{"embeddable":true,"href":"https:\/\/www.europesays.com\/fr\/wp-json\/wp\/v2\/users\/2"}],"replies":[{"embeddable":true,"href":"https:\/\/www.europesays.com\/fr\/wp-json\/wp\/v2\/comments?post=663000"}],"version-history":[{"count":0,"href":"https:\/\/www.europesays.com\/fr\/wp-json\/wp\/v2\/posts\/663000\/revisions"}],"wp:featuredmedia":[{"embeddable":true,"href":"https:\/\/www.europesays.com\/fr\/wp-json\/wp\/v2\/media\/663001"}],"wp:attachment":[{"href":"https:\/\/www.europesays.com\/fr\/wp-json\/wp\/v2\/media?parent=663000"}],"wp:term":[{"taxonomy":"category","embeddable":true,"href":"https:\/\/www.europesays.com\/fr\/wp-json\/wp\/v2\/categories?post=663000"},{"taxonomy":"post_tag","embeddable":true,"href":"https:\/\/www.europesays.com\/fr\/wp-json\/wp\/v2\/tags?post=663000"}],"curies":[{"name":"wp","href":"https:\/\/api.w.org\/{rel}","templated":true}]}}