{"id":663002,"date":"2026-01-14T13:29:13","date_gmt":"2026-01-14T13:29:13","guid":{"rendered":"https:\/\/www.europesays.com\/fr\/663002\/"},"modified":"2026-01-14T13:29:13","modified_gmt":"2026-01-14T13:29:13","slug":"a-plan-de-cuques-le-comte-de-monte-cristo-prend-une-dimension-electro-poetique","status":"publish","type":"post","link":"https:\/\/www.europesays.com\/fr\/663002\/","title":{"rendered":"\u00c0 Plan-de-Cuques, \u00ab\u00a0Le Comte de Monte-Cristo\u00a0\u00bb prend une dimension \u00e9lectro-po\u00e9tique"},"content":{"rendered":"<p>Et si le destin du <a href=\"https:\/\/www.laprovence.com\/article\/region\/5253718991098114\/marseille-sur-les-traces-d-un-mythe-le-comte-de-monte-cristo-au-chateau-d-if-entre-verite-et-legende\" target=\"_blank\" rel=\"noopener\">comte de Monte-Cristo<\/a> faisait intimement \u00e9cho \u00e0 celui de son auteur, Alexandre Dumas\u00a0? C\u2019est la th\u00e8se que d\u00e9fend sur sc\u00e8ne le <a href=\"https:\/\/www.laprovence.com\/article\/region\/24277117375632\/fred-nevche-en-concert-ce-mercredi-soir-a-marseille-avec-emotional-data\" target=\"_blank\" rel=\"noopener\">musicien-po\u00e8te marseillais Fred Nevch\u00e9<\/a> aux c\u00f4t\u00e9s de l\u2019auteur de BD Alfred.<\/p>\n<p>Apr\u00e8s l\u2019Inde, l\u2019Egypte, le Liban, la Hongrie ou l\u2019Espagne, la tourn\u00e9e internationale de leur concert-dessin\u00e9 Edmond Dumas Dant\u00e8s, une vie extraordinaire du comte de Monte-Cristo, fait \u00e9tape \u00e0 Plan-de-Cuques, ce vendredi 16\u00a0janvier. Pendant que Fred Nevch\u00e9 assurera la performance vocale et musicale, guitare \u00e0 la main, un film projettera le dessin r\u00e9alis\u00e9 en temps r\u00e9el par Alfred.<\/p>\n<p><img alt=\"L'artiste dessinateur de BD Alfred.\" loading=\"lazy\" decoding=\"async\" data-nimg=\"fill\" class=\" TwicCore_img__i9TC1 undefined  undefined\" style=\"position:absolute;height:100%;width:100%;left:0;top:0;right:0;bottom:0;color:transparent;background-size:cover;background-position:50% 50%;background-repeat:no-repeat;background-image:url(&quot;data:image\/svg+xml;charset=utf-8,%3Csvg xmlns='http:\/\/www.w3.org\/2000\/svg' %3E%3Cfilter id='b' color-interpolation-filters='sRGB'%3E%3CfeGaussianBlur stdDeviation='20'\/%3E%3CfeColorMatrix values='1 0 0 0 0 0 1 0 0 0 0 0 1 0 0 0 0 0 100 -1' result='s'\/%3E%3CfeFlood x='0' y='0' width='100%25' height='100%25'\/%3E%3CfeComposite operator='out' in='s'\/%3E%3CfeComposite in2='SourceGraphic'\/%3E%3CfeGaussianBlur stdDeviation='20'\/%3E%3C\/filter%3E%3Cimage width='100%25' height='100%25' x='0' y='0' preserveAspectRatio='none' style='filter: url(%23b);' href='data:image\/webp;base64,UklGRjYDAABXRUJQVlA4ICoDAABwOwCdASpYAjMBPkkkkEYipC2hIHHIYbAJCWlu4XY+BNqD18Y8NfsAGklspy5cuXLly5cuXLly5cuXLly5cuXLly5cuXLly5cuXLly5cuXLly5cuXLly5cuXLly5cuXLly5cuXLly5cuXLly5cuXLly5cOmSMpCYAqxrZTly5cuXLlb+kGzWSu8K3E1y5cuXLly5cuXLly586rC9hJ59veBEwBVjWynLly5cuXLug2VFzeerXpFBoE1DzVqRnK9boVWdU5uGOkJgCrGtlOXLl3LvfxUZpxwRcmsj79wb4EbKlE\/r22O42hBnpQFwx0hMAVY1spy4YzRxqGxu6c2HW2qsf0YBKFRSEwBVjWynLly5cuaOzYEbNk92seqt0qoLUhMAVY1spy5crUBhXE756j\/F5H4PuLhYztBdg85f1XvYrGtlOXLly5cuXLly8BqjFLIyVJAdajjWODMD9LlVAXDHSEwBVjWynLly9tbE8pMCyjcR7xcMdITAFWNbKcuXLly+D+fa3VF4N6KxrZTly5cuXLly5cuXLly5cuXLly5cuXLly5cuXLly5cuXLly5cuXLly5cuXLly5cuXLly5cuXLly5cuXLly5cuXLly5cuXLly5cuXLly5cuXLly5cuXLhAAAP7\/oF7\/uk\/U\/0X960XRsIAEB2AAAAAAN70kr1HHyAOX3hkoohV27A67FGK7ZDJxBrJxh4Ojbr\/WDeEfz\/7o3pHj59TQ8XGsQUhr3sN7hFK2Jryx8ktgST6T5ReQQ3\/8iFy18d24oI\/ehYDZRlXUy0Kupe8Eo1oGLy7EtnzszCA7wOSYi2TuBOTEajrI03t4X5RtPEfwApDODep6IxUiWEqwc10ClsN9PiXJYP\/ftxQ4kB\/fvVojv0hPD+UslrCvnBMHKjiIKuNWc2UVssi9Sc7OFkej4bXkVzuyn3wK6aai9cjlMoDj0aFvX1cABgc2Kb52QF9UStQKG7NBnYzqQyNQam2c8hYLfhjPkZw8Wtbagqpsowi5hfki1bc1bmdFsUiBCz012jpiep8diCSRABf4vizRKv35xIIAoAAAAAAAAAAAAAA='\/%3E%3C\/svg%3E&quot;)\"   src=\"https:\/\/www.europesays.com\/fr\/wp-content\/uploads\/2026\/01\/l-artiste-dessinateur-de-bd-alfred-1768385737_e5fc6e90856961afc6e9085690efc6v_.jpg\"\/>L&rsquo;artiste dessinateur de BD Alfred. \/ PHOTO DRLa revanche sociale de Dumas<\/p>\n<p>\u00ab\u00a0\u00c0 travers des \u00e9tapes clefs du livre que sont <a href=\"https:\/\/www.laprovence.com\/article\/sortie-loisirs\/1607470010697914\/le-mythe-de-monte-cristo-domine-le-chateau-d-if-a-marseille\" target=\"_blank\" rel=\"noopener\">l\u2019\u00e9vasion du ch\u00e2teau d\u2019If<\/a>, l\u2019arriv\u00e9e \u00e0 Marseille, la d\u00e9couverte du tr\u00e9sor et la vengeance du comte, nous faisons le parall\u00e8le entre la vie de Monte-Cristo et celle de Dumas, pour d\u00e9voiler les raisons profondes et cach\u00e9es pour lesquelles Alexandre Dumas a \u00e9crit ce roman\u00a0\u00bb, explique Fred Nevch\u00e9.<\/p>\n<p><img alt=\"Le musicien-po\u00e8te marseillais Fred Nevch\u00e9.\" loading=\"lazy\" decoding=\"async\" data-nimg=\"fill\" class=\" TwicCore_img__i9TC1 undefined  undefined\" style=\"position:absolute;height:100%;width:100%;left:0;top:0;right:0;bottom:0;color:transparent;background-size:cover;background-position:50% 50%;background-repeat:no-repeat;background-image:url(&quot;data:image\/svg+xml;charset=utf-8,%3Csvg xmlns='http:\/\/www.w3.org\/2000\/svg' %3E%3Cfilter id='b' color-interpolation-filters='sRGB'%3E%3CfeGaussianBlur stdDeviation='20'\/%3E%3CfeColorMatrix values='1 0 0 0 0 0 1 0 0 0 0 0 1 0 0 0 0 0 100 -1' result='s'\/%3E%3CfeFlood x='0' y='0' width='100%25' height='100%25'\/%3E%3CfeComposite operator='out' in='s'\/%3E%3CfeComposite in2='SourceGraphic'\/%3E%3CfeGaussianBlur stdDeviation='20'\/%3E%3C\/filter%3E%3Cimage width='100%25' height='100%25' x='0' y='0' preserveAspectRatio='none' style='filter: url(%23b);' href='data:image\/webp;base64,UklGRjYDAABXRUJQVlA4ICoDAABwOwCdASpYAjMBPkkkkEYipC2hIHHIYbAJCWlu4XY+BNqD18Y8NfsAGklspy5cuXLly5cuXLly5cuXLly5cuXLly5cuXLly5cuXLly5cuXLly5cuXLly5cuXLly5cuXLly5cuXLly5cuXLly5cuXLly5cOmSMpCYAqxrZTly5cuXLlb+kGzWSu8K3E1y5cuXLly5cuXLly586rC9hJ59veBEwBVjWynLly5cuXLug2VFzeerXpFBoE1DzVqRnK9boVWdU5uGOkJgCrGtlOXLl3LvfxUZpxwRcmsj79wb4EbKlE\/r22O42hBnpQFwx0hMAVY1spy4YzRxqGxu6c2HW2qsf0YBKFRSEwBVjWynLly5cuaOzYEbNk92seqt0qoLUhMAVY1spy5crUBhXE756j\/F5H4PuLhYztBdg85f1XvYrGtlOXLly5cuXLly8BqjFLIyVJAdajjWODMD9LlVAXDHSEwBVjWynLly9tbE8pMCyjcR7xcMdITAFWNbKcuXLly+D+fa3VF4N6KxrZTly5cuXLly5cuXLly5cuXLly5cuXLly5cuXLly5cuXLly5cuXLly5cuXLly5cuXLly5cuXLly5cuXLly5cuXLly5cuXLly5cuXLly5cuXLly5cuXLhAAAP7\/oF7\/uk\/U\/0X960XRsIAEB2AAAAAAN70kr1HHyAOX3hkoohV27A67FGK7ZDJxBrJxh4Ojbr\/WDeEfz\/7o3pHj59TQ8XGsQUhr3sN7hFK2Jryx8ktgST6T5ReQQ3\/8iFy18d24oI\/ehYDZRlXUy0Kupe8Eo1oGLy7EtnzszCA7wOSYi2TuBOTEajrI03t4X5RtPEfwApDODep6IxUiWEqwc10ClsN9PiXJYP\/ftxQ4kB\/fvVojv0hPD+UslrCvnBMHKjiIKuNWc2UVssi9Sc7OFkej4bXkVzuyn3wK6aai9cjlMoDj0aFvX1cABgc2Kb52QF9UStQKG7NBnYzqQyNQam2c8hYLfhjPkZw8Wtbagqpsowi5hfki1bc1bmdFsUiBCz012jpiep8diCSRABf4vizRKv35xIIAoAAAAAAAAAAAAAA='\/%3E%3C\/svg%3E&quot;)\"   src=\"https:\/\/www.europesays.com\/fr\/wp-content\/uploads\/2026\/01\/le-musicien-poete-fred-nevche-1768385737_c3397d9085696e7397d908569bb397v_.jpg\"\/>Le musicien-po\u00e8te marseillais Fred Nevch\u00e9. \/ PHOTO BERTRAND JAMOT<\/p>\n<p>Romancier, directeur de th\u00e9\u00e2tre, patron de presse, grand voyageur et m\u00eame, durant un temps, homme politique, Alexandre Dumas \u00e9tait un homme aux multiples facettes et au parcours hors du commun. Le r\u00e9cit de la vengeance d\u2019Edmond Dant\u00e8s, qu\u2019il a publi\u00e9 il y a tout juste 180\u00a0ans, ne serait-il pas au fond celui de la revanche sociale de l\u2019\u00e9crivain dont la grand-m\u00e8re, Marie-Cessette Dumas, \u00e0 qui il a souhait\u00e9 rendre hommage en reprenant le patronyme, \u00e9tait une esclave affranchie de Saint-Domingue\u00a0?<\/p>\n<p>C\u2019est dans le cadre du <a href=\"https:\/\/www.laprovence.com\/article\/culture-loisirs\/1371969143391814\/au-festival-oh-les-beaux-jours-des-mots-et-des-notes-bercent-le-public-au-conservatoire-de-marseille\" target=\"_blank\" rel=\"noopener\">festival Oh les beaux jours\u00a0!<\/a>, au Mucem, que la cr\u00e9ation hybride a \u00e9t\u00e9 pr\u00e9sent\u00e9e pour la premi\u00e8re fois, il y a un an et demi. \u00ab\u00a0Depuis, elle a rencontr\u00e9 un succ\u00e8s \u00e9norme\u00a0\u00bb, se r\u00e9jouit Fred Nevch\u00e9, qui, outre \u00e0 l\u2019international, l\u2019a notamment donn\u00e9e \u00e0 voir aupr\u00e8s d\u2019un public scolaire, au coll\u00e8ge Elsa-Triolet \u00e0 Saint-Antoine (15e) comme \u00e0 l\u2019\u00e9cole priv\u00e9e de Provence (8e).<\/p>\n<p>\u00c9crite pour sensibiliser les jeunes, accessible \u00e0 tous les publics d\u00e8s 8\u00a0ans, la performance m\u00eale dessin et musique \u00e9lectro une heure durant, et il n\u2019est pas rare qu\u2019elle s\u2019ach\u00e8ve sur un \u00e9change avec l\u2019artiste, \u00e0 l\u2019issue d\u2019une standing ovation.<\/p>\n<p><strong>\u00ab\u00a0Edmond Dumas Dant\u00e8s, une vie extraordinaire du comte de Monte-Cristo\u00a0\u00bb, vendredi 16\u00a0janvier \u00e0 20\u00a0h\u00a030 \u00e0 l\u2019Espace Miremont, 99 avenue Fr\u00e9d\u00e9ric-Chevillon, \u00e0 Plan-de-Cuques. Tarif\u00a0: 5\u00a0\u20ac. https:\/\/www.plandecuques.fr\/billetterie-spectacles<\/strong>&#13;\n<\/p>\n<p>Une conf\u00e9rence \u00e0 Allauch<\/p>\n<p>Si l\u2019\u0153uvre phare d\u2019Alexandre Dumas vous fascine, c\u2019est l\u2019occasion de la red\u00e9couvrir, via une conf\u00e9rence qui sera donn\u00e9e \u00e0 Allauch, \u00e0 la fin de ce mois de janvier. Alors qu\u2019on c\u00e9l\u00e8bre l\u2019anniversaire de la publication originale du Comte de Monte-Cristo en feuilleton, le 15\u00a0janvier\u00a01846, Fr\u00e9d\u00e9ric Presles, auteur d\u2019un ouvrage-enqu\u00eate sur les traces du Comte de Monte Cristo et membre de la Soci\u00e9t\u00e9 des Explorateurs fran\u00e7ais, propose de livrer son investigation dans les rues de Marseille. Comment est n\u00e9 le roman\u00a0? Qui sont les h\u00e9ritiers de Monte Cristo\u00a0? Que sont devenus les d\u00e9cors du r\u00e9cit\u00a0? Pour le savoir, rendez-vous le jeudi 29\u00a0janvier, \u00e0 19\u00a0h, \u00e0 l\u2019auditorium du P\u00f4le culturel de l\u2019Usine \u00e9lectrique. Gratuite, la conf\u00e9rence sera suivie d\u2019une s\u00e9ance de d\u00e9dicaces du livre par Fr\u00e9d\u00e9ric Presles.<br \/>04\u00a091\u00a010\u00a049\u00a020.<\/p>\n","protected":false},"excerpt":{"rendered":"Et si le destin du comte de Monte-Cristo faisait intimement \u00e9cho \u00e0 celui de son auteur, Alexandre Dumas\u00a0?&hellip;\n","protected":false},"author":2,"featured_media":663003,"comment_status":"","ping_status":"","sticky":false,"template":"","format":"standard","meta":{"footnotes":""},"categories":[2814],"tags":[930,5734,1111,11,49322,76430,1777,674,1011,27,884,17972,12,20444,6020,882,16,25,96],"class_list":{"0":"post-663002","1":"post","2":"type-post","3":"status-publish","4":"format-standard","5":"has-post-thumbnail","7":"category-marseille","8":"tag-le","9":"tag-5734","10":"tag-actu","11":"tag-actualites","12":"tag-comte","13":"tag-dimension","14":"tag-eu","15":"tag-europe","16":"tag-fr","17":"tag-france","18":"tag-marseille","19":"tag-monte-cristo","20":"tag-news","21":"tag-plan-de-cuques","22":"tag-prend","23":"tag-provence-alpes-cote-dazur","24":"tag-region","25":"tag-republique-francaise","26":"tag-une"},"share_on_mastodon":{"url":"https:\/\/pubeurope.com\/@fr\/115893696293762092","error":""},"_links":{"self":[{"href":"https:\/\/www.europesays.com\/fr\/wp-json\/wp\/v2\/posts\/663002","targetHints":{"allow":["GET"]}}],"collection":[{"href":"https:\/\/www.europesays.com\/fr\/wp-json\/wp\/v2\/posts"}],"about":[{"href":"https:\/\/www.europesays.com\/fr\/wp-json\/wp\/v2\/types\/post"}],"author":[{"embeddable":true,"href":"https:\/\/www.europesays.com\/fr\/wp-json\/wp\/v2\/users\/2"}],"replies":[{"embeddable":true,"href":"https:\/\/www.europesays.com\/fr\/wp-json\/wp\/v2\/comments?post=663002"}],"version-history":[{"count":0,"href":"https:\/\/www.europesays.com\/fr\/wp-json\/wp\/v2\/posts\/663002\/revisions"}],"wp:featuredmedia":[{"embeddable":true,"href":"https:\/\/www.europesays.com\/fr\/wp-json\/wp\/v2\/media\/663003"}],"wp:attachment":[{"href":"https:\/\/www.europesays.com\/fr\/wp-json\/wp\/v2\/media?parent=663002"}],"wp:term":[{"taxonomy":"category","embeddable":true,"href":"https:\/\/www.europesays.com\/fr\/wp-json\/wp\/v2\/categories?post=663002"},{"taxonomy":"post_tag","embeddable":true,"href":"https:\/\/www.europesays.com\/fr\/wp-json\/wp\/v2\/tags?post=663002"}],"curies":[{"name":"wp","href":"https:\/\/api.w.org\/{rel}","templated":true}]}}