{"id":663004,"date":"2026-01-14T13:30:10","date_gmt":"2026-01-14T13:30:10","guid":{"rendered":"https:\/\/www.europesays.com\/fr\/663004\/"},"modified":"2026-01-14T13:30:10","modified_gmt":"2026-01-14T13:30:10","slug":"meteo-a-marseille-previsions-du-mercredi-14-janvier-2026","status":"publish","type":"post","link":"https:\/\/www.europesays.com\/fr\/663004\/","title":{"rendered":"M\u00e9t\u00e9o \u00e0 Marseille : pr\u00e9visions du mercredi 14 janvier 2026"},"content":{"rendered":"<p>\u00c0 Marseille, la journ\u00e9e reste tr\u00e8s nuageuse avec des temp\u00e9ratures douces autour de 12 \u00e0 15\u00b0C. Le vent d\u2019Est-Sud-Est se renforce en apr\u00e8s-midi, sans risque de pluie.<\/p>\n<p>    Ce matin \u00e0 Marseille : lever du soleil \u00e0 08 h 08<\/p>\n<p>\u00c0 9 h, Marseille s\u2019\u00e9veille sous un ciel tr\u00e8s nuageux ; le soleil, lev\u00e9 \u00e0 08 h 08, demeure dissimul\u00e9 derri\u00e8re une \u00e9paisse grisaille qui att\u00e9nue la lumi\u00e8re hivernale.<\/p>\n<p>Le thermom\u00e8tre affiche <b>12 \u00b0C<\/b>, mais la temp\u00e9rature ressentie descend \u00e0 <b>9 \u00b0C<\/b> en raison d\u2019un vent d\u2019Est soufflant \u00e0 <b>15 km\/h<\/b>, suffisant pour rafra\u00eechir rapidement les mains non prot\u00e9g\u00e9es.<\/p>\n<p>Avec une humidit\u00e9 \u00e0 <b>75 %<\/b> et une pression de <b>1 022 hPa<\/b>, le temps reste sous l\u2019influence d\u2019un anticyclone stable, excluant tout risque de pluie ; les parapluies peuvent donc rester rang\u00e9s ce matin.<\/p>\n<p>Conseil pratique : privil\u00e9giez une veste coupe-vent et un caf\u00e9 bien chaud avant d\u2019entamer les trajets scolaires ou professionnels, surtout pour les cyclistes expos\u00e9s aux courants d\u2019air maritime.<\/p>\n<ul>\n<li><b>Temp\u00e9rature : 12 \u00b0C<\/b><\/li>\n<li>Ressenti : 9 \u00b0C<\/li>\n<li>Vent Est : 15 km\/h<\/li>\n<li>Humidit\u00e9 : 75 %<\/li>\n<li>Pression : 1 022 hPa<\/li>\n<\/ul>\n<p>Apr\u00e8s-midi : grisaille persistante<\/p>\n<p>Les nuages demeurent tenaces ; l\u2019ambiance reste laiteuse malgr\u00e9 la clart\u00e9 m\u00e9ridionale, offrant une luminosit\u00e9 diffuse qui adoucit les contrastes sur la rade.<\/p>\n<p>\u00c0 15 h, le maximum diurne est atteint : <b>15 \u00b0C<\/b>, ressenti <b>13 \u00b0C<\/b>. Une douceur relative pour la saison, mais sans soleil, l\u2019effet de chauffe reste limit\u00e9.<\/p>\n<p>Le vent s\u2019oriente au Sud-Est et se renforce \u00e0 <b>18 km\/h<\/b>, suffisant pour rider l\u00e9g\u00e8rement la surface maritime et g\u00e9n\u00e9rer une brise fra\u00eeche dans les rues perpendiculaires au littoral.<\/p>\n<p>Sans humidit\u00e9 suppl\u00e9mentaire ni pluie, la qualit\u00e9 de l\u2019air reste toutefois non d\u00e9finie ; il est recommand\u00e9 aux personnes sensibles d\u2019a\u00e9rer mod\u00e9r\u00e9ment les int\u00e9rieurs en milieu de journ\u00e9e.<\/p>\n<p>Cette situation anticyclonique hivernale, fr\u00e9quente en M\u00e9diterran\u00e9e, illustre le blocage des perturbations atlantiques et prolonge les p\u00e9riodes sans pr\u00e9cipitation.<\/p>\n<ul>\n<li><b>Maxi du jour : 15 \u00b0C<\/b><\/li>\n<li>Ressenti : 13 \u00b0C<\/li>\n<li>Vent Sud-Est : 18 km\/h<\/li>\n<li>Humidit\u00e9 : 67 %<\/li>\n<li>Pression : 1 020 hPa<\/li>\n<\/ul>\n<p>Soir : coucher de soleil \u00e0 17 h 26<\/p>\n<p>Le disque solaire s\u2019efface derri\u00e8re l\u2019horizon \u00e0 17 h 26 tandis que la teinte du ciel varie peu ; l\u2019\u00e9paisse couverture grise persiste, ne laissant filtrer qu\u2019une clart\u00e9 cr\u00e9pusculaire att\u00e9nu\u00e9e.<\/p>\n<p>Vers 21 h, le thermom\u00e8tre indique <b>12 \u00b0C<\/b>, ressenti <b>10 \u00b0C<\/b>. La brise d\u2019Est tombe \u00e0 <b>10 km\/h<\/b>, encore suffisante pour rafra\u00eechir les terrasses du Vieux-Port.<\/p>\n<p>Humidit\u00e9 \u00e0 <b>76 %<\/b>, pression stable \u00e0 <b>1 021 hPa<\/b> : la soir\u00e9e s\u2019annonce calme, propice aussi bien aux d\u00e9placements en voiture qu\u2019\u00e0 pied, sans brouillard ni chauss\u00e9e humide.<\/p>\n<p>Pour une balade, un pull l\u00e9ger reste conseill\u00e9 ; vigilance toutefois sur la Corniche, plus expos\u00e9e au vent maritime r\u00e9siduel et \u00e0 un ressenti de froid accentu\u00e9.<\/p>\n<p>La couverture nuageuse limitera le refroidissement nocturne, avec des temp\u00e9ratures minimales attendues autour de <b>11 \u00b0C<\/b> avant l\u2019aube de jeudi.<\/p>\n<p>Tendance g\u00e9n\u00e9rale pour demain<\/p>\n<p>Demain, les mod\u00e8les confirment un ciel tr\u00e8s nuageux persistant sur Marseille, sans signal de pluie significatif.<\/p>\n<p>Le thermom\u00e8tre devrait osciller entre <b>11 \u00b0C<\/b> et <b>15 \u00b0C<\/b> au meilleur, avec un ressenti ne d\u00e9passant pas <b>12 \u00b0C<\/b>.<\/p>\n<p>Le vent d\u2019Est-Sud-Est se renforcera nettement ; nos sorties de mod\u00e8les annoncent jusqu\u2019\u00e0 <b>27 km\/h<\/b> en r\u00e9gime moyen et des rafales atteignant <b>45 km\/h<\/b> sur le littoral.<\/p>\n<p>Cons\u00e9quence pratique : vigilance recommand\u00e9e pour les deux-roues, nacelles et \u00e9chafaudages, ainsi qu\u2019une mer plus agit\u00e9e pouvant impacter certaines liaisons maritimes vers les \u00eeles du Frioul.<\/p>\n<p>Risque de pluie quasi nul (1 %), sols secs ; la v\u00e9g\u00e9tation m\u00e9diterran\u00e9enne demeure expos\u00e9e \u00e0 la dessiccation hivernale, d\u2019o\u00f9 la n\u00e9cessit\u00e9 de limiter les br\u00fblages et m\u00e9gots.<\/p>\n<p>Pour un suivi heure par heure, consultez <a href=\"https:\/\/www.meteocity.com\/france\/marseille-v2995469\" target=\"_blank\" rel=\"noopener\">notre bulletin d\u00e9taill\u00e9<\/a> actualis\u00e9 tout au long de la journ\u00e9e.<\/p>\n","protected":false},"excerpt":{"rendered":"\u00c0 Marseille, la journ\u00e9e reste tr\u00e8s nuageuse avec des temp\u00e9ratures douces autour de 12 \u00e0 15\u00b0C. Le vent&hellip;\n","protected":false},"author":2,"featured_media":663005,"comment_status":"","ping_status":"","sticky":false,"template":"","format":"standard","meta":{"footnotes":""},"categories":[2814],"tags":[1111,11,1777,674,1011,27,884,12,882,25],"class_list":{"0":"post-663004","1":"post","2":"type-post","3":"status-publish","4":"format-standard","5":"has-post-thumbnail","7":"category-marseille","8":"tag-actu","9":"tag-actualites","10":"tag-eu","11":"tag-europe","12":"tag-fr","13":"tag-france","14":"tag-marseille","15":"tag-news","16":"tag-provence-alpes-cote-dazur","17":"tag-republique-francaise"},"share_on_mastodon":{"url":"https:\/\/pubeurope.com\/@fr\/115893700167108474","error":""},"_links":{"self":[{"href":"https:\/\/www.europesays.com\/fr\/wp-json\/wp\/v2\/posts\/663004","targetHints":{"allow":["GET"]}}],"collection":[{"href":"https:\/\/www.europesays.com\/fr\/wp-json\/wp\/v2\/posts"}],"about":[{"href":"https:\/\/www.europesays.com\/fr\/wp-json\/wp\/v2\/types\/post"}],"author":[{"embeddable":true,"href":"https:\/\/www.europesays.com\/fr\/wp-json\/wp\/v2\/users\/2"}],"replies":[{"embeddable":true,"href":"https:\/\/www.europesays.com\/fr\/wp-json\/wp\/v2\/comments?post=663004"}],"version-history":[{"count":0,"href":"https:\/\/www.europesays.com\/fr\/wp-json\/wp\/v2\/posts\/663004\/revisions"}],"wp:featuredmedia":[{"embeddable":true,"href":"https:\/\/www.europesays.com\/fr\/wp-json\/wp\/v2\/media\/663005"}],"wp:attachment":[{"href":"https:\/\/www.europesays.com\/fr\/wp-json\/wp\/v2\/media?parent=663004"}],"wp:term":[{"taxonomy":"category","embeddable":true,"href":"https:\/\/www.europesays.com\/fr\/wp-json\/wp\/v2\/categories?post=663004"},{"taxonomy":"post_tag","embeddable":true,"href":"https:\/\/www.europesays.com\/fr\/wp-json\/wp\/v2\/tags?post=663004"}],"curies":[{"name":"wp","href":"https:\/\/api.w.org\/{rel}","templated":true}]}}