{"id":663006,"date":"2026-01-14T13:31:12","date_gmt":"2026-01-14T13:31:12","guid":{"rendered":"https:\/\/www.europesays.com\/fr\/663006\/"},"modified":"2026-01-14T13:31:12","modified_gmt":"2026-01-14T13:31:12","slug":"a-la-rencontre-de-la-creativite-africaine","status":"publish","type":"post","link":"https:\/\/www.europesays.com\/fr\/663006\/","title":{"rendered":"\u00e0 la rencontre de la cr\u00e9ativit\u00e9 africaine"},"content":{"rendered":"<p>                            <img loading=\"lazy\" width=\"1200\" height=\"885\" class=\"attachment-article size-article wp-post-image lazyload\" alt=\"\" decoding=\"async\" src=\"https:\/\/www.europesays.com\/fr\/wp-content\/uploads\/2026\/01\/Abdoulaye-KonateMotif-central-Peulh2021Textile237\u00d7334cm.jpg\" data-eio-rwidth=\"1200\" data-eio-rheight=\"885\"\/><\/p>\n<p>Abdoulaye Konat\u00e9, motif central Peulh, 2021, textile, 237 x 334cm<\/p>\n<p>La galerie <a href=\"https:\/\/www.lyoncapitale.fr\/culture\/expo-a-la-galerie-manifesta-la-nature-de-toutes-les-matieres\" target=\"_blank\" rel=\"noopener\">Manifesta<\/a> accueille la Primo Marella Gallery, galerie italienne bas\u00e9e \u00e0 Milan, avec une exposition d\u00e9di\u00e9e \u00e0 l\u2019art contemporain africain, r\u00e9v\u00e9lant une diversit\u00e9 d\u2019artistes qui, entre tradition et innovation, participent \u00e0 la cr\u00e9ativit\u00e9 de ce continent, \u00e9tablissant un dialogue entre des ma\u00eetres confirm\u00e9s et les jeunes talents \u00e9mergents.\u00a0<\/p>\n<p>Ils sont sept internationalement reconnus dont deux figures majeures : <strong>Abdoulaye Konat\u00e9,<\/strong> ma\u00eetre malien du textile contemporain qui s\u2019inspire d\u2019une tradition ouest-africaine \u2013 utiliser le textile comme moyen de communication \u2013 pour interroger l\u2019impact des guerres, les luttes de pouvoir, la religion, la mondialisation, les bouleversements \u00e9cologiques et l\u2019\u00e9pid\u00e9mie de sida sur les soci\u00e9t\u00e9s et les individus et <strong>Joel Andrianomearisoa,<\/strong> artiste malgache pluridisciplinaire qui sculpte les tissus et de multiples mati\u00e8res pour cr\u00e9er des r\u00e9cits abstraits, dramatiques ou porteurs d\u2019espoirs, tous empreints de sa culture. <\/p>\n<p><img loading=\"lazy\" decoding=\"async\" width=\"900\" height=\"900\" alt=\"\" class=\"wp-image-475381 lazyload\" src=\"https:\/\/www.europesays.com\/fr\/wp-content\/uploads\/2026\/01\/Hako-Hankson-The-influence-of-the-colonial-administration-2024-Acrylic-and-Indian-Ink-on-canvas-200-.jpeg\" data-eio-rwidth=\"900\" data-eio-rheight=\"900\"\/>Hako Hankson, The influence of the colonial administration, 2024, 200 x 200 cm<\/p>\n<p>\u00c0 leurs c\u00f4t\u00e9s : <strong>Troy Makaza <\/strong>(Zimbabwe) qui invente un m\u00e9dium en silicone peint pour brouiller les fronti\u00e8res entre sculpture et peinture, <strong>Hako Hankson <\/strong>(Cameroun) plasticien autodidacte qui m\u00eale mythes ancestraux et formes modernes, <strong>Godwin Champs Namuyimba <\/strong>(Ouganda) jeune peintre reconnu pour ses portraits intimistes explorant l\u2019identit\u00e9 postcoloniale, <strong>Arim Andrew <\/strong>(Ouganda) dont le travail interroge les rapports de pouvoir et <strong>Samuel Nnorom <\/strong>(Niger) qui m\u00eale la sculpture au tissu ab\u00eem\u00e9 axant son travail sur le recyclage du textile, avec une r\u00e9flexion sociologique sur la condition humaine.<\/p>\n<p><strong>Africa Universe <\/strong>&#8211; Primo Marella Gallery \u2013 Du 14 janvier au 4 mars 2026 chez Manifesta (Lyon 1er) \u2013\u00a0<a href=\"http:\/\/manifesta-lyon.fr\/\" target=\"_blank\" rel=\"noopener\">manifesta-lyon.fr<\/a><\/p>\n","protected":false},"excerpt":{"rendered":"Abdoulaye Konat\u00e9, motif central Peulh, 2021, textile, 237 x 334cm La galerie Manifesta accueille la Primo Marella Gallery,&hellip;\n","protected":false},"author":2,"featured_media":663007,"comment_status":"","ping_status":"","sticky":false,"template":"","format":"standard","meta":{"footnotes":""},"categories":[1889],"tags":[1111,11,2430,1777,674,1011,27,2428,12,25],"class_list":{"0":"post-663006","1":"post","2":"type-post","3":"status-publish","4":"format-standard","5":"has-post-thumbnail","7":"category-lyon","8":"tag-actu","9":"tag-actualites","10":"tag-auvergne-rhone-alpes","11":"tag-eu","12":"tag-europe","13":"tag-fr","14":"tag-france","15":"tag-lyon","16":"tag-news","17":"tag-republique-francaise"},"share_on_mastodon":{"url":"https:\/\/pubeurope.com\/@fr\/115893704164689169","error":""},"_links":{"self":[{"href":"https:\/\/www.europesays.com\/fr\/wp-json\/wp\/v2\/posts\/663006","targetHints":{"allow":["GET"]}}],"collection":[{"href":"https:\/\/www.europesays.com\/fr\/wp-json\/wp\/v2\/posts"}],"about":[{"href":"https:\/\/www.europesays.com\/fr\/wp-json\/wp\/v2\/types\/post"}],"author":[{"embeddable":true,"href":"https:\/\/www.europesays.com\/fr\/wp-json\/wp\/v2\/users\/2"}],"replies":[{"embeddable":true,"href":"https:\/\/www.europesays.com\/fr\/wp-json\/wp\/v2\/comments?post=663006"}],"version-history":[{"count":0,"href":"https:\/\/www.europesays.com\/fr\/wp-json\/wp\/v2\/posts\/663006\/revisions"}],"wp:featuredmedia":[{"embeddable":true,"href":"https:\/\/www.europesays.com\/fr\/wp-json\/wp\/v2\/media\/663007"}],"wp:attachment":[{"href":"https:\/\/www.europesays.com\/fr\/wp-json\/wp\/v2\/media?parent=663006"}],"wp:term":[{"taxonomy":"category","embeddable":true,"href":"https:\/\/www.europesays.com\/fr\/wp-json\/wp\/v2\/categories?post=663006"},{"taxonomy":"post_tag","embeddable":true,"href":"https:\/\/www.europesays.com\/fr\/wp-json\/wp\/v2\/tags?post=663006"}],"curies":[{"name":"wp","href":"https:\/\/api.w.org\/{rel}","templated":true}]}}