{"id":663008,"date":"2026-01-14T13:32:16","date_gmt":"2026-01-14T13:32:16","guid":{"rendered":"https:\/\/www.europesays.com\/fr\/663008\/"},"modified":"2026-01-14T13:32:16","modified_gmt":"2026-01-14T13:32:16","slug":"un-medecin-mis-en-examen-son-cabinet-place-sous-scelle","status":"publish","type":"post","link":"https:\/\/www.europesays.com\/fr\/663008\/","title":{"rendered":"un m\u00e9decin mis en examen, son cabinet plac\u00e9 sous scell\u00e9"},"content":{"rendered":"<p>\u00ab\u00a0Cabinet ferm\u00e9 pour raisons familiales. S\u2019adresser aux confr\u00e8res du quartier si besoin ou \u00e0 SOS m\u00e9decins\u00a0\u00bb\u00a0: la banale affichette placard\u00e9e sur le cabinet m\u00e9dical du Parc, situ\u00e9 102 rue Crillon, \u00e0 Lyon 6 e , n\u2019avait pas sp\u00e9cialement inqui\u00e9t\u00e9 les patients.\u00a0Les rubalises et scell\u00e9s appos\u00e9s par la police nationale le 18\u00a0d\u00e9cembre dans le cadre d\u2019une commission rogatoire si. Certains habitants s\u2019en \u00e9taient \u00e9mus sur un groupe Facebook d\u2019habitants de l\u2019arrondissement.<\/p>\n<p>Selon <a href=\"https:\/\/actu.fr\/auvergne-rhone-alpes\/lyon_69123\/lyon-ce-medecin-respecte-vise-par-de-graves-accusations-son-cabinet-ferme-par-la-justice_63694924.html\" target=\"_blank\" rel=\"noopener\">ActuLyon<\/a> qui a r\u00e9v\u00e9l\u00e9 l\u2019information ce mercredi, le parquet de Lyon a ouvert une information judiciaire concernant le docteur Beno\u00eet Saint-Paul.<\/p>\n<p>  Interdiction d\u2019exercer<\/p>\n<p>\u00ab\u00a0Dans le cadre de cette proc\u00e9dure, ce m\u00e9decin a \u00e9t\u00e9 mis en examen pour des infractions \u00e0 caract\u00e8re sexuel \u00e0 l\u2019encontre de plusieurs patientes et se trouve actuellement plac\u00e9 sous contr\u00f4le judiciaire comprenant notamment une interdiction d\u2019exercer l\u2019activit\u00e9 professionnelle de m\u00e9decin\u00a0\u00bb, pr\u00e9cise le parquet \u00e0 nos confr\u00e8res.<\/p>\n<p>Le m\u00e9decin g\u00e9n\u00e9raliste b\u00e9n\u00e9ficie d\u2019une r\u00e9putation plut\u00f4t bonne chez ses patients selon les avis encore tr\u00e8s r\u00e9cemment publi\u00e9s sur Google. Sur le r\u00e9seau professionnel LinkedIn, Beno\u00eet Saint-Paul se pr\u00e9sente comme \u00ab\u00a0m\u00e9decin dipl\u00f4m\u00e9, en reconversion vers les m\u00e9tiers du num\u00e9rique et de l\u2019e-sant\u00e9\u00a0\u00bb.<\/p>\n<p>Les investigations se poursuivent sur l\u2019autorit\u00e9 d\u2019un magistrat instructeur. D\u00e9but 2025, un autre m\u00e9decin lyonnais avait \u00e9t\u00e9 mis en examen pour \u00ab\u00a0viol aggrav\u00e9 et agression sexuelle sur mineur de 15 ans\u00a0\u00bb. <a href=\"https:\/\/www.leprogres.fr\/faits-divers-justice\/2025\/03\/27\/viole-a-l-age-de-12-ans-en-consultation-un-medecin-mis-en-examen\" target=\"_blank\" rel=\"noopener\">Il \u00e9tait accus\u00e9 par un patient<\/a> d\u2019avoir abus\u00e9 de lui alors qu\u2019il \u00e9tait enfant, 25 ans plus t\u00f4t.<\/p>\n","protected":false},"excerpt":{"rendered":"\u00ab\u00a0Cabinet ferm\u00e9 pour raisons familiales. S\u2019adresser aux confr\u00e8res du quartier si besoin ou \u00e0 SOS m\u00e9decins\u00a0\u00bb\u00a0: la banale&hellip;\n","protected":false},"author":2,"featured_media":663009,"comment_status":"","ping_status":"","sticky":false,"template":"","format":"standard","meta":{"footnotes":""},"categories":[1889],"tags":[1111,11,2430,271,272,2757,1777,674,274,107,1011,27,2428,2756,12,25,2429],"class_list":{"0":"post-663008","1":"post","2":"type-post","3":"status-publish","4":"format-standard","5":"has-post-thumbnail","7":"category-lyon","8":"tag-actu","9":"tag-actualites","10":"tag-auvergne-rhone-alpes","11":"tag-crime","12":"tag-delit-et-contravention","13":"tag-edition-lyon-villeurbanne","14":"tag-eu","15":"tag-europe","16":"tag-faits-divers-justice","17":"tag-fil-info","18":"tag-fr","19":"tag-france","20":"tag-lyon","21":"tag-lyon-bassin","22":"tag-news","23":"tag-republique-francaise","24":"tag-rhone"},"share_on_mastodon":{"url":"https:\/\/pubeurope.com\/@fr\/115893707901739408","error":""},"_links":{"self":[{"href":"https:\/\/www.europesays.com\/fr\/wp-json\/wp\/v2\/posts\/663008","targetHints":{"allow":["GET"]}}],"collection":[{"href":"https:\/\/www.europesays.com\/fr\/wp-json\/wp\/v2\/posts"}],"about":[{"href":"https:\/\/www.europesays.com\/fr\/wp-json\/wp\/v2\/types\/post"}],"author":[{"embeddable":true,"href":"https:\/\/www.europesays.com\/fr\/wp-json\/wp\/v2\/users\/2"}],"replies":[{"embeddable":true,"href":"https:\/\/www.europesays.com\/fr\/wp-json\/wp\/v2\/comments?post=663008"}],"version-history":[{"count":0,"href":"https:\/\/www.europesays.com\/fr\/wp-json\/wp\/v2\/posts\/663008\/revisions"}],"wp:featuredmedia":[{"embeddable":true,"href":"https:\/\/www.europesays.com\/fr\/wp-json\/wp\/v2\/media\/663009"}],"wp:attachment":[{"href":"https:\/\/www.europesays.com\/fr\/wp-json\/wp\/v2\/media?parent=663008"}],"wp:term":[{"taxonomy":"category","embeddable":true,"href":"https:\/\/www.europesays.com\/fr\/wp-json\/wp\/v2\/categories?post=663008"},{"taxonomy":"post_tag","embeddable":true,"href":"https:\/\/www.europesays.com\/fr\/wp-json\/wp\/v2\/tags?post=663008"}],"curies":[{"name":"wp","href":"https:\/\/api.w.org\/{rel}","templated":true}]}}