{"id":66302,"date":"2025-05-01T06:56:10","date_gmt":"2025-05-01T06:56:10","guid":{"rendered":"https:\/\/www.europesays.com\/fr\/66302\/"},"modified":"2025-05-01T06:56:10","modified_gmt":"2025-05-01T06:56:10","slug":"en-direct-travail-le-1%e1%b5%89%ca%b3-mai-sur-tf1-marylise-leon-secretaire-generale-de-la-cfdt-ne-se-montre-pas-favorable","status":"publish","type":"post","link":"https:\/\/www.europesays.com\/fr\/66302\/","title":{"rendered":"EN DIRECT &#8211; Travail le 1\u1d49\u02b3 mai : sur TF1, Marylise L\u00e9on, secr\u00e9taire g\u00e9n\u00e9rale de la CFDT, ne se montre \u00ab\u00a0pas favorable\u00a0\u00bb"},"content":{"rendered":"<p>Ce jeudi 1\u1d49\u02b3-Mai, la CGT, Solidaires et FSU appellent \u00e0 manifester \u00ab\u00a0pour la paix, nos retraites et nos salaires\u00a0\u00bb dans plus de 250 villes \u00e0 travers la France.L&rsquo;intersyndicale ne sera pas unie pour l&rsquo;occasion.Suivez les derni\u00e8res informations.Les \u00e9l\u00e9ments marquants07:40MARYLISE L\u00c9ON \u00ab\u00a0PAS FAVORABLE\u00a0\u00bb AU TRAVAIL LE 1\u1d49\u02b3 MAI<\/p>\n<p>Sur TF1, la secr\u00e9taire g\u00e9n\u00e9rale de la CFDT Marylise L\u00e9on ne se montre \u00ab\u00a0pas favorable\u00a0\u00bb \u00e0 travailler le 1\u1d49\u02b3-Mai, comme le demandent certains boulangers ou fleuristes. \u00ab\u00a0C&rsquo;est la f\u00eate des travailleurs, cela doit \u00eatre un moment de pause pour tout le monde\u00a0\u00bb, indique-t-elle sur TF1. \u00ab\u00a0Que les politiques aillent voir les travailleurs, pas que les patrons.\u00a0\u00bb<\/p>\n<p>Minute par minute08:00\u00c0 QUOI S&rsquo;ATTENDRE \u00c0 PARIS ?<\/p>\n<p>\u00c0 Paris, de tr\u00e8s nombreuses perturbations sont \u00e0 pr\u00e9voir, notamment au niveau du trafic. Des d\u00e9bordements sont \u00e9galement redout\u00e9s en marge de la manifestation. On fait le point.<\/p>\n<p>Sujets de soci\u00e9t\u00e9<img decoding=\"async\" src=\"https:\/\/www.europesays.com\/fr\/wp-content\/uploads\/2025\/05\/manifestation-1er-mai-2024-afp-d16220-0@1x.jpeg\" alt=\"Manifestation du 1er-Mai \u00e0 Paris : parcours, circulation... \u00c0 quoi s'attendre ? \" loading=\"lazy\" importance=\"low\" fetchpriority=\"low\" class=\"\" copyright=\"AFP\" aria-hidden=\"true\"\/><\/p>\n<p>Publi\u00e9 hier \u00e0 20h31<\/p>\n<p>07:46PAS DE D\u00c9FIL\u00c9 COMMUN DES SYNDICATS : \u00ab\u00a0PAS DE DRAME\u00a0\u00bb<\/p>\n<p>Les forces syndicales ne d\u00e9fileront pas ensemble ce jeudi, comme elles l&rsquo;avaient fait contre la r\u00e9forme des retraites. \u00ab\u00a0On l&rsquo;a fait en 2023, pas en 2024 ni en 2025\u00a0\u00bb, note sur TF1 Marylise L\u00e9on, secr\u00e9taire g\u00e9n\u00e9rale de la CFDT. \u00ab\u00a0Il n&rsquo;y a pas de drame. On continue de se parler et d&rsquo;avoir des projets en commun.\u00a0\u00bb<\/p>\n<p>07:42&Prime;UNE VRAIE POLITIQUE INDUSTRIELLE\u00a0\u00bb<\/p>\n<p>\u00ab\u00a0Il faut une vraie politique industrielle, d\u00e9finie \u00e0 l&rsquo;\u00e9chelle europ\u00e9enne\u00a0\u00bb, demande sur TF1 la secr\u00e9taire g\u00e9n\u00e9rale de la CFDT, Marylise L\u00e9on. \u00ab\u00a0Sur les secteurs strat\u00e9giques, il faut maintenir les emplois et les activit\u00e9s. Il faut regarder toutes les possibilit\u00e9s\u00a0\u00bb, dont la nationalisation, alors que le sid\u00e9rurgiste ArcelorMittal pr\u00e9voit la suppression d&rsquo;environ 600 postes.<\/p>\n<p>07:40MARYLISE L\u00c9ON \u00ab\u00a0PAS FAVORABLE\u00a0\u00bb AU TRAVAIL LE 1\u1d49\u02b3 MAI<\/p>\n<p>Sur TF1, la secr\u00e9taire g\u00e9n\u00e9rale de la CFDT Marylise L\u00e9on ne se montre \u00ab\u00a0pas favorable\u00a0\u00bb \u00e0 travailler le 1\u1d49\u02b3-Mai, comme le demandent certains boulangers ou fleuristes. \u00ab\u00a0C&rsquo;est la f\u00eate des travailleurs, cela doit \u00eatre un moment de pause pour tout le monde\u00a0\u00bb, indique-t-elle sur TF1. \u00ab\u00a0Que les politiques aillent voir les travailleurs, pas que les patrons.\u00a0\u00bb<\/p>\n<p>07:25MARYLISE L\u00c9ON SUR TF1<\/p>\n<p>La secr\u00e9taire g\u00e9n\u00e9rale de la CFDT Marylise L\u00e9on est l&rsquo;invit\u00e9e de \u00ab\u00a0Bonjour ! La Matinale TF1\u00a0\u00bb \u00e0 7h35. Un entretien \u00e0 suivre sur TF1 et <a href=\"https:\/\/www.tf1.fr\/tf1\/direct\" target=\"_blank\" rel=\"noopener\">TF1+ (nouvelle fen\u00eatre)<\/a>.<\/p>\n<blockquote data-testid=\"EmbedTwitter\" id=\"tweet-1917811235447341557-:Recl6ma6ij9n7a6:\" class=\"jsx-aeff1a1c40f54d7a twitter-tweet flex justify-center items-center\"><p>\ud83d\udd34 \ud835\udc00\u0300 \ud835\udc2c\ud835\udc2e\ud835\udc22\ud835\udc2f\ud835\udc2b\ud835\udc1e \ud83d\udde3\ufe0f L&rsquo;invit\u00e9e d&rsquo;\ud835\udc04\ud835\udc27 \ud835\udc13\ud835\udc28\ud835\udc2e\ud835\udc2d\ud835\udc1e \ud835\udc05\ud835\udc2b\ud835\udc1a\ud835\udc27\ud835\udc1c\ud835\udc21\ud835\udc22\ud835\udc2c\ud835\udc1e avec \ud835\udc12\ud835\udc1e\ud835\udc21\ud835\udc25\ud835\udc1a \ud835\udc01\ud835\udc28\ud835\udc2e\ud835\udc20\ud835\udc2b\ud835\udc22\ud835\udc28\ud835\udc2e ( @SehlaBougriou ) est \ud835\udc0c\ud835\udc1a\ud835\udc2b\ud835\udc32\ud835\udc25\ud835\udc22\ud835\udc2c\ud835\udc1e \ud835\udc0b\ud835\udc1e\u0301\ud835\udc28\ud835\udc27 ( @MaryliseLeon ), secr\u00e9taire g\u00e9n\u00e9rale de la CFDT ( @CFDT ) \u23f0  #EnTouteFranchise : d\u00e8s 7h35 dans  #BonjourLaMatinaleTF1 pic.twitter.com\/uD6oz4lZVd \u2014 TF1Info (@TF1Info)  May 1, 2025<\/p><\/blockquote>\n<p>07:22MOBILISATION DU RN<\/p>\n<p>Marine Le Pen et Jordan Bardella tiennent ce jeudi un meeting \u00e0 Narbonne (Aude), mani\u00e8re d&rsquo;afficher leur unit\u00e9, un mois apr\u00e8s la condamnation de la premi\u00e8re \u00e0 une peine d&rsquo;in\u00e9ligibilit\u00e9 qui pourrait la priver d&rsquo;une quatri\u00e8me candidature \u00e0 l&rsquo;\u00c9lys\u00e9e. L&rsquo;objectif est de montrer que rien ne change en ce 1\u1d49\u02b3-Mai, une date symbolique pour le parti qui en avait d&rsquo;abord fait un hommage annuel \u00e0 Jeanne d&rsquo;Arc \u00e0 Paris sous la pr\u00e9sidence de Jean-Marie Le Pen, avant que sa fille ne fasse \u00e9voluer le format, entre \u00ab\u00a0banquet r\u00e9publicain\u00a0\u00bb et d\u00e9p\u00f4ts de gerbe en province.<\/p>\n<p>07:04DES MANIFESTATIONS D\u00c8S CE MATIN<\/p>\n<p>\u00c0 Paris, la manifestation doit partir \u00e0 14h de la place d&rsquo;Italie vers la place de la Nation. Mais d&rsquo;autres cort\u00e8ges s&rsquo;\u00e9lanceront d\u00e8s ce matin, comme Marseille et Lille \u00e0 10h30. Ce sera aussi le cas d\u00e8s 10 heures \u00e0 Bordeaux, Strasbourg ou Dunkerque, o\u00f9 des responsables de gauche, comme Marine Tondelier (\u00c9cologistes), Fran\u00e7ois Ruffin (ex-LFI) ou Boris Vallaud (PS) sont attendus pour protester contre le plan du sid\u00e9rurgiste ArcelorMittal pr\u00e9voyant la suppression d&rsquo;environ 600 postes.<\/p>\n<p>07:00260 RASSEMBLEMENTS, SELON LA CGT<\/p>\n<p>Comme chaque ann\u00e9e, les organisations syndicales appellent \u00e0 manifester en cette journ\u00e9e internationale des travailleurs. Les revendications sont multiples : pour les salaires, pour l&rsquo;abrogation de la r\u00e9forme des retraites, ou encore \u00ab\u00a0contre la trumpisation du monde\u00a0\u00bb. La CGT a recens\u00e9 quelque 260 rassemblements en France.<\/p>\n<p>06:53<\/p>\n<p>Bonjour et bienvenue sur TF1info pour suivre la journ\u00e9e de mobilisation syndicale en ce jeudi 1\u1d49\u02b3 mai 2025.<\/p>\n<p data-module=\"article-paragraph\" class=\"jsx-362436225 Paragraph\">Pour les salaires, pour les retraites, ou encore \u00ab\u00a0contre la trumpisation du monde\u00a0\u00bb : les organisations syndicales appellent \u00e0 battre le pav\u00e9 ce jeudi pour le 1er-Mai, mais la mobilisation se tient sur des mots d&rsquo;ordre dispers\u00e9s et sans une large unit\u00e9.\u00a0<\/p>\n<p data-module=\"article-paragraph\" class=\"jsx-362436225 Paragraph\">Fid\u00e8les \u00e0 la tradition, la CGT, Solidaires et FSU appellent pour leur part \u00e0 manifester \u00ab\u00a0pour la paix, nos retraites et nos salaires\u00a0\u00bb dans plus de 250 villes \u00e0 travers la France. Si localement les centrales syndicales, telles que FO, se joignent \u00e0 certains cort\u00e8ges, officiellement l&rsquo;intersyndicale ne sera pas unie pour l&rsquo;occasion.\u00a0<\/p>\n<p data-module=\"article-paragraph\" class=\"jsx-362436225 Paragraph Paragraph__End\">Les leaders de la CFDT et l&rsquo;Unsa se retrouveront, eux, de 10H00 \u00e0 13H00 dans le centre de Paris pour une table ronde.\u00a0<\/p>\n<ul class=\"jsx-658110588 ReadMoreArticle__List flex flex-column\">\n<li class=\"jsx-658110588\"><a href=\"https:\/\/www.tf1info.fr\/societe\/manifestation-du-1er-mai-2025-a-paris-parcours-perturbations-circulation-transports-ratp-a-quoi-s-attendre-2368033.html\" rel=\"noopener\" class=\"jsx-4233824444 Link flex\" target=\"_blank\"><img decoding=\"async\" src=\"https:\/\/www.europesays.com\/fr\/wp-content\/uploads\/2025\/05\/manifestation-1er-mai-2024-afp-3237d3-0@1x.jpeg\" alt=\"Lire aussi\" loading=\"lazy\" importance=\"low\" fetchpriority=\"low\" class=\"\" copyright=\"AFP\"\/>\n<p class=\"jsx-658110588 ReadMoreArticle__Title\">Lire aussi<\/p>\n<p class=\"jsx-658110588\">Manifestation du 1er-Mai \u00e0 Paris : parcours, circulation&#8230; \u00c0 quoi s&rsquo;attendre ? <\/p>\n<p><\/a><\/li>\n<\/ul>\n<p data-module=\"article-paragraph\" class=\"jsx-362436225 Paragraph\">Cette nouvelle journ\u00e9e de manifestations, qui a rassembl\u00e9 l&rsquo;an pass\u00e9 entre 121.000 et 210.000 personnes, selon le minist\u00e8re de l&rsquo;Int\u00e9rieur d&rsquo;une part et la CGT d&rsquo;autre part, aura valeur de test dans un contexte \u00e9conomique marqu\u00e9 par la hausse du nombre de ch\u00f4meurs depuis six mois, juge la centrale de Montreuil. \u00ab\u00a0Il existe de nombreuses raisons de manifester\u00a0\u00bb quand \u00ab\u00a0d&rsquo;un c\u00f4t\u00e9, il y a les plans de licenciement qui se multiplient &#8211; le dernier \u00e9tant celui annonc\u00e9 par ArcelorMittal qui compte supprimer 600 emplois -, et de l&rsquo;autre, l&rsquo;aust\u00e9rit\u00e9 dans la fonction publique\u00a0\u00bb, insiste aupr\u00e8s de l&rsquo;AFP Thomas Vacheron, cadre de la CGT.<\/p>\n<p data-module=\"article-paragraph\" class=\"jsx-362436225 Paragraph Paragraph__End\">L&rsquo;objectif des trois syndicats (CGT, Solidaires et FSU) est aussi de se mobiliser \u00ab\u00a0contre la trumpisation du monde et l&rsquo;internationale r\u00e9actionnaire qui se d\u00e9veloppe partout\u00a0\u00bb, souligne-t-il.<\/p>\n<p data-module=\"article-paragraph\" class=\"jsx-362436225 Paragraph\">Le 1er-Mai, f\u00e9ri\u00e9 et ch\u00f4m\u00e9, \u00ab\u00a0a \u00e9t\u00e9 acquis dans le sang et dans les larmes des ouvriers\u00a0\u00bb, a rappel\u00e9 dimanche <a href=\"https:\/\/www.tf1info.fr\/transports\/video-sur-lci-sophie-binet-appelle-la-sncf-a-negocier-immediatement-pour-eviter-les-greves-de-mai-2367412.html\" target=\"_blank\" rel=\"noopener\">sur LCI<\/a> la leader de la CGT, Sophie Binet, alors que des voix s&rsquo;\u00e9l\u00e8vent en France pour r\u00e9clamer que des magasins, d\u00e9j\u00e0 autoris\u00e9s \u00e0 ouvrir le dimanche, puissent aussi le faire en ce jour tr\u00e8s particulier, comme les boulangers et fleuristes.\u00a0<\/p>\n<p data-module=\"article-paragraph\" class=\"jsx-362436225 Paragraph Paragraph__End\">Une proposition de loi centriste visant \u00e0 modifier le Code du Travail, soutenue par le gouvernement, vient d&rsquo;\u00eatre d\u00e9pos\u00e9e en ce sens au S\u00e9nat.<\/p>\n<p>La r\u00e9daction de TF1info<\/p>\n<p><script async src=\"https:\/\/platform.twitter.com\/widgets.js\" charset=\"utf-8\"><\/script><\/p>\n","protected":false},"excerpt":{"rendered":"Ce jeudi 1\u1d49\u02b3-Mai, la CGT, Solidaires et FSU appellent \u00e0 manifester \u00ab\u00a0pour la paix, nos retraites et nos&hellip;\n","protected":false},"author":2,"featured_media":66303,"comment_status":"","ping_status":"","sticky":false,"template":"","format":"standard","meta":{"footnotes":""},"categories":[1356],"tags":[10916,1111,11,1921,1271,58,59,1011,27,1922,2088,3427,252,1364,133,5010],"class_list":{"0":"post-66302","1":"post","2":"type-post","3":"status-publish","4":"format-standard","5":"has-post-thumbnail","7":"category-television","8":"tag-1er-mai","9":"tag-actu","10":"tag-actualites","11":"tag-article-video","12":"tag-cgt","13":"tag-divertissement","14":"tag-entertainment","15":"tag-fr","16":"tag-france","17":"tag-info","18":"tag-manifestation","19":"tag-syndicats","20":"tag-television","21":"tag-tv","22":"tag-video","23":"tag-video-sujets-de-societe"},"share_on_mastodon":{"url":"https:\/\/pubeurope.com\/@fr\/114431274927814240","error":""},"_links":{"self":[{"href":"https:\/\/www.europesays.com\/fr\/wp-json\/wp\/v2\/posts\/66302","targetHints":{"allow":["GET"]}}],"collection":[{"href":"https:\/\/www.europesays.com\/fr\/wp-json\/wp\/v2\/posts"}],"about":[{"href":"https:\/\/www.europesays.com\/fr\/wp-json\/wp\/v2\/types\/post"}],"author":[{"embeddable":true,"href":"https:\/\/www.europesays.com\/fr\/wp-json\/wp\/v2\/users\/2"}],"replies":[{"embeddable":true,"href":"https:\/\/www.europesays.com\/fr\/wp-json\/wp\/v2\/comments?post=66302"}],"version-history":[{"count":0,"href":"https:\/\/www.europesays.com\/fr\/wp-json\/wp\/v2\/posts\/66302\/revisions"}],"wp:featuredmedia":[{"embeddable":true,"href":"https:\/\/www.europesays.com\/fr\/wp-json\/wp\/v2\/media\/66303"}],"wp:attachment":[{"href":"https:\/\/www.europesays.com\/fr\/wp-json\/wp\/v2\/media?parent=66302"}],"wp:term":[{"taxonomy":"category","embeddable":true,"href":"https:\/\/www.europesays.com\/fr\/wp-json\/wp\/v2\/categories?post=66302"},{"taxonomy":"post_tag","embeddable":true,"href":"https:\/\/www.europesays.com\/fr\/wp-json\/wp\/v2\/tags?post=66302"}],"curies":[{"name":"wp","href":"https:\/\/api.w.org\/{rel}","templated":true}]}}