{"id":663023,"date":"2026-01-14T13:41:22","date_gmt":"2026-01-14T13:41:22","guid":{"rendered":"https:\/\/www.europesays.com\/fr\/663023\/"},"modified":"2026-01-14T13:41:22","modified_gmt":"2026-01-14T13:41:22","slug":"le-solde-migratoire-est-negatif-aux-etats-unis-pour-la-premiere-fois-en-50-ans","status":"publish","type":"post","link":"https:\/\/www.europesays.com\/fr\/663023\/","title":{"rendered":"Le solde migratoire est n\u00e9gatif aux \u00c9tats-Unis pour la premi\u00e8re fois en 50 ans"},"content":{"rendered":"<p>\n    En 2025, le nombre de personnes ayant quitt\u00e9 les \u00c9tats-Unis a \u00e9t\u00e9 sup\u00e9rieur \u00e0 celui des immigrants qui y sont entr\u00e9s.<\/p>\n<p class=\"fig-paragraph\">Les<a href=\"http:\/\/www.lefigaro.fr\/voyages\/dossier\/250-ans-de-l-independance-des-etats-unis-voyage-au-coeur-des-villes-revolutionnaires\" data-fig-type=\"Topic\" data-gtm-custom-categorie=\"navigation\" data-gtm-custom-action=\"crossclick\" data-gtm-custom-label=\"Contextuel\" data-gtm-event=\"customEventSPE\" data-fig-domain=\"LEFIGARO\" target=\"_blank\" rel=\"noopener\">\u00a0\u00c9tats-Unis<\/a>\u00a0ont enregistr\u00e9 un solde migratoire n\u00e9gatif en 2025, une premi\u00e8re depuis au moins 50 ans, selon un rapport publi\u00e9 mardi par la Brookings Institution. En 2025, le nombre de personnes ayant quitt\u00e9 les \u00c9tats-Unis a \u00e9t\u00e9 sup\u00e9rieur \u00e0 celui des<a href=\"https:\/\/video.lefigaro.fr\/figaro\/international\/nous-soutenons-les-immigrants-jd-vance-accueilli-par-une-manifestation-et-interpelle-lors-dune-sortie-familiale-a-disneyland-20250714\" data-fig-type=\"Video\" data-gtm-custom-categorie=\"navigation\" data-gtm-custom-action=\"crossclick\" data-gtm-custom-label=\"Contextuel\" data-gtm-event=\"customEventSPE\" data-fig-domain=\"LEFIGARO\" target=\"_blank\" rel=\"noopener\">\u00a0immigrants<\/a>\u00a0qui y sont entr\u00e9s, rel\u00e8ve cette \u00e9tude.<\/p>\n<p class=\"fig-paragraph\">\u00abLa premi\u00e8re ann\u00e9e du second mandat de Trump a \u00e9t\u00e9 marqu\u00e9e par des changements radicaux dans la politique d&rsquo;immigration, entra\u00eenant un net ralentissement de la migration nette vers les \u00c9tats-Unis\u00bb, \u00e9crivent les auteurs de l&rsquo;\u00e9tude. \u00abLa migration nette a probablement \u00e9t\u00e9 proche de z\u00e9ro, voire n\u00e9gative, au cours de l&rsquo;ann\u00e9e civile 2025, une premi\u00e8re depuis au moins un demi-si\u00e8cle\u00bb, indique le rapport.<\/p>\n<p>                                            <a class=\"fig-a11y-skip\" href=\"#fig-a11y-skip-main-inarticle\" data-module=\"a11y-skip\" data-context=\"was @visible\"><br \/>\n    Passer la publicit\u00e9<br \/>\n<\/a>            <\/p>\n<p>                                            \u00abUne migration nette n\u00e9gative en 2026 est \u00e9galement probable\u00bb<\/p>\n<p class=\"fig-paragraph\">\u00abBien qu&rsquo;un fort degr\u00e9 d&rsquo;incertitude politique subsiste, une migration nette n\u00e9gative en 2026 est \u00e9galement probable\u00bb, ajoute-t-il. Selon les estimations des auteurs du rapport, la migration nette vers les \u00c9tats-Unis devrait se situer entre -10.000 et -295.000 en 2025. Le rapport explique qu&rsquo;un solde migratoire n\u00e9gatif aura \u00abdes cons\u00e9quences importantes sur la\u00a0<a href=\"https:\/\/video.lefigaro.fr\/figaro\/economie\/la-correction-dune-erreur-macroeconomique-le-directeur-de-bpifrance-donne-son-avis-sur-les-aides-aux-entrerises-20250923\" data-fig-type=\"Video\" data-gtm-custom-categorie=\"navigation\" data-gtm-custom-action=\"crossclick\" data-gtm-custom-label=\"Contextuel\" data-gtm-event=\"customEventSPE\" data-fig-domain=\"LEFIGARO\" target=\"_blank\" rel=\"noopener\">macro\u00e9conomie<\/a> \u00bb am\u00e9ricaine.<\/p>\n<p class=\"fig-paragraph\">\u00abCes derni\u00e8res ann\u00e9es, la croissance de la population active n\u00e9e aux \u00c9tats-Unis a \u00e9t\u00e9 faible et la quasi-totalit\u00e9 de la croissance de la population active est imputable aux flux migratoires\u00bb, rappelle l&rsquo;\u00e9tude en notant que \u00ables immigrants fournissent \u00e0 la fois de la\u00a0<a href=\"http:\/\/www.lefigaro.fr\/secteur\/high-tech\/les-robots-nouveaux-immigres-ia-pour-combler-la-penurie-de-main-d-oeuvre-selon-le-patron-de-nvidia-20260107\" data-fig-type=\"NewsFlash\" data-gtm-custom-categorie=\"navigation\" data-gtm-custom-action=\"crossclick\" data-gtm-custom-label=\"Contextuel\" data-gtm-event=\"customEventSPE\" data-fig-domain=\"LEFIGARO\" target=\"_blank\" rel=\"noopener\">main-d\u2019\u0153uvre<\/a> \u00a0et g\u00e9n\u00e8rent une demande de biens et de services\u00bb. Une baisse de l&rsquo;immigration entra\u00eenera une croissance plus faible de l&#8217;emploi, du PIB et des d\u00e9penses de consommation, ont mis en garde les auteurs de l&rsquo;\u00e9tude.<\/p>\n","protected":false},"excerpt":{"rendered":"En 2025, le nombre de personnes ayant quitt\u00e9 les \u00c9tats-Unis a \u00e9t\u00e9 sup\u00e9rieur \u00e0 celui des immigrants qui&hellip;\n","protected":false},"author":2,"featured_media":663024,"comment_status":"","ping_status":"","sticky":false,"template":"","format":"standard","meta":{"footnotes":""},"categories":[1589],"tags":[11,75,73,1866,1061,12,940,1864,1865,1863,308],"class_list":{"0":"post-663023","1":"post","2":"type-post","3":"status-publish","4":"format-standard","5":"has-post-thumbnail","7":"category-etats-unis","8":"tag-actualites","9":"tag-donald-trump","10":"tag-etats-unis","11":"tag-etats-unis-damerique","12":"tag-immigration","13":"tag-news","14":"tag-population","15":"tag-united-states","16":"tag-united-states-of-america","17":"tag-us","18":"tag-usa"},"share_on_mastodon":{"url":"https:\/\/pubeurope.com\/@fr\/115893743340944169","error":""},"_links":{"self":[{"href":"https:\/\/www.europesays.com\/fr\/wp-json\/wp\/v2\/posts\/663023","targetHints":{"allow":["GET"]}}],"collection":[{"href":"https:\/\/www.europesays.com\/fr\/wp-json\/wp\/v2\/posts"}],"about":[{"href":"https:\/\/www.europesays.com\/fr\/wp-json\/wp\/v2\/types\/post"}],"author":[{"embeddable":true,"href":"https:\/\/www.europesays.com\/fr\/wp-json\/wp\/v2\/users\/2"}],"replies":[{"embeddable":true,"href":"https:\/\/www.europesays.com\/fr\/wp-json\/wp\/v2\/comments?post=663023"}],"version-history":[{"count":0,"href":"https:\/\/www.europesays.com\/fr\/wp-json\/wp\/v2\/posts\/663023\/revisions"}],"wp:featuredmedia":[{"embeddable":true,"href":"https:\/\/www.europesays.com\/fr\/wp-json\/wp\/v2\/media\/663024"}],"wp:attachment":[{"href":"https:\/\/www.europesays.com\/fr\/wp-json\/wp\/v2\/media?parent=663023"}],"wp:term":[{"taxonomy":"category","embeddable":true,"href":"https:\/\/www.europesays.com\/fr\/wp-json\/wp\/v2\/categories?post=663023"},{"taxonomy":"post_tag","embeddable":true,"href":"https:\/\/www.europesays.com\/fr\/wp-json\/wp\/v2\/tags?post=663023"}],"curies":[{"name":"wp","href":"https:\/\/api.w.org\/{rel}","templated":true}]}}