{"id":663027,"date":"2026-01-14T13:43:11","date_gmt":"2026-01-14T13:43:11","guid":{"rendered":"https:\/\/www.europesays.com\/fr\/663027\/"},"modified":"2026-01-14T13:43:11","modified_gmt":"2026-01-14T13:43:11","slug":"guerre-en-ukraine-ils-envoyaient-des-colis-pieges-pour-lespionnage-russe-deux-hommes-inculpes-en-allemagne-pour-complot-presume","status":"publish","type":"post","link":"https:\/\/www.europesays.com\/fr\/663027\/","title":{"rendered":"Guerre en Ukraine\u00a0: ils envoyaient des colis pi\u00e9g\u00e9s pour l\u2019espionnage russe, deux hommes inculp\u00e9s en Allemagne pour complot pr\u00e9sum\u00e9"},"content":{"rendered":"<p class=\"paragraph text_align_left lp-f-body-02\">La Russie a, \u00e9videmment, ni\u00e9 toute implication. Les procureurs allemands ont annonc\u00e9, ce mardi, avoir <a href=\"https:\/\/www.leparisien.fr\/international\/espionnage-a-kiev-il-guidait-les-frappes-russes-en-photographiant-des-cibles-militaires-pour-le-fsb-30-05-2025-NKZVHUKAANDHPDVV56EWDCZF6A.php\" target=\"_self\" rel=\"noopener\">inculp\u00e9 deux Ukrainiens<\/a> pour complot pr\u00e9sum\u00e9 <a href=\"https:\/\/www.leparisien.fr\/faits-divers\/sous-couvert-dactivites-humanitaires-une-russe-et-un-militant-francais-soupconnes-despionnage-pour-la-russie-25-11-2025-3RUFOKQOLVDBFNNXZALXOMTFRU.php\" target=\"_self\" rel=\"noopener\">au nom des services d\u2019espionnage russes<\/a>. Le parquet f\u00e9d\u00e9ral allemand a demand\u00e9 le renvoi devant un tribunal de Daniil B. et Vladyslav T., soup\u00e7onn\u00e9s d\u2019espionnage <a href=\"https:\/\/www.leparisien.fr\/international\/allemagne\/nous-sommes-deja-dans-le-feu-de-laction-les-services-secrets-allemands-alertent-dun-danger-de-conflit-militaire-avec-moscou-13-10-2025-STOB5IF2KRHUTHHINBRPYWT4MA.php\" target=\"_self\" rel=\"noopener\">\u00e0 des fins de sabotage<\/a> au profit de la Russie.<\/p>\n<p class=\"\">Arr\u00eat\u00e9s d\u00e9but mai 2025 en <a href=\"https:\/\/www.leparisien.fr\/international\/allemagne\/\" target=\"_self\" rel=\"noopener\">Allemagne<\/a>, \u00e0 Constance (sud-ouest) et \u00e0 Cologne (ouest), et en d\u00e9tention provisoire depuis, <a href=\"https:\/\/www.leparisien.fr\/international\/ukraine\/guerre-en-ukraine-il-menait-des-assassinats-cibles-un-instructeur-militaire-britannique-arrete-pour-espionnage-au-profit-de-la-russie-03-12-2025-SMRRV4FYKJCDZBSAOMUTWAJJJA.php\" target=\"_self\" rel=\"noopener\">les deux hommes devraient \u00eatre jug\u00e9s<\/a> \u00e0 Stuttgart. Des poursuites devraient \u00e9galement \u00eatre engag\u00e9es \u00ab sous peu \u00bb contre un troisi\u00e8me suspect, Yevhen B., arr\u00eat\u00e9 le m\u00eame mois en Suisse et qui a \u00e9t\u00e9 extrad\u00e9 fin d\u00e9cembre vers l\u2019Allemagne.<\/p>\n<p>Un \u00ab incendie criminel grave \u00bb<\/p>\n<p class=\"\">Le groupe est accus\u00e9 d\u2019avoir exp\u00e9di\u00e9 en mars 2025 \u00ab deux colis \u00e9quip\u00e9s de traceurs GPS \u00bb \u00e0 destination de l\u2019<a href=\"https:\/\/www.leparisien.fr\/international\/ukraine\/\" target=\"_self\" rel=\"noopener\">Ukraine<\/a> afin d\u2019\u00e9tudier les itin\u00e9raires et le transport de ces paquets. Selon le parquet allemand, cette mission leur avait \u00e9t\u00e9 confi\u00e9e par un \u00ab service de renseignement russe via des interm\u00e9diaires \u00e0 Marioupol \u00bb, <a href=\"https:\/\/www.leparisien.fr\/international\/ukraine-deux-ans-apres-la-chute-de-marioupol-comment-la-ville-martyre-devient-poutingrad-22-05-2024-OJNNGU5D2ZDFFC6VAGAPSVTYDI.php\" target=\"_self\" rel=\"noopener\">ville ukrainienne occup\u00e9e et ravag\u00e9e par les bombardements russes<\/a>.<\/p>\n<p class=\"\">L\u2019objectif \u00e9tait, ensuite, de pouvoir envoyer des colis pi\u00e9g\u00e9s pour provoquer <a href=\"https:\/\/www.leparisien.fr\/international\/ukraine\/la-tactique-russe-vise-a-semer-la-panique-parmi-les-civils-en-ukraine-la-guerre-du-rail-sintensifie-02-11-2025-VAEEYE22QRAWLIP5ZWLNY43MSA.php\" target=\"_self\" rel=\"noopener\">un \u00ab incendie criminel grave \u00bb<\/a> en Allemagne, ou surtout sur les itin\u00e9raires logistiques d\u2019acheminement d\u2019armes c\u00f4t\u00e9 ukrainien. Ils voulaient aussi entamer \u00ab le sentiment de s\u00e9curit\u00e9 de la population \u00bb, estime le parquet f\u00e9d\u00e9ral, comp\u00e9tent pour l\u2019antiterrorisme.<\/p>\n<p class=\"title-embed-dailymotion lp-color-text lp-f-subtitle-04\">Vid\u00e9oL&rsquo;Ukraine simule la mort d&rsquo;un chef militaire pour arr\u00eater des agents russes<\/p>\n<p class=\"\">Depuis le d\u00e9but de l\u2019invasion russe de l\u2019Ukraine de f\u00e9vrier 2022, les alli\u00e9s europ\u00e9ens de Kiev accusent la Russie d\u2019\u00eatre derri\u00e8re une campagne de sabotages et de d\u00e9stabilisation sur leurs territoires. Ce dossier rappelle le cas du colis qui avait pris feu dans un centre du transporteur DHL \u00e0 Leipzig, dans l\u2019est du pays, en juillet 2024. Le renseignement int\u00e9rieur allemand avait alors accus\u00e9 Moscou.<\/p>\n","protected":false},"excerpt":{"rendered":"La Russie a, \u00e9videmment, ni\u00e9 toute implication. Les procureurs allemands ont annonc\u00e9, ce mardi, avoir inculp\u00e9 deux Ukrainiens&hellip;\n","protected":false},"author":2,"featured_media":663028,"comment_status":"","ping_status":"","sticky":false,"template":"","format":"standard","meta":{"footnotes":""},"categories":[1587],"tags":[11,672,1804,1805,1803,1777,674,1801,14,12,1802,220],"class_list":{"0":"post-663027","1":"post","2":"type-post","3":"status-publish","4":"format-standard","5":"has-post-thumbnail","7":"category-allemagne","8":"tag-actualites","9":"tag-allemagne","10":"tag-bundesrepublik-deutschland","11":"tag-de","12":"tag-deutschland","13":"tag-eu","14":"tag-europe","15":"tag-germany","16":"tag-international","17":"tag-news","18":"tag-republique-federale-dallemagne","19":"tag-ukraine"},"share_on_mastodon":{"url":"https:\/\/pubeurope.com\/@fr\/115893751250885512","error":""},"_links":{"self":[{"href":"https:\/\/www.europesays.com\/fr\/wp-json\/wp\/v2\/posts\/663027","targetHints":{"allow":["GET"]}}],"collection":[{"href":"https:\/\/www.europesays.com\/fr\/wp-json\/wp\/v2\/posts"}],"about":[{"href":"https:\/\/www.europesays.com\/fr\/wp-json\/wp\/v2\/types\/post"}],"author":[{"embeddable":true,"href":"https:\/\/www.europesays.com\/fr\/wp-json\/wp\/v2\/users\/2"}],"replies":[{"embeddable":true,"href":"https:\/\/www.europesays.com\/fr\/wp-json\/wp\/v2\/comments?post=663027"}],"version-history":[{"count":0,"href":"https:\/\/www.europesays.com\/fr\/wp-json\/wp\/v2\/posts\/663027\/revisions"}],"wp:featuredmedia":[{"embeddable":true,"href":"https:\/\/www.europesays.com\/fr\/wp-json\/wp\/v2\/media\/663028"}],"wp:attachment":[{"href":"https:\/\/www.europesays.com\/fr\/wp-json\/wp\/v2\/media?parent=663027"}],"wp:term":[{"taxonomy":"category","embeddable":true,"href":"https:\/\/www.europesays.com\/fr\/wp-json\/wp\/v2\/categories?post=663027"},{"taxonomy":"post_tag","embeddable":true,"href":"https:\/\/www.europesays.com\/fr\/wp-json\/wp\/v2\/tags?post=663027"}],"curies":[{"name":"wp","href":"https:\/\/api.w.org\/{rel}","templated":true}]}}