{"id":663043,"date":"2026-01-14T13:52:11","date_gmt":"2026-01-14T13:52:11","guid":{"rendered":"https:\/\/www.europesays.com\/fr\/663043\/"},"modified":"2026-01-14T13:52:11","modified_gmt":"2026-01-14T13:52:11","slug":"nouvelle-alerte-pour-novak-djokovic-en-vue-de-laustralian-open-il-a-du-ecourter-son-entrainement","status":"publish","type":"post","link":"https:\/\/www.europesays.com\/fr\/663043\/","title":{"rendered":"Nouvelle alerte pour Novak Djokovic en vue de l&rsquo;Australian Open\u00a0? Il a d\u00fb \u00e9courter son entra\u00eenement"},"content":{"rendered":"<p class=\"ap-StoryElement ap-StoryElement--mb ap-StoryText\">Faut-il s&rsquo;inqui\u00e9ter pour Novak Djokovic (ATP 4) ? Pr\u00e9sent \u00e0 Melbourne pour finaliser sa pr\u00e9paration en vue de l&rsquo;Australian Open, le Serbe n&rsquo;a pas vraiment rassur\u00e9 \u00e0 quelques jours du grand rendez-vous. <a href=\"https:\/\/www.lavenir.net\/sports\/tennis\/2026\/01\/05\/deja-une-premiere-tuile-pour-novak-djokovic-avant-meme-le-debut-de-sa-saison-NETNFY3SCZAXPJUOOBYVGD7PSI\/\" target=\"_self\" rel=\"noopener\">Forfait la semaine derni\u00e8re pour l&rsquo;ATP 250 d&rsquo;Ad\u00e9la\u00efde<\/a>, estimant ne pas \u00eatre pr\u00eat physiquement, le quatri\u00e8me joueur mondial a de nouveau montr\u00e9 des signes de fragilit\u00e9 ce mercredi.<\/p>\n<p class=\"ap-StoryElement ap-StoryElement--mb ap-StoryText\">Selon le site sp\u00e9cialis\u00e9 Punto de Break, Djokovic avait d\u00e9j\u00e0 suscit\u00e9 des interrogations mardi lors d&rsquo;un l\u00e9ger \u00e9change avec Jiri Lehecka (ATP 19). Le Serbe y est apparu en manque de fra\u00eecheur, peinant \u00e0 reprendre son souffle apr\u00e8s chaque \u00e9change. Ces signaux avaient alors \u00e9t\u00e9 relativis\u00e9s, son arriv\u00e9e \u00e0 Melbourne datant du jour m\u00eame. Mais la journ\u00e9e de mercredi a raviv\u00e9 les doutes.<\/p>\n","protected":false},"excerpt":{"rendered":"Faut-il s&rsquo;inqui\u00e9ter pour Novak Djokovic (ATP 4) ? Pr\u00e9sent \u00e0 Melbourne pour finaliser sa pr\u00e9paration en vue de&hellip;\n","protected":false},"author":2,"featured_media":663044,"comment_status":"","ping_status":"","sticky":false,"template":"","format":"standard","meta":{"footnotes":""},"categories":[1415],"tags":[9499,15253,1011,27,26394,76431,8798,1234,38564,60,1467,26405],"class_list":{"0":"post-663043","1":"post","2":"type-post","3":"status-publish","4":"format-standard","5":"has-post-thumbnail","7":"category-tennis","8":"tag-adult","9":"tag-athlete","10":"tag-fr","11":"tag-france","12":"tag-group-of-people","13":"tag-healthcare-and-medicine","14":"tag-men","15":"tag-occupation","16":"tag-player","17":"tag-sports","18":"tag-tennis","19":"tag-young-adult"},"share_on_mastodon":{"url":"https:\/\/pubeurope.com\/@fr\/115893786591091520","error":""},"_links":{"self":[{"href":"https:\/\/www.europesays.com\/fr\/wp-json\/wp\/v2\/posts\/663043","targetHints":{"allow":["GET"]}}],"collection":[{"href":"https:\/\/www.europesays.com\/fr\/wp-json\/wp\/v2\/posts"}],"about":[{"href":"https:\/\/www.europesays.com\/fr\/wp-json\/wp\/v2\/types\/post"}],"author":[{"embeddable":true,"href":"https:\/\/www.europesays.com\/fr\/wp-json\/wp\/v2\/users\/2"}],"replies":[{"embeddable":true,"href":"https:\/\/www.europesays.com\/fr\/wp-json\/wp\/v2\/comments?post=663043"}],"version-history":[{"count":0,"href":"https:\/\/www.europesays.com\/fr\/wp-json\/wp\/v2\/posts\/663043\/revisions"}],"wp:featuredmedia":[{"embeddable":true,"href":"https:\/\/www.europesays.com\/fr\/wp-json\/wp\/v2\/media\/663044"}],"wp:attachment":[{"href":"https:\/\/www.europesays.com\/fr\/wp-json\/wp\/v2\/media?parent=663043"}],"wp:term":[{"taxonomy":"category","embeddable":true,"href":"https:\/\/www.europesays.com\/fr\/wp-json\/wp\/v2\/categories?post=663043"},{"taxonomy":"post_tag","embeddable":true,"href":"https:\/\/www.europesays.com\/fr\/wp-json\/wp\/v2\/tags?post=663043"}],"curies":[{"name":"wp","href":"https:\/\/api.w.org\/{rel}","templated":true}]}}