{"id":663053,"date":"2026-01-14T14:01:16","date_gmt":"2026-01-14T14:01:16","guid":{"rendered":"https:\/\/www.europesays.com\/fr\/663053\/"},"modified":"2026-01-14T14:01:16","modified_gmt":"2026-01-14T14:01:16","slug":"dans-la-star-academy-le-slam-de-bastiaan-a-fait-couler-beaucoup-de-larmes","status":"publish","type":"post","link":"https:\/\/www.europesays.com\/fr\/663053\/","title":{"rendered":"Dans la \u00ab\u00a0Star Academy\u00a0\u00bb, le slam de Bastiaan a fait couler beaucoup de larmes"},"content":{"rendered":"<p>        <img decoding=\"async\" loading=\"lazy\" src=\"https:\/\/www.europesays.com\/fr\/wp-content\/uploads\/2026\/01\/942e93b_upload-1-oaigrc3k0b0z-afp-20251103-2244839981-v2-highres-runningmanparisspecialscreening.jpg\"  width=\"728\" height=\"410\" alt=\"Le slam de Bastiaan a totalement retourn\u00e9 Marl\u00e8ne Schaff, qui a fondu en larmes.\"\/>  <\/p>\n<p>KRISTY SPAROW \/ Getty Images via AFP<\/p>\n<p>Le slam de Bastiaan a totalement retourn\u00e9 Marl\u00e8ne Schaff, qui a fondu en larmes.<\/p>\n<p>      <strong>EN BREF<\/strong> <strong>\u2022 <\/strong>Une session sur le slam a \u00e9t\u00e9 organis\u00e9e \u00e0 la Star Academy avec Alexandra Lamy et Diata.<br \/><strong>\u2022 <\/strong>Bastiaan a \u00e9mu sa professeure Marl\u00e8ne Schaff avec un texte sur le harc\u00e8lement subi durant son adolescence.<br \/><strong>\u2022 <\/strong>Diata l\u2019a f\u00e9licit\u00e9, car ce texte \u00ab\u00a0ultra-violent\u00a0\u00bb n\u2019est pas re\u00e7u comme tel pour ceux qui l\u2019\u00e9coutent.                         <\/p>\n<p class=\"asset asset-text\">\u00c0 quelques jours de conna\u00eetre l\u2019affiche des deux demi-finales de cette \u00e9dition de la <a href=\"https:\/\/www.huffingtonpost.fr\/divertissement\/article\/star-academy-melissa-se-dit-sincerement-desolee-d-avoir-repris-l-expression-masta-dinguerie_259065.html\" target=\"_blank\" rel=\"noopener\">Star Academy<\/a>, les cours se poursuivent pour les \u00e9l\u00e8ves. Ce mardi 13\u00a0janvier, ils ont re\u00e7u la visite de l\u2019actrice Alexandra Lamy et de Diata, chanteuse et autrice, qui sont venues leur livrer une masterclass aux c\u00f4t\u00e9s de Marl\u00e8ne Schaff, leur professeur d\u2019expression sc\u00e9nique.\u00a0Les cinq candidats ont d\u00fb se plier \u00e0 l\u2019exercice du slam. Et le moins que l\u2019on puisse dire, c\u2019est que l\u2019un d\u2019entre eux n\u2019est pas pass\u00e9 inaper\u00e7u.<\/p>\n<p class=\"asset asset-text\">\u00ab\u00a0Tu es une fille ou un gar\u00e7on\u00a0? Pourquoi tu pleures tout le temps\u00a0? Tu fais des cours de danse, ce n\u2019est pas bizarre pour un gar\u00e7on\u00a0? Pourquoi tu ne tra\u00eenes qu\u2019avec des meufs\u00a0? Je repense \u00e0 ce gar\u00e7on au fond de la cour\u00a0\u00bb, a r\u00e9cit\u00e9 Bastiaan depuis la sc\u00e8ne du th\u00e9\u00e2tre, se confiant sur le harc\u00e8lement qu\u2019il a subi lorsqu\u2019il \u00e9tait adolescent.<\/p>\n<p> La lecture de ce contenu est susceptible d\u2019entra\u00eener un d\u00e9p\u00f4t de cookies de la part de l\u2019op\u00e9rateur tiers qui l\u2019h\u00e9berge. Compte-tenu des choix que vous avez exprim\u00e9s en mati\u00e8re de d\u00e9p\u00f4t de cookies, nous avons bloqu\u00e9 l\u2019affichage de ce contenu. Si vous souhaitez y acc\u00e9der, vous devez accepter la cat\u00e9gorie de cookies \u201cContenus tiers\u201d en cliquant sur le bouton ci-dessous. <\/p>\n<p> Lire la Vid\u00e9o        <\/p>\n<p class=\"asset asset-text\">Le slam de Bastiaan a \u00e9mu aux larmes Marl\u00e8ne Schaff.<strong> \u00ab<\/strong>\u00a0J\u2019en ai marre, c\u2019est trop. Tous les jours maintenant\u00a0\u00bb, a-t-elle r\u00e9agi en s\u2019essuyant les yeux, \u00e9crit <a href=\"https:\/\/www.programme-tv.net\/news\/tv\/395813-ca-me-detruit-d-entendre-que-vous-avez-mal-marlene-schaff-star-academy-fond-en-larmes-apres-une-prestation-de-bastiaan\/\" target=\"_blank\" rel=\"noopener\" title=\"Nouvelle fen\u00eatre\">T\u00e9l\u00e9 Loisirs<\/a>. Un autre \u00e9l\u00e8ve, Victor, l\u2019avait d\u00e9j\u00e0 fait pleurer lors des r\u00e9p\u00e9titions du prime.<\/p>\n<p>                     \u00ab\u00a0C\u2019est de la fiert\u00e9\u00a0\u00bb    <\/p>\n<p class=\"asset asset-text\">Et de se justifier\u00a0: \u00ab\u00a0Maintenant, je vous aime, c\u2019est comme \u00e7a et \u00e7a me d\u00e9truit d\u2019entendre que vous avez mal et je ne le supporte pas. (&#8230;) C\u2019est \u00e7a aussi mon \u00e9motion. C\u2019est de la fiert\u00e9. Je crois que c\u2019est la premi\u00e8re fois de ma vie que je le dis parce que je refuse d\u2019aller l\u00e0-dedans. Je crois que j\u2019ai la maman qui est en moi qui est touch\u00e9e.\u00a0\u00bb<\/p>\n<p class=\"asset asset-text\">\u00ab\u00a0C\u2019est ultra-violent ce que tu dis et pourtant on ne le re\u00e7oit pas avec violence. Et \u00e7a c\u2019est pr\u00e9cieux\u00a0\u00bb, l\u2019a f\u00e9licit\u00e9 Diata.<\/p>\n<p class=\"asset asset-text\">Sur les r\u00e9seaux sociaux, le slam a suscit\u00e9 la m\u00eame \u00e9motion. \u00ab\u00a0C\u2019est magnifique\u00a0\u00bb, \u00ab\u00a0j\u2019ai pleur\u00e9 devant mon \u00e9cran\u00a0\u00bb, \u00e9crivent certains. M\u00eame ceux qui n\u2019\u00e9taient pas les premiers supporters de Bastiaan se sont laiss\u00e9s convaincre\u00a0: \u00ab\u00a0Je ne suis fan de son univers artistique, je trouve ce texte vraiment tr\u00e8s bien \u00e9crit. Touchant, rythm\u00e9, de la musicalit\u00e9 dans les mots\u2026\u00a0\u00bb<\/p>\n","protected":false},"excerpt":{"rendered":"KRISTY SPAROW \/ Getty Images via AFP Le slam de Bastiaan a totalement retourn\u00e9 Marl\u00e8ne Schaff, qui a&hellip;\n","protected":false},"author":2,"featured_media":663054,"comment_status":"","ping_status":"","sticky":false,"template":"","format":"standard","meta":{"footnotes":""},"categories":[1356],"tags":[17348,58,59,1011,27,5095,252,1364],"class_list":{"0":"post-663053","1":"post","2":"type-post","3":"status-publish","4":"format-standard","5":"has-post-thumbnail","7":"category-television","8":"tag-chant","9":"tag-divertissement","10":"tag-entertainment","11":"tag-fr","12":"tag-france","13":"tag-star-academy","14":"tag-television","15":"tag-tv"},"share_on_mastodon":{"url":"https:\/\/pubeurope.com\/@fr\/115893822141246475","error":""},"_links":{"self":[{"href":"https:\/\/www.europesays.com\/fr\/wp-json\/wp\/v2\/posts\/663053","targetHints":{"allow":["GET"]}}],"collection":[{"href":"https:\/\/www.europesays.com\/fr\/wp-json\/wp\/v2\/posts"}],"about":[{"href":"https:\/\/www.europesays.com\/fr\/wp-json\/wp\/v2\/types\/post"}],"author":[{"embeddable":true,"href":"https:\/\/www.europesays.com\/fr\/wp-json\/wp\/v2\/users\/2"}],"replies":[{"embeddable":true,"href":"https:\/\/www.europesays.com\/fr\/wp-json\/wp\/v2\/comments?post=663053"}],"version-history":[{"count":0,"href":"https:\/\/www.europesays.com\/fr\/wp-json\/wp\/v2\/posts\/663053\/revisions"}],"wp:featuredmedia":[{"embeddable":true,"href":"https:\/\/www.europesays.com\/fr\/wp-json\/wp\/v2\/media\/663054"}],"wp:attachment":[{"href":"https:\/\/www.europesays.com\/fr\/wp-json\/wp\/v2\/media?parent=663053"}],"wp:term":[{"taxonomy":"category","embeddable":true,"href":"https:\/\/www.europesays.com\/fr\/wp-json\/wp\/v2\/categories?post=663053"},{"taxonomy":"post_tag","embeddable":true,"href":"https:\/\/www.europesays.com\/fr\/wp-json\/wp\/v2\/tags?post=663053"}],"curies":[{"name":"wp","href":"https:\/\/api.w.org\/{rel}","templated":true}]}}