{"id":663055,"date":"2026-01-14T14:02:11","date_gmt":"2026-01-14T14:02:11","guid":{"rendered":"https:\/\/www.europesays.com\/fr\/663055\/"},"modified":"2026-01-14T14:02:11","modified_gmt":"2026-01-14T14:02:11","slug":"il-ma-beaucoup-joyce-jonathan-sans-filtre-sur-le-directeur-de-la-star-academy","status":"publish","type":"post","link":"https:\/\/www.europesays.com\/fr\/663055\/","title":{"rendered":"\u201cIl m\u2019a beaucoup\u2026\u201d, Joyce Jonathan sans filtre sur le directeur de la Star Academy"},"content":{"rendered":"<p>Le fruit n\u2019est pas tomb\u00e9 loin de l\u2019arbre. On pourrait m\u00eame dire,<br \/>\ndans le cas pr\u00e9sent, qu\u2019il est tomb\u00e9 tr\u00e8s pr\u00e8s. Chez les<br \/>\n<strong>Goldman<\/strong>, la passion de la musique s\u2019est transmise<br \/>\nde p\u00e8re en fils. <strong>De fait, Michael Goldman, fils de la<br \/>\nsommit\u00e9 Jean-Jacques, v\u00e9ritable tr\u00e9sor national de la chanson<br \/>\nfran\u00e7aise, est lui aussi dans le milieu.<\/strong> Au d\u00e9part<br \/>\nproducteur, il est devenu depuis une poign\u00e9e d\u2019ann\u00e9es ni plus ni<br \/>\nmoins que le directeur de la <strong>Star Academy<\/strong> sur<br \/>\n<strong>TF1<\/strong>. En outre, c\u2019est un v\u00e9ritable d\u00e9nicheur de<br \/>\ntalent, le businessman ayant du flair, on lui doit notamment une<br \/>\npartie du succ\u00e8s d\u2019<strong>Amel Bent<\/strong> et la d\u00e9couverte<br \/>\nd\u2019alors, <strong>Joyce Jonathan<\/strong>. Cette derni\u00e8re, chanteuse<br \/>\n\u00e0 succ\u00e8s, revient sur leur relation des plus singuli\u00e8res.<\/p>\n<p>Michael Goldman, dans l\u2019ombre de son p\u00e8re Jean-Jacques<\/p>\n<p>N\u00e9 en 79, Michael Goldman n\u2019est autre que le fils du chanteur<br \/>\nembl\u00e9matique Jean-Jacques Goldman. En ce temps-l\u00e0, l\u2019auteur et<br \/>\ncompositeur commence \u00e0 faire parler de lui, m\u00eame s\u2019il n\u2019est pas<br \/>\nencore l\u2019immense star de la musique fran\u00e7aise que l\u2019on conna\u00eet<br \/>\naujourd\u00a0\u00bbhui. <strong>En effet, ce n\u2019est que deux ans apr\u00e8s qu\u2019il va<br \/>\nse r\u00e9v\u00e9ler au grand public avec Il suffira d\u2019un<br \/>\nsigne.<\/strong> Single de son album \u00e9ponyme Jean-Jacques<br \/>\nGoldman qui fait un tabac \u00e0 l\u2019\u00e9poque\u2026<\/p>\n<p>Comme une carte de visite, ce premier disque, en solo, implante<br \/>\nle chanteur comme la star \u00e0 suivre \u00e0 ce moment-l\u00e0. Goldman persiste<br \/>\net signe avec un autre carton : Quand la musique est<br \/>\nbonne. <strong>Celui-ci s\u2019impose alors comme le nouveau<br \/>\ntaulier de la chanson fran\u00e7aise.<\/strong> Et ce n\u2019est que le d\u00e9but<br \/>\npuisque l\u2019artiste va s\u2019imposer <a href=\"https:\/\/www.melty.fr\/people\/apres-30-ans-de-collaboration-jean-jacques-goldman-balance-sur-celine-dion-je-souhaitais-la-2220925.html\" target=\"_blank\" rel=\"noopener\"><br \/>\ncomme le chaperon de nombreux autres artistes : <strong>C\u00e9line<br \/>\nDion<\/strong><\/a>, <strong>Johnny Hallyday<\/strong> ou encore<br \/>\n<strong>Florent Pagny<\/strong> et <strong>L\u00e2\u00e2m<\/strong>.<\/p>\n<p>Michael Goldman : des jeux vid\u00e9o \u00e0 la direction de la Star<br \/>\nAc\u2019<\/p>\n<p>Au d\u00e9part, Michael Goldman, fils de Jean-Jacques, ne se voit pas<br \/>\ndu tout \u00e9voluer dans la musique. Il est passionn\u00e9 de<br \/>\ngaming et de foot. <strong>\u00c7a tombe bien, c\u2019est un<br \/>\nbousill\u00e9 du jeu vid\u00e9o L\u2019Entra\u00eeneur, simulation sportive<br \/>\ndans l\u2019univers du ballon rond.<\/strong> Mais chassez le naturel et<br \/>\nil revient au galop. Ou plut\u00f4t l\u2019ADN. Car Michael Goldman va<br \/>\nfinalement se tourner vers l\u2019<strong>industrie musicale<\/strong>, \u00e0<br \/>\nl\u2019ombre du show-business dans un premier temps.<\/p>\n<p>\u00c0 l\u2019aube de l\u2019an 2000, gr\u00e2ce \u00e0 son oncle <strong>Robert<br \/>\nGoldman<\/strong>, lui aussi auteur-compositeur et patron d\u2019une<br \/>\nmaison de production, le nepo baby trouve un sage chez<br \/>\n<strong>BMG<\/strong> en France. Il d\u00e9boule ainsi dans le<br \/>\nd\u00e9partement de la direction artistique du c\u00e9l\u00e8bre label<strong>.<br \/>\nPlus tard, BMG l\u2019embauche comme directeur artistique<br \/>\njunior.<\/strong> Sa carri\u00e8re est alors lanc\u00e9e. En 2022, il reprend<br \/>\nles r\u00eanes de la Star Ac\u2019 sur TF1. L\u2019ultime cons\u00e9cration pour<br \/>\nl\u2019h\u00e9ritier Goldman.<\/p>\n<p>Joyce Jonathan est l\u2019ex-petite prot\u00e9g\u00e9e<br \/>\nde Michael Goldman<\/p>\n<p>Michael Goldman a notamment travaill\u00e9 avec L\u00e2\u00e2m, <a href=\"https:\/\/www.melty.fr\/people\/furax-amel-bent-regle-ses-comptes-avec-vitaa-elle-est-arrivee-elle-a-fait-2271837.html\" target=\"_blank\" rel=\"noopener\"><br \/>\ncomme son paternel avant lui, mais \u00e9galement Amel Bent<\/a>.<br \/>\n<strong>En outre, il a r\u00e9v\u00e9l\u00e9 au public fran\u00e7ais le talent de Joyce<br \/>\nJonathan.<\/strong> Cette derni\u00e8re est remarqu\u00e9e par le producteur<br \/>\napr\u00e8s avoir post\u00e9 sa musique sur <strong>MySpace<\/strong>. R\u00e9seau<br \/>\nsocial aujourd&rsquo;hui d\u00e9suet, pour ne pas dire carr\u00e9ment tomb\u00e9 aux<br \/>\noubliettes, qui permettait de poster des chansons en plus de<br \/>\nphotos. Joyce Jonathan, finalement, sortira son <strong>premier<br \/>\ndisque<\/strong>, Sur mes gardes, en 2010. C\u2019est la<br \/>\nr\u00e9v\u00e9lation !<\/p>\n<p>Elle sait aujourd\u2019hui qu\u2019elle doit une fi\u00e8re chandelle au fils<br \/>\nGoldman. <strong>En 2022, l\u2019interpr\u00e8te de \u00c7a ira lui fait une<br \/>\ngrosse d\u00e9dicace sur M Radio :<\/strong> \u201cJ&rsquo;ai rencontr\u00e9 les<br \/>\nproducteurs du label <strong>My Major Company<\/strong> quand<br \/>\nj&rsquo;avais 16 ans.\u201d Elle rench\u00e9rit : \u201c<strong>Michael<br \/>\nGoldman, qui est le fils de Jean-Jacques, m&rsquo;a beaucoup guid\u00e9e parce<br \/>\nqu&rsquo;il m&rsquo;a connu quand j&rsquo;avais 16 ans.<\/strong> Je lui avais \u00e9crit<br \/>\npar MySpace \u00e0 l&rsquo;\u00e9poque pour lui faire \u00e9couter mes premi\u00e8res<br \/>\nchansons et j&rsquo;ai obtenu un rendez-vous dans son bureau.\u201d Joyce<br \/>\nJonathan confie ensuite : \u201cJ&rsquo;\u00e9tais tr\u00e8s stress\u00e9e, je suis all\u00e9e<br \/>\navec ma guitare, j&rsquo;ai jou\u00e9 mes premi\u00e8res chansons et il y<br \/>\navait Pas besoin de toi parmi ces chansons. Ils se sont<br \/>\ndit que c&rsquo;\u00e9tait une bonne chanson et il la voyait bien comme<br \/>\npremier single.\u201d Le reste fait partie de l\u2019Histoire ou, dans<br \/>\nune moindre mesure, de la nouvelle chanson fran\u00e7aise.<\/p>\n","protected":false},"excerpt":{"rendered":"Le fruit n\u2019est pas tomb\u00e9 loin de l\u2019arbre. On pourrait m\u00eame dire, dans le cas pr\u00e9sent, qu\u2019il est&hellip;\n","protected":false},"author":2,"featured_media":663056,"comment_status":"","ping_status":"","sticky":false,"template":"","format":"standard","meta":{"footnotes":""},"categories":[1355],"tags":[905,58,59,1011,27,7195,1361,873,5095],"class_list":{"0":"post-663055","1":"post","2":"type-post","3":"status-publish","4":"format-standard","5":"has-post-thumbnail","7":"category-musique","8":"tag-a-la-une-melty","9":"tag-divertissement","10":"tag-entertainment","11":"tag-fr","12":"tag-france","13":"tag-jean-jacques-goldman","14":"tag-music","15":"tag-musique","16":"tag-star-academy"},"share_on_mastodon":{"url":"https:\/\/pubeurope.com\/@fr\/115893826020060471","error":""},"_links":{"self":[{"href":"https:\/\/www.europesays.com\/fr\/wp-json\/wp\/v2\/posts\/663055","targetHints":{"allow":["GET"]}}],"collection":[{"href":"https:\/\/www.europesays.com\/fr\/wp-json\/wp\/v2\/posts"}],"about":[{"href":"https:\/\/www.europesays.com\/fr\/wp-json\/wp\/v2\/types\/post"}],"author":[{"embeddable":true,"href":"https:\/\/www.europesays.com\/fr\/wp-json\/wp\/v2\/users\/2"}],"replies":[{"embeddable":true,"href":"https:\/\/www.europesays.com\/fr\/wp-json\/wp\/v2\/comments?post=663055"}],"version-history":[{"count":0,"href":"https:\/\/www.europesays.com\/fr\/wp-json\/wp\/v2\/posts\/663055\/revisions"}],"wp:featuredmedia":[{"embeddable":true,"href":"https:\/\/www.europesays.com\/fr\/wp-json\/wp\/v2\/media\/663056"}],"wp:attachment":[{"href":"https:\/\/www.europesays.com\/fr\/wp-json\/wp\/v2\/media?parent=663055"}],"wp:term":[{"taxonomy":"category","embeddable":true,"href":"https:\/\/www.europesays.com\/fr\/wp-json\/wp\/v2\/categories?post=663055"},{"taxonomy":"post_tag","embeddable":true,"href":"https:\/\/www.europesays.com\/fr\/wp-json\/wp\/v2\/tags?post=663055"}],"curies":[{"name":"wp","href":"https:\/\/api.w.org\/{rel}","templated":true}]}}