{"id":663057,"date":"2026-01-14T14:03:18","date_gmt":"2026-01-14T14:03:18","guid":{"rendered":"https:\/\/www.europesays.com\/fr\/663057\/"},"modified":"2026-01-14T14:03:18","modified_gmt":"2026-01-14T14:03:18","slug":"nouveaux-details-sur-le-personnage-de-michelle-yeoh-qui-a-donc-ete-modifie","status":"publish","type":"post","link":"https:\/\/www.europesays.com\/fr\/663057\/","title":{"rendered":"nouveaux d\u00e9tails sur le personnage de Michelle Yeoh, qui a donc \u00e9t\u00e9 modifi\u00e9"},"content":{"rendered":"<p><strong><a href=\"https:\/\/www.ecranlarge.com\/personnalite\/652848-james-cameron-i\" data-type=\"people\" data-id=\"304972\" target=\"_blank\" rel=\"noopener\">James Cameron<\/a> a donn\u00e9 de nouvelles informations sur le personnage incarn\u00e9 par <a href=\"https:\/\/www.ecranlarge.com\/personnalite\/663500-michelle-yeoh\" data-type=\"people\" data-id=\"314604\" target=\"_blank\" rel=\"noopener\">Michelle Yeoh<\/a> dans <a href=\"https:\/\/www.ecranlarge.com\/films\/985860-avatar-4\" data-type=\"films\" data-id=\"685987\" target=\"_blank\" rel=\"noopener\">Avatar 4<\/a> et <a href=\"https:\/\/www.ecranlarge.com\/films\/998536-avatar-5\" data-type=\"films\" data-id=\"686380\" target=\"_blank\" rel=\"noopener\">Avatar 5<\/a> (qui ne sont pas encore officiellement lanc\u00e9s, comme il le rappelle).<\/strong><\/p>\n<p>C\u2019est la question qui hante les nuits des gens qui en ont quelque chose \u00e0 faire : <strong>qu\u2019attend <a href=\"https:\/\/www.ecranlarge.com\/personnalite\/1095397-disney\" data-type=\"people\" data-id=\"804584\" target=\"_blank\" rel=\"noopener\">Disney<\/a> pour officiellement valider Avatar 4 et<\/strong> <strong>Avatar 5<\/strong> ? James Cameron a r\u00e9p\u00e9t\u00e9 que les sc\u00e9narios \u00e9taient pr\u00eats, qu\u20191\/4 du quatri\u00e8me \u00e9pisode avait \u00e9t\u00e9 tourn\u00e9 histoire d\u2019\u00e9viter un probl\u00e8me avec les acteurs les plus jeunes qui grandissent \u00e0 vue d\u2019\u0153il, mais que tout <strong>d\u00e9pendrait du score d\u2019Avatar 3 au box-office<\/strong>.<\/p>\n<p>                    <img decoding=\"async\" alt=\"\" class=\"wp-image-518375\" style=\"object-fit:cover;width:25px;height:25px\" src=\"https:\/\/www.ecranlarge.com\/content\/uploads\/2023\/09\/arrow-right-circle.svg\"\/><\/p>\n<p>Et c\u2019est l\u00e0 qu\u2019il y a peut-\u00eatre un couac. Avec <strong>1,2 milliard au box-office<\/strong> jusque l\u00e0, <strong>De feu et de cendres<\/strong> est bien \u00e9videmment un succ\u00e8s, qui a encore une fois prouv\u00e9 sa solidit\u00e9 au-del\u00e0 de son week-end de sortie. Mais \u00e7a reste <strong>encore loin des 2,3 milliards d\u2019<\/strong><strong>Avatar 2<\/strong>, et des 2,7 milliards du premier (2,9 milliards en comptant les ressorties). Sachant que le film aurait co\u00fbt\u00e9 entre 350 et 400 millions, hors promo, les enjeux sont forc\u00e9ment d\u00e9lirants.<\/p>\n<p>En attendant une confirmation qui semble de toute fa\u00e7on in\u00e9vitable, James Cameron continue \u00e0 pr\u00e9parer le terrain pour les suites. Il vient ainsi de donner de <strong>nouveaux d\u00e9tails sur le personnage de Michelle Yeoh<\/strong>, qui a apparemment chang\u00e9 depuis la premi\u00e8re annonce.<\/p>\n<p>NA\u2019VIGUER \u00c0 VUE<\/p>\n<p>Si vous avez l\u2019impression d\u2019avoir d\u00e9j\u00e0 entendu \u00ab\u00a0Michelle Yeoh\u00a0\u00bb et \u00ab\u00a0Avatar\u00a0\u00bb dans la m\u00eame phrase, c\u2019est normal. En avril 2019, en plein milieu des tournages d\u2019<strong>Avatar 2<\/strong> et <strong>Avatar 3<\/strong>, l\u2019actrice avait officiellement rejoint la saga <strong>pour incarner le docteur Karina Mogue<\/strong> \u2013 c\u2019est en tout cas ce que disait le communiqu\u00e9 officiel. <\/p>\n<p>De quoi imaginer qu\u2019elle allait appara\u00eetre dans <strong>La Voie de l\u2019eau<\/strong> ou <strong>De feu et de cendres<\/strong>, sauf que James Cameron avait pr\u00e9venu en ao\u00fbt 2024 qu\u2019elle arriverait seulement dans <strong>Avatar 4<\/strong> et <strong>5<\/strong>.<\/p>\n<p>Actuellement en train de boucler l\u2019interminable tourn\u00e9e promo d\u2019<strong>Avatar 3<\/strong>, le cin\u00e9aste a reparl\u00e9 de Michelle Yeoh au micro de TVBS News Japan. Et c\u2019est assez int\u00e9ressant puisque l\u2019actrice oscaris\u00e9e jouera finalement un r\u00f4le diff\u00e9rent :<\/p>\n<blockquote class=\"wp-block-quote is-layout-flow wp-block-quote-is-layout-flow\">\n<p><strong>\u00ab\u00a0Michelle Yeoh sera absolument dans Avatar 4\u2026 si on le fait. L\u2019industrie du cin\u00e9ma traverse une p\u00e9riode difficile actuellement, et Avatar 3 a co\u00fbt\u00e9 beaucoup d\u2019argent. Il faut qu\u2019on r\u00e9ussisse pour continuer. On ne doit pas seulement r\u00e9ussir, on doit aussi trouver un moyen de faire Avatar 4 \u00e0 moindre co\u00fbt si on veut aller de l\u2019avant.<\/strong><\/p>\n<p><strong>Michelle sera dans Avatar 4 et Avatar 5. Elle jouera un personnage en performance capture. Le nom de son personnage est Palakpuelat, et c\u2019est une Na\u2019vi.\u00a0\u00bb<\/strong><\/p>\n<\/blockquote>\n<p><img loading=\"lazy\" decoding=\"async\" width=\"1180\" height=\"600\" alt=\"avatar 3 de feu et de cendres, jack champion\" src=\"https:\/\/www.europesays.com\/fr\/wp-content\/uploads\/2026\/01\/image-82.png\"  \/><\/p>\n<p>Quand tu penses qu\u2019un autre humain arrive<\/p>\n<p>Adieu donc le docteur Karina Mogue annonc\u00e9 en 2019, sauf s\u2019il s\u2019agit (encore) d\u2019un personnage humain qui passe du c\u00f4t\u00e9 Na\u2019vi gr\u00e2ce \u00e0 la technologie. Hormis quelques seconds r\u00f4les en carton, comme Jemaine Clement en gentil scientifique et Edie Falco en grande m\u00e9chante militaire (on se demande toujours si elle est morte \u00e0 la fin d\u2019<strong>Avatar 3<\/strong>, puisqu\u2019un plan semble la montrer aspir\u00e9e dans le puits gravitationnel avec son navire), <strong>les corps en chair et en os semblent de toute fa\u00e7on destin\u00e9s \u00e0 peu \u00e0 peu dispara\u00eetre<\/strong> de cet univers.<\/p>\n<p>En th\u00e9orie, <strong>Avatar 4<\/strong> <strong>devrait sortir en d\u00e9cembre 2029.<\/strong> Nul doute que Disney et James Cameron r\u00e9\u00e9valuent actuellement la franchise, non pas pour savoir si elle continuera, mais pour d\u00e9terminer les conditions (\u00e9conomiques) des suites.<\/p>\n","protected":false},"excerpt":{"rendered":"James Cameron a donn\u00e9 de nouvelles informations sur le personnage incarn\u00e9 par Michelle Yeoh dans Avatar 4 et&hellip;\n","protected":false},"author":2,"featured_media":663058,"comment_status":"","ping_status":"","sticky":false,"template":"","format":"standard","meta":{"footnotes":""},"categories":[1354],"tags":[58,59,1346,1011,27,1360],"class_list":{"0":"post-663057","1":"post","2":"type-post","3":"status-publish","4":"format-standard","5":"has-post-thumbnail","7":"category-films","8":"tag-divertissement","9":"tag-entertainment","10":"tag-films","11":"tag-fr","12":"tag-france","13":"tag-movies"},"share_on_mastodon":{"url":"https:\/\/pubeurope.com\/@fr\/115893830070267833","error":""},"_links":{"self":[{"href":"https:\/\/www.europesays.com\/fr\/wp-json\/wp\/v2\/posts\/663057","targetHints":{"allow":["GET"]}}],"collection":[{"href":"https:\/\/www.europesays.com\/fr\/wp-json\/wp\/v2\/posts"}],"about":[{"href":"https:\/\/www.europesays.com\/fr\/wp-json\/wp\/v2\/types\/post"}],"author":[{"embeddable":true,"href":"https:\/\/www.europesays.com\/fr\/wp-json\/wp\/v2\/users\/2"}],"replies":[{"embeddable":true,"href":"https:\/\/www.europesays.com\/fr\/wp-json\/wp\/v2\/comments?post=663057"}],"version-history":[{"count":0,"href":"https:\/\/www.europesays.com\/fr\/wp-json\/wp\/v2\/posts\/663057\/revisions"}],"wp:featuredmedia":[{"embeddable":true,"href":"https:\/\/www.europesays.com\/fr\/wp-json\/wp\/v2\/media\/663058"}],"wp:attachment":[{"href":"https:\/\/www.europesays.com\/fr\/wp-json\/wp\/v2\/media?parent=663057"}],"wp:term":[{"taxonomy":"category","embeddable":true,"href":"https:\/\/www.europesays.com\/fr\/wp-json\/wp\/v2\/categories?post=663057"},{"taxonomy":"post_tag","embeddable":true,"href":"https:\/\/www.europesays.com\/fr\/wp-json\/wp\/v2\/tags?post=663057"}],"curies":[{"name":"wp","href":"https:\/\/api.w.org\/{rel}","templated":true}]}}