{"id":663067,"date":"2026-01-14T14:08:11","date_gmt":"2026-01-14T14:08:11","guid":{"rendered":"https:\/\/www.europesays.com\/fr\/663067\/"},"modified":"2026-01-14T14:08:11","modified_gmt":"2026-01-14T14:08:11","slug":"le-nouveau-taux-du-livret-a-annonce-ce-jeudi-tout-comme-celui-du-lep","status":"publish","type":"post","link":"https:\/\/www.europesays.com\/fr\/663067\/","title":{"rendered":"Le nouveau taux du livret A annonc\u00e9 ce jeudi, tout comme celui du LEP"},"content":{"rendered":"<p>\n    En th\u00e9orie, la formule de calcul de la Banque de France devrait conduire \u00e0 une baisse des diff\u00e9rents taux de l\u2019\u00e9pargne r\u00e9glement\u00e9e, dont celui du livret A, actuellement \u00e0 1,7%.<\/p>\n<p class=\"fig-paragraph\">Une baisse attendue. La\u00a0<a href=\"http:\/\/www.lefigaro.fr\/placement\/placements-apres-la-baisse-du-taux-du-livret-a-les-nouvelles-opportunites-pour-securiser-son-epargne-20250731\" data-fig-type=\"Article\" data-gtm-custom-categorie=\"navigation\" data-gtm-custom-action=\"crossclick\" data-gtm-custom-label=\"Contextuel\" data-gtm-event=\"customEventSPE\" data-fig-domain=\"LEFIGARO\" rel=\"nofollow noopener\" target=\"_blank\">r\u00e9vision des taux des livrets d&rsquo;\u00e9pargne r\u00e9glement\u00e9e,<\/a>\u00a0dont le livret A, sera annonc\u00e9e jeudi et le livret d&rsquo;\u00e9pargne populaire (LEP) gardera un \u00abavantage marqu\u00e9\u00bb, a indiqu\u00e9 mercredi le gouverneur de la Banque de France, Fran\u00e7ois Villeroy de Galhau. En th\u00e9orie, la formule de calcul devrait conduire \u00e0 une baisse des diff\u00e9rents taux de l&rsquo;\u00e9pargne r\u00e9glement\u00e9e.<\/p>\n<p class=\"fig-paragraph\">\u00abJe proposerai demain (jeudi) au ministre des Finances un taux du livret A qui restera significativement sup\u00e9rieur \u00e0 l&rsquo;inflation, et un avantage marqu\u00e9 pour le livret d&rsquo;\u00e9pargne populaire, dont je me permets de souligner qu&rsquo;il est le vrai produit, le plus avantageux, d&rsquo;\u00e9pargne populaire\u00bb, a d\u00e9clar\u00e9 le gouverneur lors de son audition par les s\u00e9nateurs de la commission des Finances.<\/p>\n<p>                                            <a class=\"fig-a11y-skip\" href=\"#fig-a11y-skip-main-inarticle\" data-module=\"a11y-skip\" data-context=\"was @visible\"><br \/>\n    Passer la publicit\u00e9<br \/>\n<\/a>            <\/p>\n<p class=\"fig-paragraph\">Actuellement \u00e0 1,7%, le rendement du livret A, aussi valable pour le livret de d\u00e9veloppement durable et solidaire (LDDS), sera calcul\u00e9 par la Banque de France, \u00e0 qui il ne manque que les donn\u00e9es de l&rsquo;inflation pour le mois de d\u00e9cembre, qui seront publi\u00e9es par l&rsquo;Insee jeudi matin. L&rsquo;inflation s&rsquo;\u00e9tablit en France en d\u00e9cembre \u00ab\u00e0 0,7% selon l&rsquo;indice harmonis\u00e9, en de\u00e7\u00e0 de la moyenne europ\u00e9enne de 2%\u00bb, a pr\u00e9cis\u00e9 mercredi le gouverneur. Charge ensuite au ministre de l&rsquo;\u00c9conomie Roland Lescure d&rsquo;avaliser ou non la proposition de la Banque de France, vraisemblablement dans la journ\u00e9e de jeudi.<\/p>\n<p class=\"fig-body-link\">\n            \u00c0 lire aussi<br \/>\n        <a class=\"fig-body-link__link fig-premium-mark\" href=\"http:\/\/www.lefigaro.fr\/conjoncture\/livret-a-de-combien-son-taux-va-t-il-baisser-au-1er-fevrier-20260113\" target=\"_blank\" data-fig-type=\"Article\" rel=\"noopener nofollow\" data-gtm-custom-categorie=\"navigation\" data-gtm-custom-action=\"crossclick\" data-gtm-custom-label=\"Contextuel\" data-gtm-event=\"customEventSPE\" data-fig-domain=\"LEFIGARO\"><\/p>\n<p>        Livret A\u00a0: de combien son taux va-t-il baisser au 1er f\u00e9vrier\u00a0?<br \/>\n    <\/a>\n<\/p>\n<p>                                            Un taux d\u2019\u00e9pargne qui reste \u00e9lev\u00e9<\/p>\n<p class=\"fig-paragraph\">Le LEP, soumis \u00e0 des conditions de ressources, est r\u00e9mun\u00e9r\u00e9 \u00e0 2,7% depuis le 1er ao\u00fbt dernier. Auparavant, il \u00e9tait de 3,5%. Pour Fran\u00e7ois Villeroy de Galhau, \u00abl&rsquo;incertitude actuelle entretient un taux d&rsquo;\u00e9pargne encore tr\u00e8s \u00e9lev\u00e9, \u00e0 18,4% au troisi\u00e8me trimestre 2025, soit 3 points au-dessus de son niveau pr\u00e9-Covid\u00bb. Cependant, \u00abqualitativement surtout, l&rsquo;\u00e9pargne doit \u00eatre mieux allou\u00e9e vers le bon financement de notre \u00e9conomie\u00bb, a-t-il estim\u00e9.<\/p>\n<p class=\"fig-paragraph\">\u00abLa France ne manque pas de cr\u00e9dits\u00bb, a-t-il relev\u00e9, mais \u00abla France et plus largement la zone euro manquent de fonds propres et de capital-risque, qui sont essentiels aux entreprises pour innover\u00bb. \u00abLe financement en fonds propres des soci\u00e9t\u00e9s non financi\u00e8res ne repr\u00e9sente que 85% du PIB en zone euro, contre 220% aux \u00c9tats-Unis\u00bb, a-t-il pr\u00e9cis\u00e9.<\/p>\n","protected":false},"excerpt":{"rendered":"En th\u00e9orie, la formule de calcul de la Banque de France devrait conduire \u00e0 une baisse des diff\u00e9rents&hellip;\n","protected":false},"author":2,"featured_media":663068,"comment_status":"","ping_status":"","sticky":false,"template":"","format":"standard","meta":{"footnotes":""},"categories":[6],"tags":[35,33,34,589,1011,27,365],"class_list":{"0":"post-663067","1":"post","2":"type-post","3":"status-publish","4":"format-standard","5":"has-post-thumbnail","7":"category-economie","8":"tag-business","9":"tag-economie","10":"tag-economy","11":"tag-epargne","12":"tag-fr","13":"tag-france","14":"tag-livret-a"},"share_on_mastodon":{"url":"https:\/\/pubeurope.com\/@fr\/115893849522993588","error":""},"_links":{"self":[{"href":"https:\/\/www.europesays.com\/fr\/wp-json\/wp\/v2\/posts\/663067","targetHints":{"allow":["GET"]}}],"collection":[{"href":"https:\/\/www.europesays.com\/fr\/wp-json\/wp\/v2\/posts"}],"about":[{"href":"https:\/\/www.europesays.com\/fr\/wp-json\/wp\/v2\/types\/post"}],"author":[{"embeddable":true,"href":"https:\/\/www.europesays.com\/fr\/wp-json\/wp\/v2\/users\/2"}],"replies":[{"embeddable":true,"href":"https:\/\/www.europesays.com\/fr\/wp-json\/wp\/v2\/comments?post=663067"}],"version-history":[{"count":0,"href":"https:\/\/www.europesays.com\/fr\/wp-json\/wp\/v2\/posts\/663067\/revisions"}],"wp:featuredmedia":[{"embeddable":true,"href":"https:\/\/www.europesays.com\/fr\/wp-json\/wp\/v2\/media\/663068"}],"wp:attachment":[{"href":"https:\/\/www.europesays.com\/fr\/wp-json\/wp\/v2\/media?parent=663067"}],"wp:term":[{"taxonomy":"category","embeddable":true,"href":"https:\/\/www.europesays.com\/fr\/wp-json\/wp\/v2\/categories?post=663067"},{"taxonomy":"post_tag","embeddable":true,"href":"https:\/\/www.europesays.com\/fr\/wp-json\/wp\/v2\/tags?post=663067"}],"curies":[{"name":"wp","href":"https:\/\/api.w.org\/{rel}","templated":true}]}}