{"id":663071,"date":"2026-01-14T14:10:13","date_gmt":"2026-01-14T14:10:13","guid":{"rendered":"https:\/\/www.europesays.com\/fr\/663071\/"},"modified":"2026-01-14T14:10:13","modified_gmt":"2026-01-14T14:10:13","slug":"les-bras-men-tombent-sindigne-francois-lenglet","status":"publish","type":"post","link":"https:\/\/www.europesays.com\/fr\/663071\/","title":{"rendered":"\u00ab\u00a0Les bras m&rsquo;en tombent\u00a0\u00bb, s&rsquo;indigne Fran\u00e7ois Lenglet"},"content":{"rendered":"<p class=\"article-p mdl\">Les bras m&rsquo;en tombent. Un boulanger de la r\u00e9gion de Rouen, le Petit Minotier, propose une galette des rois \u00e0 18,95 euros. Cuisin\u00e9e sans gluten, cette galette ouvre le droit \u00e0 un remboursement par la S\u00e9curit\u00e9 sociale \u00e0 hauteur de 3,81 euros, a r\u00e9v\u00e9l\u00e9 le journal\u00a0<a class=\"link\" href=\"https:\/\/www.paris-normandie.fr\/id686469\/article\/2026-01-03\/une-galette-des-rois-remboursee-par-la-secu-cest-possible-et-ca-vient-de\" target=\"_blank\" rel=\"noopener\">Paris Normandie<\/a>. Le boulanger est labellis\u00e9 par l&rsquo;association fran\u00e7aise des intol\u00e9rants au gluten. Ainsi, il appose sur sa p\u00e2tisserie la vignette LPPR, liste des produits et prestations remboursables. L&rsquo;assur\u00e9 qui craquerait pour cette galette tout en \u00e9tant allergique au gluten peut donc transmettre cette vignette \u00e0 la S\u00e9curit\u00e9 sociale, pour faire subventionner sa gourmandise.<\/p>\n<p class=\"article-p mdl\">La logique \u00e9tant de favoriser une alimentation adapt\u00e9e \u00e0 la maladie c\u0153liaque, l&rsquo;allergie au gluten. Acheter des produits sans gluten, avec l&rsquo;\u00e9ventuel surco\u00fbt accompagnant les petites s\u00e9ries, c&rsquo;est de la responsabilit\u00e9 individuelle des intol\u00e9rants. Ceci n&rsquo;aurait pas de fin, puisque la correction de toute d\u00e9viation par rapport \u00e0 la norme pourrait ainsi \u00eatre subventionn\u00e9e. Si je suis allergique aux fraises, je peux donc me faire rembourser les framboises ? Il s&rsquo;agit d&rsquo;une d\u00e9naturation de <strong>la S\u00e9curit\u00e9 sociale, faite pour rembourser des frais m\u00e9dicaux, pas pour financer les achats quotidiens<\/strong>.<\/p>\n<p>            Le d\u00e9ficit de la S\u00e9curit\u00e9 sociale atteindra 24 milliards d&rsquo;euros en 2026<\/p>\n<p class=\"article-p mdl\">Que la S\u00e9curit\u00e9 sociale finance des campagnes d&rsquo;information et que les associations de malades labellisent les produits, sont de bonnes choses. Mais que la collectivit\u00e9 soit sollicit\u00e9e pour r\u00e9gler la note, c&rsquo;est scandaleux. Il est essentiel de rappeler que le d\u00e9ficit programm\u00e9 de la S\u00e9curit\u00e9 sociale atteindra 24 milliards d&rsquo;euros en 2026.<\/p>\n<p class=\"article-p mdl\">Il est important d&rsquo;\u00e9voquer que le budget vot\u00e9 par nos \u00e9lus supprime la r\u00e9forme des retraites, renonce \u00e0 limiter le remboursement des cures thermales, \u00e0 imposer des franchises sur le prix des m\u00e9dicaments, renonce aussi au gel des retraites et prestations sociales ou encore de cr\u00e9er un nouveau cong\u00e9 de naissance pour la m\u00e8re et le p\u00e8re.<\/p>\n<p class=\"article-p mdl\">Les Fran\u00e7ais ont d\u00e9j\u00e0 tir\u00e9 les rois et ont eu la f\u00e8ve avec ce budget consternant de b\u00eatise et d&rsquo;impr\u00e9voyance. Une S\u00e9curit\u00e9 sociale qui finance les galettes des rois de ses administr\u00e9s ferait bien de se mettre au r\u00e9gime.\u00a0<\/p>\n<p>    La r\u00e9daction vous recommande<\/p>\n<p class=\"s-newsletter__title\">\n                L\u2019actualit\u00e9 par la r\u00e9daction de RTL dans votre bo\u00eete mail.\n            <\/p>\n<p class=\"s-newsletter__subtitle\">\n                Gr\u00e2ce \u00e0 votre compte RTL abonnez-vous \u00e0 la newsletter RTL info pour suivre toute l&rsquo;actualit\u00e9 au quotidien\n            <\/p>\n<p>\n                                    Lire la suite\n                                <\/p>\n","protected":false},"excerpt":{"rendered":"Les bras m&rsquo;en tombent. Un boulanger de la r\u00e9gion de Rouen, le Petit Minotier, propose une galette des&hellip;\n","protected":false},"author":2,"featured_media":663072,"comment_status":"","ping_status":"","sticky":false,"template":"","format":"standard","meta":{"footnotes":""},"categories":[4],"tags":[11,3483,107,1011,27,71375,12,138,362,25,9590,731],"class_list":{"0":"post-663071","1":"post","2":"type-post","3":"status-publish","4":"format-standard","5":"has-post-thumbnail","7":"category-france","8":"tag-actualites","9":"tag-extrait","10":"tag-fil-info","11":"tag-fr","12":"tag-france","13":"tag-galette-des-rois","14":"tag-news","15":"tag-remboursement","16":"tag-replay","17":"tag-republique-francaise","18":"tag-rouen","19":"tag-securite-sociale"},"share_on_mastodon":{"url":"https:\/\/pubeurope.com\/@fr\/115893857533910476","error":""},"_links":{"self":[{"href":"https:\/\/www.europesays.com\/fr\/wp-json\/wp\/v2\/posts\/663071","targetHints":{"allow":["GET"]}}],"collection":[{"href":"https:\/\/www.europesays.com\/fr\/wp-json\/wp\/v2\/posts"}],"about":[{"href":"https:\/\/www.europesays.com\/fr\/wp-json\/wp\/v2\/types\/post"}],"author":[{"embeddable":true,"href":"https:\/\/www.europesays.com\/fr\/wp-json\/wp\/v2\/users\/2"}],"replies":[{"embeddable":true,"href":"https:\/\/www.europesays.com\/fr\/wp-json\/wp\/v2\/comments?post=663071"}],"version-history":[{"count":0,"href":"https:\/\/www.europesays.com\/fr\/wp-json\/wp\/v2\/posts\/663071\/revisions"}],"wp:featuredmedia":[{"embeddable":true,"href":"https:\/\/www.europesays.com\/fr\/wp-json\/wp\/v2\/media\/663072"}],"wp:attachment":[{"href":"https:\/\/www.europesays.com\/fr\/wp-json\/wp\/v2\/media?parent=663071"}],"wp:term":[{"taxonomy":"category","embeddable":true,"href":"https:\/\/www.europesays.com\/fr\/wp-json\/wp\/v2\/categories?post=663071"},{"taxonomy":"post_tag","embeddable":true,"href":"https:\/\/www.europesays.com\/fr\/wp-json\/wp\/v2\/tags?post=663071"}],"curies":[{"name":"wp","href":"https:\/\/api.w.org\/{rel}","templated":true}]}}