{"id":663075,"date":"2026-01-14T14:12:12","date_gmt":"2026-01-14T14:12:12","guid":{"rendered":"https:\/\/www.europesays.com\/fr\/663075\/"},"modified":"2026-01-14T14:12:12","modified_gmt":"2026-01-14T14:12:12","slug":"la-musique-permet-un-espace-de-parole","status":"publish","type":"post","link":"https:\/\/www.europesays.com\/fr\/663075\/","title":{"rendered":"\u00ab\u00a0La musique permet un espace de parole\u00a0\u00bb"},"content":{"rendered":"<p>Quel est le r\u00f4le d\u2019un artiste dans la soci\u00e9t\u00e9\u00a0? Quelle est la mani\u00e8re de faire de la musique aujourd\u2019hui\u00a0? Pour r\u00e9pondre \u00e0 ces questions, Anne Damon-Guillot, professeure \u00e0 l\u2019Universit\u00e9 Jean-Monnet et coresponsable scientifique de l\u2019institut ARTS (Art, Recherche, Territoire, Savoir), convie Rapha\u00ebl et Th\u00e9o Herrerias, qui forment le groupe Terrenoire, vendredi \u00e0 18 heures, au campus Tr\u00e9filerie.<\/p>\n<p>  \u00ab\u00a0On essaie de travailler avec des artistes de diff\u00e9rentes disciplines\u00a0\u00bb<\/p>\n<p>Avec Camille Roelens (universit\u00e9 Claude-Bernard \u00e0 Lyon), la musicologue co-animera ce rendez-vous ouvert au public (1)\u00a0: \u00ab\u00a0On a d\u00e9j\u00e0 eu l\u2019occasion de travailler avec Terrenoire, lors de leur r\u00e9sidence artistique au mus\u00e9e de la Mine en 2024. Plus g\u00e9n\u00e9ralement, on essaie de travailler avec des artistes de diff\u00e9rentes disciplines pour \u00e9changer sur leurs pratiques, leurs mani\u00e8res d\u2019\u00eatre. On a d\u00e9j\u00e0 re\u00e7u ORLAN, Ella &amp; Pitr et on va faire un travail <a href=\"https:\/\/www.leprogres.fr\/culture-loisirs\/2023\/01\/19\/saint-etienne-le-premier-album-de-fils-cara-sortira-le-17-mars\" target=\"_blank\" rel=\"noopener\">avec Fils Cara<\/a> bient\u00f4t.\u00a0\u00bb<\/p>\n<p>Cette conversation, intitul\u00e9e \u00ab\u00a0Entendre et s\u2019entendre\u00a0\u00bb, s\u2019articulera autour de deux volets : \u00ab\u00a0On parlera de leur production musicale pour comprendre comment Rapha\u00ebl et Th\u00e9o fabriquent leurs morceaux, poursuit Anne Damon-Guillot. Puis il y aura cette id\u00e9e de comment on s\u2019entend et on s\u2019\u00e9coute aujourd\u2019hui et la question de leur mani\u00e8re d\u2019\u00eatre des artistes.\u00a0\u00bb<\/p>\n<p>Des extraits de quatre chansons du duo engag\u00e9, <a href=\"https:\/\/www.leprogres.fr\/culture-loisirs\/2022\/02\/11\/victoires-de-la-musique-terrenoire-sacre-revelation-masculine#PlugCommentsList2\" target=\"_blank\" rel=\"noopener\">sacr\u00e9 R\u00e9v\u00e9lation masculine aux Victoires de la musique 2022<\/a>, serviront de support aux discussions\u00a0: Jusqu\u2019\u00e0 mon dernier souffle (issu de son premier album Les Forces contraires -2020-) ainsi que Vivre sobrement, Hotline Gorgone et Le Fou dans la voiture (trois titres <a href=\"https:\/\/www.leprogres.fr\/culture-loisirs\/2025\/01\/23\/nouvel-album-de-terrenoire-on-a-hate-de-communier-avec-tous-les-stephanois\" target=\"_blank\" rel=\"noopener\">du disque <\/a><a href=\"https:\/\/www.leprogres.fr\/culture-loisirs\/2025\/01\/23\/nouvel-album-de-terrenoire-on-a-hate-de-communier-avec-tous-les-stephanois\" target=\"_blank\" rel=\"noopener\">prot\u00e9g\u00e9.e<\/a> publi\u00e9 l\u2019ann\u00e9e derni\u00e8re). Cette derni\u00e8re chanson est un cri de col\u00e8re (\u00ab\u00a0Y\u2019a un fou au volant de la voiture\u00a0\u00bb\/\u00ab Il tourne \u00e0 droite\u00a0\u00bb\/\u00ab Maman tr\u00e8s \u00e0 droite\u00a0\u00bb) qui \u00ab\u00a0malheureusement r\u00e9sonne bien aujourd\u2019hui\u00a0\u00bb selon Rapha\u00ebl Herrerias\u00a0: \u00ab\u00a0On a \u00e9crit cette chanson il y a plusieurs ann\u00e9es. Elle traduit la sensation globale d\u2019une p\u00e9riode de basculement politique.\u00a0\u00bb<\/p>\n<p>  \u00ab\u00a0La musique permet un espace de parole\u00a0\u00bb<\/p>\n<p>Le groupe, qui a rendu hommage \u00e0 la ville de Saint-\u00c9tienne avec <a href=\"https:\/\/www.leprogres.fr\/p\/bernard-lavilliers\" target=\"_blank\" rel=\"noopener\">Bernard Lavilliers<\/a> en 2021 (NDLR : Je tiens d\u2019elle), a l\u2019habitude de rencontrer du public dans le cadre de son travail\u00a0: \u00ab\u00a0On essaie toujours de penser le lien entre la musique et le lieu o\u00f9 nous sommes, poursuit l\u2019a\u00een\u00e9 des fr\u00e8res Herrerias. Notre tourn\u00e9e est pens\u00e9e comme \u00e7a, on passe plus de temps avant les concerts dans les villes o\u00f9 on joue (NDLR : Terrenoire se produira la veille \u00e0 Montbrison pour le festival Poly\u2019Sons -complet-) (2). La musique permet un espace de parole. Les gens viennent parce qu\u2019on est musiciens, puis tout d\u2019un coup, on organise des ateliers d\u2019\u00e9criture, des ateliers de chorale\u2026 C\u2019est la dimension d\u2019entente presque circulaire que permet la musique.\u00a0\u00bb<\/p>\n<p class=\"note\">(1) Rencontre \u00ab\u00a0Entendre et s\u2019entendre\u00a0\u00bb avec le duo Terrenoire, vendredi, \u00e0 18 heures, au campus Tr\u00e9filerie (Nouvelle Sc\u00e8ne du B\u00e2timent A). Gratuit mais sur r\u00e9servation sur <a href=\"http:\/\/www.billetweb.fr\" target=\"_blank\" rel=\"noopener\">www.billetweb.fr<\/a>\u00a0(le nombre de places est limit\u00e9 \u00e0 150).<\/p>\n<p class=\"note\">(2) Terrenoire sera en concert au Z\u00e9nith de Saint-\u00c9tienne dimanche 24\u00a0mai avec Feu\u00a0! Chatterton, dans le cadre du festival Paroles &amp; Musiques.<\/p>\n","protected":false},"excerpt":{"rendered":"Quel est le r\u00f4le d\u2019un artiste dans la soci\u00e9t\u00e9\u00a0? Quelle est la mani\u00e8re de faire de la musique&hellip;\n","protected":false},"author":2,"featured_media":663076,"comment_status":"","ping_status":"","sticky":false,"template":"","format":"standard","meta":{"footnotes":""},"categories":[9653],"tags":[1111,11,2430,1687,7539,1777,674,107,1011,27,3367,873,12,25,4001,7538],"class_list":{"0":"post-663075","1":"post","2":"type-post","3":"status-publish","4":"format-standard","5":"has-post-thumbnail","7":"category-saint-etienne","8":"tag-actu","9":"tag-actualites","10":"tag-auvergne-rhone-alpes","11":"tag-culture-loisirs","12":"tag-edition-loire-sud","13":"tag-eu","14":"tag-europe","15":"tag-fil-info","16":"tag-fr","17":"tag-france","18":"tag-loire","19":"tag-musique","20":"tag-news","21":"tag-republique-francaise","22":"tag-saint-etienne","23":"tag-saint-etienne-ville"},"share_on_mastodon":{"url":"https:\/\/pubeurope.com\/@fr\/115893865275765348","error":""},"_links":{"self":[{"href":"https:\/\/www.europesays.com\/fr\/wp-json\/wp\/v2\/posts\/663075","targetHints":{"allow":["GET"]}}],"collection":[{"href":"https:\/\/www.europesays.com\/fr\/wp-json\/wp\/v2\/posts"}],"about":[{"href":"https:\/\/www.europesays.com\/fr\/wp-json\/wp\/v2\/types\/post"}],"author":[{"embeddable":true,"href":"https:\/\/www.europesays.com\/fr\/wp-json\/wp\/v2\/users\/2"}],"replies":[{"embeddable":true,"href":"https:\/\/www.europesays.com\/fr\/wp-json\/wp\/v2\/comments?post=663075"}],"version-history":[{"count":0,"href":"https:\/\/www.europesays.com\/fr\/wp-json\/wp\/v2\/posts\/663075\/revisions"}],"wp:featuredmedia":[{"embeddable":true,"href":"https:\/\/www.europesays.com\/fr\/wp-json\/wp\/v2\/media\/663076"}],"wp:attachment":[{"href":"https:\/\/www.europesays.com\/fr\/wp-json\/wp\/v2\/media?parent=663075"}],"wp:term":[{"taxonomy":"category","embeddable":true,"href":"https:\/\/www.europesays.com\/fr\/wp-json\/wp\/v2\/categories?post=663075"},{"taxonomy":"post_tag","embeddable":true,"href":"https:\/\/www.europesays.com\/fr\/wp-json\/wp\/v2\/tags?post=663075"}],"curies":[{"name":"wp","href":"https:\/\/api.w.org\/{rel}","templated":true}]}}