{"id":663113,"date":"2026-01-14T14:33:10","date_gmt":"2026-01-14T14:33:10","guid":{"rendered":"https:\/\/www.europesays.com\/fr\/663113\/"},"modified":"2026-01-14T14:33:10","modified_gmt":"2026-01-14T14:33:10","slug":"bordeaux-un-enseignant-chercheur-mis-en-examen-pour-soupcons-dingerence-avec-la-chine","status":"publish","type":"post","link":"https:\/\/www.europesays.com\/fr\/663113\/","title":{"rendered":"Bordeaux : un enseignant-chercheur mis en examen pour soup\u00e7ons d\u2019ing\u00e9rence avec la Chine"},"content":{"rendered":"<p>    La r\u00e9daction vous conseille<\/p>\n<p>\u00ab\u00a0Ce fonctionnaire est notamment soup\u00e7onn\u00e9 d\u2019avoir fait p\u00e9n\u00e9trer des membres d\u2019une d\u00e9l\u00e9gation chinoise \u00e0 des zones interdites, dont la sensibilit\u00e9 avait \u00e9t\u00e9 mentionn\u00e9e comme tr\u00e8s importante\u00a0\u00bb, a expliqu\u00e9 le minist\u00e8re public.<\/p>\n<p>Acc\u00e8s non autoris\u00e9 \u00e0 des zones classifi\u00e9es<\/p>\n<p>Le scientifique est poursuivi pour \u00ab\u00a0livraison d\u2019information \u00e0 une puissance \u00e9trang\u00e8re\u00a0\u00bb, crime faisant encourir une peine de 15\u00a0ans de r\u00e9clusion et 225.000 euros d\u2019amende, \u00ab\u00a0intelligence avec une puissance \u00e9trang\u00e8re\u00a0\u00bb, d\u00e9lit faisant encourir dix ans d\u2019emprisonnement et 150.000 euros d\u2019amende, et \u00ab\u00a0complicit\u00e9 d\u2019intrusion dans un local ou terrain clos int\u00e9ressant la d\u00e9fense nationale\u00a0\u00bb, un d\u00e9lit faisant encourir six mois de prison et 7.500 euros d\u2019amende.<\/p>\n<p>Ce professeur a \u00e9t\u00e9 laiss\u00e9 libre sous contr\u00f4le judiciaire, selon le parquet.<\/p>\n<p>    La r\u00e9daction vous conseille<\/p>\n<p>Son avocat, Me G\u00e9rard Danglade, n\u2019a pas souhait\u00e9 s\u2019exprimer, r\u00e9servant ses d\u00e9clarations \u00e0 l\u2019instruction.<\/p>\n<p>Trois chefs d\u2019inculpation li\u00e9s \u00e0 la s\u00e9curit\u00e9 nationale<\/p>\n<p>L\u2019enqu\u00eate avait \u00e9t\u00e9 ouverte en janvier 2024 par la section protection des libert\u00e9s fondamentales du parquet de Paris, saisie par le SGDSN (Secr\u00e9tariat g\u00e9n\u00e9ral de la D\u00e9fense et de la S\u00e9curit\u00e9 nationale) \u00ab\u00a0\u00e0 la suite d\u2019un rapport d\u2019incident de la D\u00e9fense nationale sur l\u2019universit\u00e9 de Bordeaux\u00a0\u00bb, a expliqu\u00e9 le parquet de Paris.<\/p>\n<p>    La r\u00e9daction vous conseille<\/p>\n<p>Celui-ci a ouvert une information judiciaire en mai 2024. Les investigations se d\u00e9roulent depuis sous la direction du juge d\u2019instruction.<\/p>\n<p>\u00ab\u00a0C\u2019est dans ce cadre que des personnes ont \u00e9t\u00e9 entendues en garde \u00e0 vue en f\u00e9vrier 2025. L\u2019exploitation des supports saisis en perquisition a conduit \u00e0 ce que cet enseignant soit de nouveau plac\u00e9 en garde \u00e0 vue puis mis en examen\u00a0\u00bb, a pr\u00e9cis\u00e9 le parquet.<\/p>\n","protected":false},"excerpt":{"rendered":"La r\u00e9daction vous conseille \u00ab\u00a0Ce fonctionnaire est notamment soup\u00e7onn\u00e9 d\u2019avoir fait p\u00e9n\u00e9trer des membres d\u2019une d\u00e9l\u00e9gation chinoise \u00e0&hellip;\n","protected":false},"author":2,"featured_media":636356,"comment_status":"","ping_status":"","sticky":false,"template":"","format":"standard","meta":{"footnotes":""},"categories":[2817],"tags":[1111,11,1997,1777,674,1011,27,12,2219,25],"class_list":{"0":"post-663113","1":"post","2":"type-post","3":"status-publish","4":"format-standard","5":"has-post-thumbnail","7":"category-bordeaux","8":"tag-actu","9":"tag-actualites","10":"tag-bordeaux","11":"tag-eu","12":"tag-europe","13":"tag-fr","14":"tag-france","15":"tag-news","16":"tag-nouvelle-aquitaine","17":"tag-republique-francaise"},"share_on_mastodon":{"url":"https:\/\/pubeurope.com\/@fr\/115893947851514583","error":""},"_links":{"self":[{"href":"https:\/\/www.europesays.com\/fr\/wp-json\/wp\/v2\/posts\/663113","targetHints":{"allow":["GET"]}}],"collection":[{"href":"https:\/\/www.europesays.com\/fr\/wp-json\/wp\/v2\/posts"}],"about":[{"href":"https:\/\/www.europesays.com\/fr\/wp-json\/wp\/v2\/types\/post"}],"author":[{"embeddable":true,"href":"https:\/\/www.europesays.com\/fr\/wp-json\/wp\/v2\/users\/2"}],"replies":[{"embeddable":true,"href":"https:\/\/www.europesays.com\/fr\/wp-json\/wp\/v2\/comments?post=663113"}],"version-history":[{"count":0,"href":"https:\/\/www.europesays.com\/fr\/wp-json\/wp\/v2\/posts\/663113\/revisions"}],"wp:featuredmedia":[{"embeddable":true,"href":"https:\/\/www.europesays.com\/fr\/wp-json\/wp\/v2\/media\/636356"}],"wp:attachment":[{"href":"https:\/\/www.europesays.com\/fr\/wp-json\/wp\/v2\/media?parent=663113"}],"wp:term":[{"taxonomy":"category","embeddable":true,"href":"https:\/\/www.europesays.com\/fr\/wp-json\/wp\/v2\/categories?post=663113"},{"taxonomy":"post_tag","embeddable":true,"href":"https:\/\/www.europesays.com\/fr\/wp-json\/wp\/v2\/tags?post=663113"}],"curies":[{"name":"wp","href":"https:\/\/api.w.org\/{rel}","templated":true}]}}