{"id":663114,"date":"2026-01-14T14:34:10","date_gmt":"2026-01-14T14:34:10","guid":{"rendered":"https:\/\/www.europesays.com\/fr\/663114\/"},"modified":"2026-01-14T14:34:10","modified_gmt":"2026-01-14T14:34:10","slug":"arthur-retiere-a-larret-pendant-deux-semaines","status":"publish","type":"post","link":"https:\/\/www.europesays.com\/fr\/663114\/","title":{"rendered":"Arthur Reti\u00e8re \u00e0 l\u2019arr\u00eat pendant deux semaines"},"content":{"rendered":"<p>Apr\u00e8s son succ\u00e8s bonifi\u00e9 face \u00e0 Northampton (50-28), l\u2019UBB pr\u00e9pare son d\u00e9placement \u00e0 Bristol o\u00f9 elle tentera de pr\u00e9server sa 1re place de la poule 4. Victime d\u2019une grosse commotion et transport\u00e9 \u00e0 l\u2019h\u00f4pital apr\u00e8s le match face aux Saints, Arthur Reti\u00e8re doit observer deux semaines de repos. Il ne fera son retour que pour le d\u00e9placement \u00e0 Montauban en Top 14 (le 31\u00a0janvier). Avec les blessures de Maxime Lucu (genou) et Valentin Hutteau (genou), le club girondin n\u2019a plus qu\u2019un demi de m\u00eal\u00e9e valide en la personne de Martin Page-Relo.<\/p>\n","protected":false},"excerpt":{"rendered":"Apr\u00e8s son succ\u00e8s bonifi\u00e9 face \u00e0 Northampton (50-28), l\u2019UBB pr\u00e9pare son d\u00e9placement \u00e0 Bristol o\u00f9 elle tentera de&hellip;\n","protected":false},"author":2,"featured_media":663115,"comment_status":"","ping_status":"","sticky":false,"template":"","format":"standard","meta":{"footnotes":""},"categories":[2817],"tags":[1111,11,1997,1777,674,1011,27,12,2219,25],"class_list":{"0":"post-663114","1":"post","2":"type-post","3":"status-publish","4":"format-standard","5":"has-post-thumbnail","7":"category-bordeaux","8":"tag-actu","9":"tag-actualites","10":"tag-bordeaux","11":"tag-eu","12":"tag-europe","13":"tag-fr","14":"tag-france","15":"tag-news","16":"tag-nouvelle-aquitaine","17":"tag-republique-francaise"},"share_on_mastodon":{"url":"https:\/\/pubeurope.com\/@fr\/115893951840130419","error":""},"_links":{"self":[{"href":"https:\/\/www.europesays.com\/fr\/wp-json\/wp\/v2\/posts\/663114","targetHints":{"allow":["GET"]}}],"collection":[{"href":"https:\/\/www.europesays.com\/fr\/wp-json\/wp\/v2\/posts"}],"about":[{"href":"https:\/\/www.europesays.com\/fr\/wp-json\/wp\/v2\/types\/post"}],"author":[{"embeddable":true,"href":"https:\/\/www.europesays.com\/fr\/wp-json\/wp\/v2\/users\/2"}],"replies":[{"embeddable":true,"href":"https:\/\/www.europesays.com\/fr\/wp-json\/wp\/v2\/comments?post=663114"}],"version-history":[{"count":0,"href":"https:\/\/www.europesays.com\/fr\/wp-json\/wp\/v2\/posts\/663114\/revisions"}],"wp:featuredmedia":[{"embeddable":true,"href":"https:\/\/www.europesays.com\/fr\/wp-json\/wp\/v2\/media\/663115"}],"wp:attachment":[{"href":"https:\/\/www.europesays.com\/fr\/wp-json\/wp\/v2\/media?parent=663114"}],"wp:term":[{"taxonomy":"category","embeddable":true,"href":"https:\/\/www.europesays.com\/fr\/wp-json\/wp\/v2\/categories?post=663114"},{"taxonomy":"post_tag","embeddable":true,"href":"https:\/\/www.europesays.com\/fr\/wp-json\/wp\/v2\/tags?post=663114"}],"curies":[{"name":"wp","href":"https:\/\/api.w.org\/{rel}","templated":true}]}}