{"id":663120,"date":"2026-01-14T14:37:22","date_gmt":"2026-01-14T14:37:22","guid":{"rendered":"https:\/\/www.europesays.com\/fr\/663120\/"},"modified":"2026-01-14T14:37:22","modified_gmt":"2026-01-14T14:37:22","slug":"lille-vers-de-grosses-amendes-pour-cette-epicerie-de-wazemmes-qui-multipliait-les-fermetures-trop-tardives","status":"publish","type":"post","link":"https:\/\/www.europesays.com\/fr\/663120\/","title":{"rendered":"Lille. Vers de grosses amendes pour cette \u00e9picerie de Wazemmes qui multipliait les fermetures trop tardives"},"content":{"rendered":"<p>                    Par<br \/>\n        <strong><br \/>\n            <a href=\"https:\/\/actu.fr\/auteur\/nicolas-demollien\" title=\"Consulter tous les articles de Nicolas Demollien\" target=\"_blank\" rel=\"noopener\">Nicolas Demollien<\/a><br \/>\n                    <\/strong><\/p>\n<p>        Publi\u00e9 le<\/p>\n<p>            14 janv. 2026 \u00e0 11h30        <\/p>\n<p>Elle \u00e9tait dans le viseur de la <a href=\"https:\/\/actu.fr\/tag\/police\" target=\"_blank\" rel=\"noopener\">police<\/a> municipale de <a href=\"https:\/\/actu.fr\/hauts-de-france\/lille_59350\" target=\"_blank\" rel=\"noopener\">Lille<\/a> (Nord) qui a <b>multipli\u00e9 les contr\u00f4les<\/b>. Une<b> \u00e9picerie du quartier de Wazemmes<\/b> a \u00e9t\u00e9 jug\u00e9e par le <b>tribunal de police<\/b> mardi 13 janvier 2026 pour avoir <b>all\u00e9grement d\u00e9pass\u00e9e les horaires de fermeture<\/b> autoris\u00e9e par la Ville. Et les <b>amendes<\/b> encourues <b>pourraient bien \u00eatre tr\u00e8s sal\u00e9es<\/b>.<\/p>\n<p>Une \u00e9picerie de Wazemmes \u00e9pingl\u00e9e \u00e0 sept reprises par la police<\/p>\n<p class=\" wall-content\">Ce sont en effet pas moins de<b> sept affaires<\/b> qui ont \u00e9t\u00e9 jug\u00e9es par le tribunal. De fin 2024 \u00e0 d\u00e9but 2025, les policiers ont constat\u00e9 que l\u2019\u00e9tablissement ne respectait pas du tout les horaires malgr\u00e9 plusieurs rappels \u00e0 l\u2019ordre.<\/p>\n<p class=\" wall-content\">Aucune difficult\u00e9 sur le fond, des <b>constats ayant \u00e9t\u00e9 dress\u00e9s \u00e0 chaque fois<\/b>.<\/p>\n<p class=\" wall-content\">Le repr\u00e9sentant du minist\u00e8re public a ainsi requis de fortes <b>amendes pour un montant total de 3\u2009750\u20ac<\/b>. \u00ab\u2009Il faut frapper fort, afin que les g\u00e9rants comprennent bien qu\u2019il faut respecter la loi et que <b>ce n\u2019est pas rentable de rester ouvert malgr\u00e9 l\u2019interdiction<\/b>\u2009\u00bb, a justifi\u00e9 Jean-Baptiste Fray, commissaire et officier du minist\u00e8re public.<\/p>\n<p class=\" wall-content\">Quelle sera la d\u00e9cision du tribunal sachant que le g\u00e9rant mis en cause n\u2019est plus \u00e0 la t\u00eate de la soci\u00e9t\u00e9\u2009? Le jugement a \u00e9t\u00e9 mis en d\u00e9lib\u00e9r\u00e9 au 17\u00a0f\u00e9vrier 2026.<\/p>\n<p class=\" wall-content\">Ces prochaines semaines, des affaires similaires vont \u00eatre jug\u00e9es \u00e0 plusieurs reprises par le tribunal de police de Lille. Et Jean-Baptiste Fray s\u2019en r\u00e9jouit\u2009: \u00ab\u2009C\u2019est un <b>ph\u00e9nom\u00e8ne qui cause de nombreux troubles<\/b> \u00e0 la tranquillit\u00e9 publique et g\u00eane les riverains\u2009\u00bb, rappelle-t-il.<\/p>\n<p class=\" wall-content\">Personnalisez votre actualit\u00e9 en ajoutant vos villes et m\u00e9dias en favori avec <a href=\"https:\/\/moncompte.actu.fr\" title=\"D\u00e9couvez Mon Actu\" rel=\"nofollow noopener\" data-trk=\"{&quot;cta&quot;:{&quot;action&quot;:&quot;https:\\\/\\\/moncompte.actu.fr&quot;,&quot;category&quot;:&quot;mon compte&quot;,&quot;from&quot;:&quot;article footer&quot;,&quot;name&quot;:&quot;Mon actu&quot;,&quot;type&quot;:&quot;cta&quot;}}\" target=\"_blank\">Mon Actu<\/a>.<\/p>\n","protected":false},"excerpt":{"rendered":"Par Nicolas Demollien Publi\u00e9 le 14 janv. 2026 \u00e0 11h30 Elle \u00e9tait dans le viseur de la police&hellip;\n","protected":false},"author":2,"featured_media":663121,"comment_status":"","ping_status":"","sticky":false,"template":"","format":"standard","meta":{"footnotes":""},"categories":[2815],"tags":[1111,11,215,1777,674,118,1011,27,811,303,1307,12,25],"class_list":{"0":"post-663120","1":"post","2":"type-post","3":"status-publish","4":"format-standard","5":"has-post-thumbnail","7":"category-lille","8":"tag-actu","9":"tag-actualites","10":"tag-commerce","11":"tag-eu","12":"tag-europe","13":"tag-faits-divers","14":"tag-fr","15":"tag-france","16":"tag-hauts-de-france","17":"tag-justice","18":"tag-lille","19":"tag-news","20":"tag-republique-francaise"},"share_on_mastodon":{"url":"https:\/\/pubeurope.com\/@fr\/115893963618844671","error":""},"_links":{"self":[{"href":"https:\/\/www.europesays.com\/fr\/wp-json\/wp\/v2\/posts\/663120","targetHints":{"allow":["GET"]}}],"collection":[{"href":"https:\/\/www.europesays.com\/fr\/wp-json\/wp\/v2\/posts"}],"about":[{"href":"https:\/\/www.europesays.com\/fr\/wp-json\/wp\/v2\/types\/post"}],"author":[{"embeddable":true,"href":"https:\/\/www.europesays.com\/fr\/wp-json\/wp\/v2\/users\/2"}],"replies":[{"embeddable":true,"href":"https:\/\/www.europesays.com\/fr\/wp-json\/wp\/v2\/comments?post=663120"}],"version-history":[{"count":0,"href":"https:\/\/www.europesays.com\/fr\/wp-json\/wp\/v2\/posts\/663120\/revisions"}],"wp:featuredmedia":[{"embeddable":true,"href":"https:\/\/www.europesays.com\/fr\/wp-json\/wp\/v2\/media\/663121"}],"wp:attachment":[{"href":"https:\/\/www.europesays.com\/fr\/wp-json\/wp\/v2\/media?parent=663120"}],"wp:term":[{"taxonomy":"category","embeddable":true,"href":"https:\/\/www.europesays.com\/fr\/wp-json\/wp\/v2\/categories?post=663120"},{"taxonomy":"post_tag","embeddable":true,"href":"https:\/\/www.europesays.com\/fr\/wp-json\/wp\/v2\/tags?post=663120"}],"curies":[{"name":"wp","href":"https:\/\/api.w.org\/{rel}","templated":true}]}}