{"id":663122,"date":"2026-01-14T14:38:10","date_gmt":"2026-01-14T14:38:10","guid":{"rendered":"https:\/\/www.europesays.com\/fr\/663122\/"},"modified":"2026-01-14T14:38:10","modified_gmt":"2026-01-14T14:38:10","slug":"dans-le-vieux-lille-le-kolor-bar-culte-dedie-aux-annees-80-et-90-ferme-definitivement-ses-portes-dimanche","status":"publish","type":"post","link":"https:\/\/www.europesays.com\/fr\/663122\/","title":{"rendered":"Dans le Vieux-Lille, le Kolor, bar culte d\u00e9di\u00e9 aux ann\u00e9es 80 et 90, ferme d\u00e9finitivement ses portes dimanche"},"content":{"rendered":"<p>                    Par<br \/>\n        <strong><br \/>\n            <a href=\"https:\/\/actu.fr\/auteur\/hervine-mahaud\" title=\"Consulter tous les articles de Hervine Mahaud\" target=\"_blank\" rel=\"noopener\">Hervine Mahaud<\/a><br \/>\n                    <\/strong><\/p>\n<p>        Publi\u00e9 le<\/p>\n<p>            14 janv. 2026 \u00e0 15h32        <\/p>\n<p>C\u2019est une page de la vie nocturne lilloise qui s\u2019appr\u00eate \u00e0 se tourner. Le <b>Kolor<\/b>, <b>bar embl\u00e9matique<\/b> du Vieux-<a href=\"https:\/\/actu.fr\/hauts-de-france\/lille_59350\" target=\"_blank\" rel=\"noopener\">Lille<\/a> connu pour ses soir\u00e9es ann\u00e9es 80 et 90, <b>fermera d\u00e9finitivement ses portes<\/b> ce dimanche 18\u00a0janvier 2026, apr\u00e8s neuf ann\u00e9es d\u2019existence.<\/p>\n<p>Le Kolor, une institution du Vieux-Lille sur le point de dispara\u00eetre<\/p>\n<p class=\" wall-content\">La nouvelle est tomb\u00e9e mardi 13\u00a0janvier 2026 et a provoqu\u00e9 une vague d\u2019\u00e9motion chez les habitu\u00e9s.<a href=\"https:\/\/actu.fr\/hauts-de-france\/lille_59350\/bars-terrasses-lille-vieux-lille-back-to-the-future-kolor_11298574.html\" target=\"_blank\" rel=\"noopener\"> Install\u00e9 au c\u0153ur du Vieux-Lille depuis juin\u00a02017<\/a>, le Kolor s\u2019est impos\u00e9 au fil des ann\u00e9es comme un lieu incontournable pour celles et ceux en qu\u00eate de soir\u00e9es festives et de tubes r\u00e9tro. Ann\u00e9es 80, ann\u00e9es 90, ambiance d\u00e9complex\u00e9e\u2009: le bar avait trouv\u00e9 sa recette et son public.<\/p>\n<p class=\" wall-content\"><a href=\"https:\/\/www.instagram.com\/p\/DTdZvaxCARR\/embed\" title=\"Ouvrir le lien sur Instagram\" target=\"_blank\" rel=\"noopener\">Visualiser le contenu sur Instagram<\/a><\/p>\n<p class=\" wall-content\">Sur Instagram, l\u2019\u00e9quipe a annonc\u00e9 la fermeture d\u00e9finitive de l\u2019\u00e9tablissement dans un message charg\u00e9 d\u2019\u00e9motion. \u00ab\u2009Le dernier chapitre d\u2019une histoire qu\u2019on aurait voulu \u00e9crire sans fin\u2026\u2009\u00bb, \u00e9crivent les g\u00e9rants, confirmant que le rideau tombera le dimanche 18\u00a0janvier.<\/p>\n<p>\u00ab\u2009Une d\u00e9cision ind\u00e9pendante de notre volont\u00e9\u2009\u00bb<\/p>\n<p class=\" wall-content\">Contact\u00e9 par Lille actu, Philippe, g\u00e9rant de l\u2019\u00e9tablissement, pr\u00e9f\u00e8re ne pas \u00e9voquer les raisons pr\u00e9cises de la fermeture, le litige \u00e9tant toujours en cours. \u00ab\u2009On est contraint de fermer contre notre volont\u00e9, alors on s\u2019ex\u00e9cute avec tristesse. Cela faisait un petit moment que \u00e7a tra\u00eenait, j\u2019ai finalement d\u00e9cid\u00e9 de la date cette semaine.\u2009\u00bb<\/p>\n<p class=\" wall-content\">Il explique aussi que la fermeture du Kolor n\u2019a rien \u00e0 voir avec une quelconque raison \u00e9conomique, le bar \u00e9tant la plupart du temps bond\u00e9.<\/p>\n<p class=\" wall-content\">Une chose est s\u00fbre\u2009: la fin est brutale pour un lieu qui faisait figure de rep\u00e8re nocturne dans le quartier. \u00ab\u2009Le rideau tombe, mais l\u2019\u00e9cho de vos rires restera grav\u00e9 dans ces murs\u2009\u00bb, poursuit le message, saluant une communaut\u00e9 fid\u00e8le qui a fa\u00e7onn\u00e9 l\u2019\u00e2me du Kolor.<\/p>\n<p>Neuf ans de f\u00eates et de souvenirs<\/p>\n<p class=\" wall-content\">Ouvert il y a neuf ans, le Kolor revendique avant tout une aventure humaine. \u00ab\u2009Depuis le premier jour, vous avez transform\u00e9 ce lieu en une deuxi\u00e8me maison\u2009\u00bb, rappellent les g\u00e9rants, \u00e9voquant un \u00ab\u2009staff en or\u2009\u00bb, des partenaires de longue date et surtout une client\u00e8le fid\u00e8le.<\/p>\n<p>Votre r\u00e9gion, votre actu !<\/p>\n<p>Recevez chaque jour les infos qui comptent pour vous.<\/p>\n<p>\t<a href=\"https:\/\/actu.fr\/newsletter\" class=\"ac-btn ac-btn--corner ac-btn--medium ac-btn--blue800\" target=\"_blank\" rel=\"noopener\">S&rsquo;incrire<\/a><\/p>\n<p class=\" wall-content\">Au fil des ann\u00e9es, le bar est devenu bien plus qu\u2019un simple lieu de sortie\u2009: un espace de retrouvailles, de danse et de l\u00e2cher-prise, port\u00e9 par une identit\u00e9 musicale forte et assum\u00e9e.<\/p>\n<p>Une fin, mais pas un adieu<\/p>\n<p class=\" wall-content\">Si la fermeture du Kolor marque la fin d\u2019une \u00e9poque dans le Vieux-Lille, l\u2019aventure pourrait ne pas s\u2019arr\u00eater totalement. \u00ab\u2009En parall\u00e8le de la fermeture, je regarde d\u00e9j\u00e0 pour d\u00e9placer le Kolor ailleurs dans la m\u00e9tropole de Lille. La r\u00e9ouverture ne sera pas pour tout de suite mais on esp\u00e8re revoir assez vite nos habitu\u00e9s\u2009\u00bb, lance Philippe, tr\u00e8s touch\u00e9 par la vague de soutien. \u00ab\u2009Avec l\u2019\u00e9quipe, on remercie tous nos clients pour les messages qu\u2019ils nous ont envoy\u00e9s.\u2009\u00bb<\/p>\n<p class=\" wall-content\">En attendant, il reste quelques jours aux habitu\u00e9s pour venir lever un dernier verre et dire au revoir \u00e0 l\u2019un des bars les plus embl\u00e9matiques du quartier. Le 18\u00a0janvier 2026, le Kolor \u00e9teindra d\u00e9finitivement ses lumi\u00e8res\u2026 mais pas les souvenirs qu\u2019il laisse derri\u00e8re lui. Pour retrouver cette convivialit\u00e9 si pr\u00e9cieuse, il est toujours possible de se retrouver au <a href=\"https:\/\/actu.fr\/hauts-de-france\/lille_59350\/en-images-vieux-lille-jet-lag-bar-restaurant-forme-davion-ouvre-portes_21712672.html\" target=\"_blank\" rel=\"noopener\">Jet Lag<\/a> ou au <a href=\"https:\/\/actu.fr\/hauts-de-france\/lille_59350\/le-coin-coin-nouveau-bar-tabac-seventies-de-la-rue-saint-andre-a-lille_50707761.html\" target=\"_blank\" rel=\"noopener\">Coin Coin<\/a>, juste en face, les deux autres bars de Philippe.<\/p>\n<p class=\" wall-content\">Personnalisez votre actualit\u00e9 en ajoutant vos villes et m\u00e9dias en favori avec <a href=\"https:\/\/moncompte.actu.fr\" title=\"D\u00e9couvez Mon Actu\" rel=\"nofollow noopener\" data-trk=\"{&quot;cta&quot;:{&quot;action&quot;:&quot;https:\\\/\\\/moncompte.actu.fr&quot;,&quot;category&quot;:&quot;mon compte&quot;,&quot;from&quot;:&quot;article footer&quot;,&quot;name&quot;:&quot;Mon actu&quot;,&quot;type&quot;:&quot;cta&quot;}}\" target=\"_blank\">Mon Actu<\/a>.<\/p>\n<p>                    <script async src=\"\/\/www.instagram.com\/embed.js\"><\/script><\/p>\n","protected":false},"excerpt":{"rendered":"Par Hervine Mahaud Publi\u00e9 le 14 janv. 2026 \u00e0 15h32 C\u2019est une page de la vie nocturne lilloise&hellip;\n","protected":false},"author":2,"featured_media":663123,"comment_status":"","ping_status":"","sticky":false,"template":"","format":"standard","meta":{"footnotes":""},"categories":[2815],"tags":[1111,11,33,1777,674,1011,27,811,1307,12,25],"class_list":{"0":"post-663122","1":"post","2":"type-post","3":"status-publish","4":"format-standard","5":"has-post-thumbnail","7":"category-lille","8":"tag-actu","9":"tag-actualites","10":"tag-economie","11":"tag-eu","12":"tag-europe","13":"tag-fr","14":"tag-france","15":"tag-hauts-de-france","16":"tag-lille","17":"tag-news","18":"tag-republique-francaise"},"share_on_mastodon":{"url":"https:\/\/pubeurope.com\/@fr\/115893967547989839","error":""},"_links":{"self":[{"href":"https:\/\/www.europesays.com\/fr\/wp-json\/wp\/v2\/posts\/663122","targetHints":{"allow":["GET"]}}],"collection":[{"href":"https:\/\/www.europesays.com\/fr\/wp-json\/wp\/v2\/posts"}],"about":[{"href":"https:\/\/www.europesays.com\/fr\/wp-json\/wp\/v2\/types\/post"}],"author":[{"embeddable":true,"href":"https:\/\/www.europesays.com\/fr\/wp-json\/wp\/v2\/users\/2"}],"replies":[{"embeddable":true,"href":"https:\/\/www.europesays.com\/fr\/wp-json\/wp\/v2\/comments?post=663122"}],"version-history":[{"count":0,"href":"https:\/\/www.europesays.com\/fr\/wp-json\/wp\/v2\/posts\/663122\/revisions"}],"wp:featuredmedia":[{"embeddable":true,"href":"https:\/\/www.europesays.com\/fr\/wp-json\/wp\/v2\/media\/663123"}],"wp:attachment":[{"href":"https:\/\/www.europesays.com\/fr\/wp-json\/wp\/v2\/media?parent=663122"}],"wp:term":[{"taxonomy":"category","embeddable":true,"href":"https:\/\/www.europesays.com\/fr\/wp-json\/wp\/v2\/categories?post=663122"},{"taxonomy":"post_tag","embeddable":true,"href":"https:\/\/www.europesays.com\/fr\/wp-json\/wp\/v2\/tags?post=663122"}],"curies":[{"name":"wp","href":"https:\/\/api.w.org\/{rel}","templated":true}]}}