{"id":663124,"date":"2026-01-14T14:39:10","date_gmt":"2026-01-14T14:39:10","guid":{"rendered":"https:\/\/www.europesays.com\/fr\/663124\/"},"modified":"2026-01-14T14:39:10","modified_gmt":"2026-01-14T14:39:10","slug":"un-vehicule-en-panne-sature-la-circulation-sur-la7-et-la-l2-a-marseille","status":"publish","type":"post","link":"https:\/\/www.europesays.com\/fr\/663124\/","title":{"rendered":"Un v\u00e9hicule en panne sature la circulation sur l&rsquo;A7 et la L2 \u00e0 Marseille"},"content":{"rendered":"<p>Vers Saint-Antoine, un v\u00e9hicule est tomb\u00e9 en panne sur l\u2019autoroute A7 dans un secteur o\u00f9 des travaux sont d\u00e9j\u00e0 en cours. Cet incident provoque la neutralisation d\u2019une voie, \u00e0 la sortie de la cit\u00e9 phoc\u00e9enne, en direction d\u2019Aix comme de Lyon.<\/p>\n<p>En cons\u00e9quence : le trafic est satur\u00e9 jusqu\u2019aux Arnavaux. Et la circulation est aussi tr\u00e8s encombr\u00e9e sur la rocade L2, dans le sens Aubagne-Aix (en somme \u00e0 l&rsquo;arriv\u00e9e sur l&rsquo;A7).<\/p>\n<p>Au total, on compte plus de 5 kilom\u00e8tres de retenues. Le secteur est \u00e0 \u00e9viter. Dans l\u2019autre sens, la circulation se fait normalement. Pas de bouchon de curiosit\u00e9.<\/p>\n","protected":false},"excerpt":{"rendered":"Vers Saint-Antoine, un v\u00e9hicule est tomb\u00e9 en panne sur l\u2019autoroute A7 dans un secteur o\u00f9 des travaux sont&hellip;\n","protected":false},"author":2,"featured_media":663125,"comment_status":"","ping_status":"","sticky":false,"template":"","format":"standard","meta":{"footnotes":""},"categories":[2814],"tags":[5734,1111,11,3542,1777,674,1011,27,26158,884,12,10899,882,16,25,14837,3356,12109],"class_list":{"0":"post-663124","1":"post","2":"type-post","3":"status-publish","4":"format-standard","5":"has-post-thumbnail","7":"category-marseille","8":"tag-5734","9":"tag-actu","10":"tag-actualites","11":"tag-circulation","12":"tag-eu","13":"tag-europe","14":"tag-fr","15":"tag-france","16":"tag-la7","17":"tag-marseille","18":"tag-news","19":"tag-panne","20":"tag-provence-alpes-cote-dazur","21":"tag-region","22":"tag-republique-francaise","23":"tag-sature","24":"tag-sur","25":"tag-vehicule"},"share_on_mastodon":{"url":"https:\/\/pubeurope.com\/@fr\/115893971492775563","error":""},"_links":{"self":[{"href":"https:\/\/www.europesays.com\/fr\/wp-json\/wp\/v2\/posts\/663124","targetHints":{"allow":["GET"]}}],"collection":[{"href":"https:\/\/www.europesays.com\/fr\/wp-json\/wp\/v2\/posts"}],"about":[{"href":"https:\/\/www.europesays.com\/fr\/wp-json\/wp\/v2\/types\/post"}],"author":[{"embeddable":true,"href":"https:\/\/www.europesays.com\/fr\/wp-json\/wp\/v2\/users\/2"}],"replies":[{"embeddable":true,"href":"https:\/\/www.europesays.com\/fr\/wp-json\/wp\/v2\/comments?post=663124"}],"version-history":[{"count":0,"href":"https:\/\/www.europesays.com\/fr\/wp-json\/wp\/v2\/posts\/663124\/revisions"}],"wp:featuredmedia":[{"embeddable":true,"href":"https:\/\/www.europesays.com\/fr\/wp-json\/wp\/v2\/media\/663125"}],"wp:attachment":[{"href":"https:\/\/www.europesays.com\/fr\/wp-json\/wp\/v2\/media?parent=663124"}],"wp:term":[{"taxonomy":"category","embeddable":true,"href":"https:\/\/www.europesays.com\/fr\/wp-json\/wp\/v2\/categories?post=663124"},{"taxonomy":"post_tag","embeddable":true,"href":"https:\/\/www.europesays.com\/fr\/wp-json\/wp\/v2\/tags?post=663124"}],"curies":[{"name":"wp","href":"https:\/\/api.w.org\/{rel}","templated":true}]}}