{"id":663126,"date":"2026-01-14T14:40:13","date_gmt":"2026-01-14T14:40:13","guid":{"rendered":"https:\/\/www.europesays.com\/fr\/663126\/"},"modified":"2026-01-14T14:40:13","modified_gmt":"2026-01-14T14:40:13","slug":"prison-ferme-requise-contre-un-agriculteur-accuse-de-trafic-de-pesticides","status":"publish","type":"post","link":"https:\/\/www.europesays.com\/fr\/663126\/","title":{"rendered":"prison ferme requise contre un agriculteur accus\u00e9 de trafic de pesticides"},"content":{"rendered":"<p>\n    Le procureur a requis 10 mois de prison ferme contre un fournisseur de pesticides et 6 mois ferme contre un agriculteur, tous deux pr\u00e9venus dans un proc\u00e8s portant sur une vaste affaire de trafic de pesticides interdits. D\u2019autres agriculteurs sont \u00e9galement jug\u00e9s dans ce dossier sensible en plein d\u00e9bat sur le Mercosur.<\/p>\n<p class=\"fig-paragraph\">Des peines de prison ferme ont \u00e9t\u00e9 requises mercredi \u00e0 Marseille contre un interm\u00e9diaire et un important mara\u00eecher, fournisseur de grandes marques de distribution, au proc\u00e8s d&rsquo;un\u00a0<a href=\"http:\/\/www.lefigaro.fr\/marseille\/six-agriculteurs-juges-a-marseille-lundi-pour-un-trafic-de-pesticides-importes-d-espagne-20260110\" data-fig-type=\"NewsFlash\" data-gtm-custom-categorie=\"navigation\" data-gtm-custom-action=\"crossclick\" data-gtm-custom-label=\"Contextuel\" data-gtm-event=\"customEventSPE\" data-fig-domain=\"LEFIGARO\" target=\"_blank\" rel=\"noopener\">trafic\u00a0<\/a>de produits phytosanitaires\u00a0<a href=\"http:\/\/www.lefigaro.fr\/marseille\/j-ai-ete-negligent-a-marseille-la-delicate-defense-des-agriculteurs-juges-pour-trafic-de-pesticides-20260113\" data-fig-type=\"NewsFlash\" data-gtm-custom-categorie=\"navigation\" data-gtm-custom-action=\"crossclick\" data-gtm-custom-label=\"Contextuel\" data-gtm-event=\"customEventSPE\" data-fig-domain=\"LEFIGARO\" target=\"_blank\" rel=\"noopener\">interdits<\/a>.<\/p>\n<p class=\"fig-paragraph\">Le procureur a requis 10 mois de prison ferme, 65.000 euros d&rsquo;amende et une interdiction d&rsquo;exercer une profession en lien avec l&rsquo;agriculture contre Alain H., 78 ans, \u00abapporteur d&rsquo;affaires\u00bb qui fournissait des agriculteurs des Bouches-du-Rh\u00f4ne et de la Dr\u00f4me et \u00absans qui tout \u00e7a n&rsquo;aurait pas \u00e9t\u00e9 r\u00e9alis\u00e9\u00bb.<\/p>\n<p>                                            <a class=\"fig-a11y-skip\" href=\"#fig-a11y-skip-main-inarticle\" data-module=\"a11y-skip\" data-context=\"was @visible\"><br \/>\n    Passer la publicit\u00e9<br \/>\n<\/a>            <\/p>\n<p class=\"fig-paragraph\">Contre son principal client, Didier C, 58 ans, tr\u00e8s important mara\u00eecher dont la soci\u00e9t\u00e9 exploite quelque 2000 hectares dans les Bouches-du-Rh\u00f4ne, notamment pour produire des salades pour les marques\u00a0<a href=\"http:\/\/www.lefigaro.fr\/societes\/nous-ne-voulons-pas-connaitre-le-sort-de-kodak-le-plan-de-bonduelle-pour-survivre-a-l-essor-des-marques-de-distributeur-20241007\" data-fig-type=\"Article\" data-gtm-custom-categorie=\"navigation\" data-gtm-custom-action=\"crossclick\" data-gtm-custom-label=\"Contextuel\" data-gtm-event=\"customEventSPE\" data-fig-domain=\"LEFIGARO\" target=\"_blank\" rel=\"noopener\">Bonduelle\u00a0<\/a>ou Florette et les plateformes de distribution de Lidl, Leclerc, Intermarch\u00e9 ou Super U, le procureur a requis 6 mois de prison ferme et 40.000 euros d&rsquo;amende, ainsi que 80.000 euros \u00e0 l&rsquo;encontre d&rsquo;une de ses soci\u00e9t\u00e9s, la SCEA REVENY.<\/p>\n<p>                                            Sept pr\u00e9venus au total<\/p>\n<p class=\"fig-paragraph\">Sept pr\u00e9venus au total sont poursuivis pour ce trafic, entre 2018 et 2024, de produits phytosanitaires en provenance d&rsquo;Espagne ne b\u00e9n\u00e9ficiant pas d&rsquo;autorisation de mise sur le march\u00e9 (AMM) et donc interdits en France. Leurs productions mara\u00eech\u00e8res et fruiti\u00e8res \u00e9taient notamment commercialis\u00e9es dans des enseignes de la grande distribution.<\/p>\n<p class=\"fig-paragraph\">\u00abM\u00e9priser les autorisations de mise sur le march\u00e9, c&rsquo;est m\u00e9priser le consommateur\u00bb, a d\u00e9nonc\u00e9 le procureur Michel Sastre, rappelant \u00e9galement \u00abla dangerosit\u00e9\u00bb pour l&rsquo;homme et l&rsquo;environnement des substances en cause.<\/p>\n<p class=\"fig-paragraph\">\u00abLes peines vont tenir compte de l&rsquo;importance des exploitations, des casiers (judiciaires des pr\u00e9venus) et de leur \u00e2ge\u00bb, a pr\u00e9cis\u00e9 le repr\u00e9sentant du parquet, r\u00e9clamant des peines plus l\u00e9g\u00e8res \u00e0 l&rsquo;encontre des cinq autres arboriculteurs et mara\u00eechers impliqu\u00e9s, trois des Bouches-du-Rh\u00f4ne et deux Dr\u00f4mois. Il a ainsi requis des peines s\u2019\u00e9chelonnent de 4 \u00e0 8 mois de prison avec sursis et de 15.000 \u00e0 40.000 d\u2019amende individuelles et des amendes entre 5.000 et 40.000 pour leurs soci\u00e9t\u00e9s.<\/p>\n<p class=\"fig-paragraph\">De nombreuses associations de d\u00e9fense de l&rsquo;environnement sont parties civiles dans un dossier qu&rsquo;elles estiment exemplaire, France Nature Environnement (FNE), G\u00e9n\u00e9rations futures, la Ligue pour la protection des oiseaux LPO Paca, l&rsquo;UFC-Que Choisir ou encore le syndicat agricole de la Conf\u00e9d\u00e9ration paysanne. L&rsquo;audience se poursuit avec les plaidoiries de la d\u00e9fense. La d\u00e9cision devrait \u00eatre mise en d\u00e9lib\u00e9r\u00e9.<\/p>\n","protected":false},"excerpt":{"rendered":"Le procureur a requis 10 mois de prison ferme contre un fournisseur de pesticides et 6 mois ferme&hellip;\n","protected":false},"author":2,"featured_media":663127,"comment_status":"","ping_status":"","sticky":false,"template":"","format":"standard","meta":{"footnotes":""},"categories":[2814],"tags":[1111,11,1777,674,1011,27,884,12,2091,2694,882,25,1097],"class_list":{"0":"post-663126","1":"post","2":"type-post","3":"status-publish","4":"format-standard","5":"has-post-thumbnail","7":"category-marseille","8":"tag-actu","9":"tag-actualites","10":"tag-eu","11":"tag-europe","12":"tag-fr","13":"tag-france","14":"tag-marseille","15":"tag-news","16":"tag-pesticides","17":"tag-proces","18":"tag-provence-alpes-cote-dazur","19":"tag-republique-francaise","20":"tag-trafic"},"share_on_mastodon":{"url":"https:\/\/pubeurope.com\/@fr\/115893975359313581","error":""},"_links":{"self":[{"href":"https:\/\/www.europesays.com\/fr\/wp-json\/wp\/v2\/posts\/663126","targetHints":{"allow":["GET"]}}],"collection":[{"href":"https:\/\/www.europesays.com\/fr\/wp-json\/wp\/v2\/posts"}],"about":[{"href":"https:\/\/www.europesays.com\/fr\/wp-json\/wp\/v2\/types\/post"}],"author":[{"embeddable":true,"href":"https:\/\/www.europesays.com\/fr\/wp-json\/wp\/v2\/users\/2"}],"replies":[{"embeddable":true,"href":"https:\/\/www.europesays.com\/fr\/wp-json\/wp\/v2\/comments?post=663126"}],"version-history":[{"count":0,"href":"https:\/\/www.europesays.com\/fr\/wp-json\/wp\/v2\/posts\/663126\/revisions"}],"wp:featuredmedia":[{"embeddable":true,"href":"https:\/\/www.europesays.com\/fr\/wp-json\/wp\/v2\/media\/663127"}],"wp:attachment":[{"href":"https:\/\/www.europesays.com\/fr\/wp-json\/wp\/v2\/media?parent=663126"}],"wp:term":[{"taxonomy":"category","embeddable":true,"href":"https:\/\/www.europesays.com\/fr\/wp-json\/wp\/v2\/categories?post=663126"},{"taxonomy":"post_tag","embeddable":true,"href":"https:\/\/www.europesays.com\/fr\/wp-json\/wp\/v2\/tags?post=663126"}],"curies":[{"name":"wp","href":"https:\/\/api.w.org\/{rel}","templated":true}]}}