{"id":663132,"date":"2026-01-14T14:44:10","date_gmt":"2026-01-14T14:44:10","guid":{"rendered":"https:\/\/www.europesays.com\/fr\/663132\/"},"modified":"2026-01-14T14:44:10","modified_gmt":"2026-01-14T14:44:10","slug":"suez-et-vinci-remportent-un-contrat-en-ile-de-france","status":"publish","type":"post","link":"https:\/\/www.europesays.com\/fr\/663132\/","title":{"rendered":"Suez et Vinci remportent un contrat en \u00cele-de-France"},"content":{"rendered":"<p class=\"fig-paragraph\">Le Syctom, qui g\u00e8re les d\u00e9chets de 6 millions de personnes en \u00cele-de-France, a confi\u00e9 \u00e0\u00a0<a href=\"http:\/\/www.lefigaro.fr\/conjoncture\/en-manque-d-eau-courante-le-gabon-se-tourne-vers-le-groupe-suez-20250630\" target=\"_blank\" data-fig-type=\"Article\" rel=\"noopener\" data-gtm-custom-categorie=\"navigation\" data-gtm-custom-action=\"crossclick\" data-gtm-custom-label=\"Contextuel\" data-gtm-event=\"customEventSPE\" data-fig-domain=\"LEFIGARO\">Suez<\/a>\u00a0et une filiale de Vinci, la reconstruction et l&rsquo;exploitation du centre de traitement des d\u00e9chets de Romainville-Bobigny, pour 465 millions d&rsquo;euros sur dix ans, a annonc\u00e9 Suez mercredi. Le contrat comprend \u00abun investissement de 237 millions d&rsquo;euros pour la modernisation de l&rsquo;installation, avec notamment la possibilit\u00e9 d&rsquo;accueillir les biod\u00e9chets des m\u00e9nages du territoire\u00bb, a pr\u00e9cis\u00e9 Suez, qui a remport\u00e9 ce contrat avec Chantiers modernes construction, filiale de Vinci construction.<\/p>\n<p class=\"fig-paragraph\">Le contrat pr\u00e9voit la construction d&rsquo;une plateforme portuaire sur le canal de l&rsquo;Ourcq, pour d\u00e9velopper le transport fluvial de d\u00e9chets et \u00abr\u00e9duire les flux routiers et les \u00e9missions de CO2 associ\u00e9es\u00bb. Cette nouvelle infrastructure doit permettre de transf\u00e9rer \u00abjusqu&rsquo;\u00e0 183.000 tonnes de d\u00e9chets par voie fluviale dont une grande partie des mati\u00e8res valoris\u00e9es issues du tri des emballages\u00bb, selon Suez.<\/p>\n<p>                                            <a class=\"fig-a11y-skip\" href=\"#fig-a11y-skip-main-inarticle\" data-module=\"a11y-skip\" data-context=\"was @visible\"><br \/>\n    Passer la publicit\u00e9<br \/>\n<\/a>            <\/p>\n<p class=\"fig-paragraph\">Le centre est l&rsquo;un des principaux sites de traitement des d\u00e9chets du Syctom, qui re\u00e7oit actuellement 370.000 tonnes de d\u00e9chets m\u00e9nagers r\u00e9siduels et 57.000 tonnes d&#8217;emballages par an. Il traitera, \u00e0 l&rsquo;horizon 2029, \u00abjusqu&rsquo;\u00e0 450.000 tonnes de d\u00e9chets par an, r\u00e9parties entre 350.000 tonnes d&rsquo;ordures m\u00e9nag\u00e8res r\u00e9siduelles, 40.000 tonnes de biod\u00e9chets et 60.000 tonnes d&#8217;emballages\u00bb. Le projet sera port\u00e9 par une soci\u00e9t\u00e9 d&rsquo;\u00e9conomie mixte \u00e0 op\u00e9ration unique (SemOp), d\u00e9tenue \u00e0 60% conjointement par Suez (57%) et Chantiers Modernes Construction (3%) et \u00e0 40% par le Syctom.<\/p>\n","protected":false},"excerpt":{"rendered":"Le Syctom, qui g\u00e8re les d\u00e9chets de 6 millions de personnes en \u00cele-de-France, a confi\u00e9 \u00e0\u00a0Suez\u00a0et une filiale&hellip;\n","protected":false},"author":2,"featured_media":663133,"comment_status":"","ping_status":"","sticky":false,"template":"","format":"standard","meta":{"footnotes":""},"categories":[1592],"tags":[1111,11,3008,1777,674,1011,27,662,12,626,25,37594,6462],"class_list":{"0":"post-663132","1":"post","2":"type-post","3":"status-publish","4":"format-standard","5":"has-post-thumbnail","7":"category-ile-de-france","8":"tag-actu","9":"tag-actualites","10":"tag-dechets","11":"tag-eu","12":"tag-europe","13":"tag-fr","14":"tag-france","15":"tag-ile-de-france","16":"tag-news","17":"tag-paris","18":"tag-republique-francaise","19":"tag-suez","20":"tag-vinci"},"share_on_mastodon":{"url":"https:\/\/pubeurope.com\/@fr\/115893991157701727","error":""},"_links":{"self":[{"href":"https:\/\/www.europesays.com\/fr\/wp-json\/wp\/v2\/posts\/663132","targetHints":{"allow":["GET"]}}],"collection":[{"href":"https:\/\/www.europesays.com\/fr\/wp-json\/wp\/v2\/posts"}],"about":[{"href":"https:\/\/www.europesays.com\/fr\/wp-json\/wp\/v2\/types\/post"}],"author":[{"embeddable":true,"href":"https:\/\/www.europesays.com\/fr\/wp-json\/wp\/v2\/users\/2"}],"replies":[{"embeddable":true,"href":"https:\/\/www.europesays.com\/fr\/wp-json\/wp\/v2\/comments?post=663132"}],"version-history":[{"count":0,"href":"https:\/\/www.europesays.com\/fr\/wp-json\/wp\/v2\/posts\/663132\/revisions"}],"wp:featuredmedia":[{"embeddable":true,"href":"https:\/\/www.europesays.com\/fr\/wp-json\/wp\/v2\/media\/663133"}],"wp:attachment":[{"href":"https:\/\/www.europesays.com\/fr\/wp-json\/wp\/v2\/media?parent=663132"}],"wp:term":[{"taxonomy":"category","embeddable":true,"href":"https:\/\/www.europesays.com\/fr\/wp-json\/wp\/v2\/categories?post=663132"},{"taxonomy":"post_tag","embeddable":true,"href":"https:\/\/www.europesays.com\/fr\/wp-json\/wp\/v2\/tags?post=663132"}],"curies":[{"name":"wp","href":"https:\/\/api.w.org\/{rel}","templated":true}]}}