{"id":663148,"date":"2026-01-14T14:52:12","date_gmt":"2026-01-14T14:52:12","guid":{"rendered":"https:\/\/www.europesays.com\/fr\/663148\/"},"modified":"2026-01-14T14:52:12","modified_gmt":"2026-01-14T14:52:12","slug":"dix-militants-britanniques-dextreme-droite-interdits-dentree-en-france-pour-des-actions-anti-migrants","status":"publish","type":"post","link":"https:\/\/www.europesays.com\/fr\/663148\/","title":{"rendered":"Dix militants britanniques d&rsquo;extr\u00eame droite interdits d&rsquo;entr\u00e9e en France pour des actions anti-migrants"},"content":{"rendered":"<p>\n         Publi\u00e9 le<br \/>\n            14\/01\/2026 &#8211; 15:42 UTC+1\n            <\/p>\n<p>Le minist\u00e8re de l&rsquo;Int\u00e9rieur a interdit mardi \u00e0 <a href=\"https:\/\/www.interieur.gouv.fr\/actualites\/communiques-de-presse\/dix-interdictions-administratives-de-territoire-prononcees-a-lencontre-de-militants-britanniques-du\" target=\"_blank\" rel=\"noreferrer noopener\"><strong>dix militants britanniques d&rsquo;extr\u00eame droite<\/strong><\/a> d&rsquo;entrer sur son territoire pour leurs actions visant \u00e0 emp\u00eacher les migrants de traverser la Manche vers le Royaume-Uni \u00e0 bord de petites embarcations.<\/p>\n<p>Suite \u00e0 des informations faisant \u00e9tat d&rsquo;actions anti-migrants men\u00e9es par des membres du mouvement \u00ab\u00a0Raise the Colours\u00a0\u00bb sur le territoire fran\u00e7ais, \u00ab\u00a0dix mesures d&rsquo;interdiction administrative du territoire ont \u00e9t\u00e9 prononc\u00e9es \u00e0 l&rsquo;encontre de dix ressortissants britanniques, identifi\u00e9s comme militants au sein du mouvement et ayant men\u00e9 des actions sur le territoire fran\u00e7ais\u00a0\u00bb, indique le minist\u00e8re.<\/p>\n<p>Les autorit\u00e9s fran\u00e7aises n&rsquo;ont pas communiqu\u00e9 l&rsquo;identit\u00e9 des personnes vis\u00e9es par cette interdiction.<\/p>\n<p>Des op\u00e9rations visant \u00e0 emp\u00eacher des travers\u00e9es de migrants<\/p>\n<p>Un compte de r\u00e9seau social appel\u00e9 \u00ab\u00a0Raise the Colours Operation France\u00a0\u00bb a publi\u00e9 \u00e0 la fin de l&rsquo;ann\u00e9e derni\u00e8re des vid\u00e9os de militants d&rsquo;extr\u00eame droite sur le littoral de la Manche, dans le nord de la France.<\/p>\n<p>Dans une vid\u00e9o post\u00e9e en novembre, un militant se filme sur une plage fran\u00e7aise, expliquant qu&rsquo;il a trouv\u00e9 un petit bateau gonflable enfoui dans le sable et qu&rsquo;il l&rsquo;a taillad\u00e9.<\/p>\n<p>\u00ab\u00a0Il ne partira pas en Angleterre\u00a0\u00bb, dit l&rsquo;homme, qui se fait appeler Ryan Bridge dans d&rsquo;autres publications.<\/p>\n<p>Dans un autre message publi\u00e9 au d\u00e9but du m\u00eame mois, le m\u00eame individu s&rsquo;avance dans la mer et crie \u00e0 ce qui semble \u00eatre des dizaines de sans-papiers montant \u00e0 bord d&rsquo;un canot pneumatique en route pour l&rsquo;Angleterre.<\/p>\n<p>\u00ab\u00a0Vous n&rsquo;\u00eates pas les bienvenus dans notre pays\u00a0\u00bb, dit-il.<\/p>\n<p>Hausse des travers\u00e9es de la Manche en 2025<\/p>\n<p>L&rsquo;an dernier, un \u00e2pre d\u00e9bat sur l&rsquo;immigration au Royaume-Uni a d\u00e9clench\u00e9 une nouvelle tendance \u00e0 arborer des drapeaux anglais et britanniques outre-Manche.<\/p>\n<p>Des militants antiracistes affirment que des activistes d&rsquo;extr\u00eame droite sont les principaux organisateurs de \u00ab\u00a0Raise the Colours\u00a0\u00bb.<\/p>\n<p>L&rsquo;ann\u00e9e derni\u00e8re, les arriv\u00e9es de migrants au Royaume-Uni <a href=\"https:\/\/fr.euronews.com\/2026\/01\/05\/flux-migratoires-hausse-au-royaume-uni-stabilite-dans-lunion-europeenne\" target=\"_blank\" rel=\"noopener\"><strong>ont atteint leur plus haut niveau depuis 2022<\/strong><\/a>, selon les donn\u00e9es du gouvernement britannique.<\/p>\n<p>Les derniers chiffres montrent que 41 472 personnes sont arriv\u00e9es dans le pays via la Manche en 2025, soit environ 5 000 de plus qu&rsquo;en 2024. Les chiffres de 2025 sont les deuxi\u00e8mes plus \u00e9lev\u00e9s jamais enregistr\u00e9s, juste derri\u00e8re le pic de 45 774 en 2022.<\/p>\n<p>L&rsquo;\u00e9t\u00e9 dernier, Paris et Londres ont <a href=\"https:\/\/fr.euronews.com\/2025\/09\/18\/un-juge-britannique-bloque-le-projet-de-renvoi-des-migrants-vers-la-france-dans-le-cadre-d\" target=\"_blank\" rel=\"noopener\"><strong>sign\u00e9 un accord<\/strong><\/a> pour tenter d&rsquo;endiguer les travers\u00e9es ill\u00e9gales de la Manche. Le texte pr\u00e9voit que le Royaume-Uni renvoie en France les migrants arriv\u00e9s sur ses c\u00f4tes \u00e0 bord de petites embarcations, en \u00e9change de l&rsquo;accueil de migrants se trouvant en France, sur le principe \u00ab\u00a0une entr\u00e9e une sortie\u00a0\u00bb.<\/p>\n<p>Sources additionnelles<strong> \u2022 AFP<\/strong><\/p>\n","protected":false},"excerpt":{"rendered":"Publi\u00e9 le 14\/01\/2026 &#8211; 15:42 UTC+1 Le minist\u00e8re de l&rsquo;Int\u00e9rieur a interdit mardi \u00e0 dix militants britanniques d&rsquo;extr\u00eame&hellip;\n","protected":false},"author":2,"featured_media":663149,"comment_status":"","ping_status":"","sticky":false,"template":"","format":"standard","meta":{"footnotes":""},"categories":[1588],"tags":[11,1777,674,27,1061,1251,12,626,10162,473,1853,1851,1850,1852],"class_list":{"0":"post-663148","1":"post","2":"type-post","3":"status-publish","4":"format-standard","5":"has-post-thumbnail","7":"category-royaume-uni","8":"tag-actualites","9":"tag-eu","10":"tag-europe","11":"tag-france","12":"tag-immigration","13":"tag-migrants","14":"tag-news","15":"tag-paris","16":"tag-racisme","17":"tag-royaume-uni","18":"tag-royaume-uni-de-grande-bretagne-et-dirlande-du-nord","19":"tag-uk","20":"tag-united-kingdom","21":"tag-united-kingdom-of-great-britain-and-northern-ireland"},"share_on_mastodon":{"url":"https:\/\/pubeurope.com\/@fr\/115894022546839030","error":""},"_links":{"self":[{"href":"https:\/\/www.europesays.com\/fr\/wp-json\/wp\/v2\/posts\/663148","targetHints":{"allow":["GET"]}}],"collection":[{"href":"https:\/\/www.europesays.com\/fr\/wp-json\/wp\/v2\/posts"}],"about":[{"href":"https:\/\/www.europesays.com\/fr\/wp-json\/wp\/v2\/types\/post"}],"author":[{"embeddable":true,"href":"https:\/\/www.europesays.com\/fr\/wp-json\/wp\/v2\/users\/2"}],"replies":[{"embeddable":true,"href":"https:\/\/www.europesays.com\/fr\/wp-json\/wp\/v2\/comments?post=663148"}],"version-history":[{"count":0,"href":"https:\/\/www.europesays.com\/fr\/wp-json\/wp\/v2\/posts\/663148\/revisions"}],"wp:featuredmedia":[{"embeddable":true,"href":"https:\/\/www.europesays.com\/fr\/wp-json\/wp\/v2\/media\/663149"}],"wp:attachment":[{"href":"https:\/\/www.europesays.com\/fr\/wp-json\/wp\/v2\/media?parent=663148"}],"wp:term":[{"taxonomy":"category","embeddable":true,"href":"https:\/\/www.europesays.com\/fr\/wp-json\/wp\/v2\/categories?post=663148"},{"taxonomy":"post_tag","embeddable":true,"href":"https:\/\/www.europesays.com\/fr\/wp-json\/wp\/v2\/tags?post=663148"}],"curies":[{"name":"wp","href":"https:\/\/api.w.org\/{rel}","templated":true}]}}