{"id":663150,"date":"2026-01-14T14:53:21","date_gmt":"2026-01-14T14:53:21","guid":{"rendered":"https:\/\/www.europesays.com\/fr\/663150\/"},"modified":"2026-01-14T14:53:21","modified_gmt":"2026-01-14T14:53:21","slug":"lallemagne-casse-sa-tirelire-et-mise-sur-lun-des-drones-les-plus-chers-et-les-plus-avances-au-monde-devoilant-une-ambition-maritime-qui-bouscule-tous-les-standards-europeens","status":"publish","type":"post","link":"https:\/\/www.europesays.com\/fr\/663150\/","title":{"rendered":"L\u2019Allemagne casse sa tirelire et mise sur l\u2019un des drones les plus chers et les plus avanc\u00e9s au monde, d\u00e9voilant une ambition maritime qui bouscule tous les standards europ\u00e9ens"},"content":{"rendered":"<p><strong>L\u2019Allemagne vient de miser sur l\u2019un des drones les plus chers et les plus avanc\u00e9s au monde, d\u00e9voilant une ambition maritime qui bouscule tous les standards europ\u00e9ens.<\/strong><\/p>\n<p>Avec une facture de 237 millions d\u2019euros par unit\u00e9, le MQ-9B SeaGuardian devient un pilier inattendu de la strat\u00e9gie allemande contre les menaces sous-marines, notamment russes. Un investissement qui fait d\u00e9bat, mais qui place Berlin dans le cercle tr\u00e8s ferm\u00e9 des puissances capables d\u2019allier drones et avions de surveillance de derni\u00e8re g\u00e9n\u00e9ration.<\/p>\n<p>A lire aussi :<\/p>\n<p>Une acquisition qui d\u00e9passe les simples chiffres<\/p>\n<p>Le <strong>minist\u00e8re allemand de la D\u00e9fense<\/strong> a officialis\u00e9 une commande de <strong>8 drones MQ-9B SeaGuardian<\/strong>, \u00e0 livrer \u00e0 partir de <strong>2028<\/strong>. Ces appareils viendront compl\u00e9ter les <strong>avions P-8A Poseidon<\/strong> d\u00e9j\u00e0 achet\u00e9s, et seront op\u00e9r\u00e9s depuis la base navale de <strong>Nordholz<\/strong>, en Basse-Saxe. L\u2019objectif est clair : surveiller les <strong>voies maritimes strat\u00e9giques<\/strong> et renforcer la pr\u00e9sence a\u00e9rienne dans des zones comme l\u2019<strong>Atlantique Nord<\/strong> ou la <strong>mer Baltique<\/strong>. Le co\u00fbt unitaire de ces drones atteint <strong>237,5 millions d\u2019euros<\/strong>, un montant qui d\u00e9passe celui d\u2019un <strong>Eurofighter Typhoon<\/strong>, pourtant consid\u00e9r\u00e9 comme un avion de chasse haut de gamme.<\/p>\n<blockquote class=\"wp-embedded-content\" data-secret=\"OsiPEKt0mX\">\n<p><a href=\"https:\/\/www.forum-militaire.fr\/ce-drone-des-etats-unis-marque-un-tournant-strategique-il-peut-surgir-dun-conteneur-frapper-et-revenir-sans-se-faire-reperer\/\" target=\"_blank\" rel=\"noopener\">Ce drone des \u00c9tats-Unis marque un tournant dans l\u2019industrie militaire : il peut surgir d\u2019un conteneur, frapper et revenir sans se faire rep\u00e9rer<\/a><\/p>\n<\/blockquote>\n<p>Une facture sal\u00e9e, mais un lot complet<\/p>\n<p>Si le <strong>prix brut du drone<\/strong> est estim\u00e9 \u00e0 <strong>68,5 millions d\u2019euros<\/strong>, le reste de la facture inclut :<\/p>\n<ul>\n<li><strong>Stations de contr\u00f4le certifi\u00e9es<\/strong><\/li>\n<li><strong>Infrastructures sp\u00e9cifiques<\/strong> sur la base de Nordholz<\/li>\n<li><strong>Formation du personnel navigant et technique<\/strong><\/li>\n<li><strong>Syst\u00e8mes de communication s\u00e9curis\u00e9s<\/strong><\/li>\n<li><strong>Maintenance et pi\u00e8ces d\u00e9tach\u00e9es<\/strong> pour une autonomie initiale jusqu\u2019\u00e0 <strong>2030<\/strong><\/li>\n<\/ul>\n<p>Cette approche \u00ab cl\u00e9 en main \u00bb explique l\u2019enveloppe globale de <strong>1,9 milliard d\u2019euros<\/strong> valid\u00e9e par le <strong>Bundestag<\/strong> pour la premi\u00e8re phase du programme.<\/p>\n<p>Une logique d\u2019int\u00e9gration avec le P-8A Poseidon<\/p>\n<p>Le MQ-9B ne remplacera pas le Poseidon, mais le <strong>compl\u00e9tera strat\u00e9giquement<\/strong>. Tandis que le P-8A atteint des <strong>vitesses de 900 km\/h<\/strong> et transporte de lourdes charges de <strong>capteurs et d\u2019armement<\/strong>, le drone peut voler <strong>plus de 30 heures<\/strong>d\u2019affil\u00e9e. Cette <strong>endurance exceptionnelle<\/strong> permet de maintenir une <strong>pr\u00e9sence a\u00e9rienne continue<\/strong>, cruciale pour <strong>la chasse aux sous-marins russes<\/strong> dans les zones sensibles.<\/p>\n<p><a href=\"https:\/\/www.europesays.com\/fr\/wp-content\/uploads\/2026\/01\/b1a69665cc90faaf.jpg\"><img loading=\"lazy\" decoding=\"async\" src=\"data:image\/svg+xml,%3Csvg%20xmlns=\" http:=\"\" alt=\"Drone MQ-9B \/ Cr\u00e9dit photo\u00a0: General Atomics\" width=\"1200\" height=\"650\" data-lazy-src=\"https:\/\/www.europesays.com\/fr\/wp-content\/uploads\/2026\/01\/b1a69665cc90faaf.jpg\"\/><\/a>Drone MQ-9B \/ Cr\u00e9dit photo\u00a0: General Atomics<br \/>\nUne compatibilit\u00e9 totale avec les forces de l\u2019OTAN<\/p>\n<p>Le choix du MQ-9B place l\u2019Allemagne aux c\u00f4t\u00e9s de partenaires comme :<\/p>\n<ul>\n<li>Le <strong>Royaume-Uni<\/strong> avec ses 16 drones SkyGuardian<\/li>\n<li>La <strong>Belgique<\/strong>, qui a command\u00e9 4 appareils<\/li>\n<li>Le <strong>Japon<\/strong>, qui a r\u00e9v\u00e9l\u00e9 un co\u00fbt similaire pour ses unit\u00e9s<\/li>\n<\/ul>\n<p>Ces drones, capables de missions <strong>multi-domaines<\/strong>, int\u00e8grent un <strong>contr\u00f4le satellite p\u00f4le-\u00e0-p\u00f4le<\/strong> et un syst\u00e8me de <strong>d\u00e9givrage<\/strong>, id\u00e9al pour les <strong>climats froids<\/strong> comme la Baltique.<\/p>\n<p><a href=\"https:\/\/www.europesays.com\/fr\/wp-content\/uploads\/2026\/01\/e2469665d0e4174a.jpeg\"><img loading=\"lazy\" decoding=\"async\" src=\"data:image\/svg+xml,%3Csvg%20xmlns=\" http:=\"\" alt=\"General Atomics 1. MQ-9B SeaGuardian en collaboration avec un navire LCS de l'US Navy\" width=\"1280\" height=\"870\" data-lazy-src=\"https:\/\/www.europesays.com\/fr\/wp-content\/uploads\/2026\/01\/e2469665d0e4174a.jpeg\"\/><\/a>General Atomics 1. MQ-9B SeaGuardian en collaboration avec un navire LCS de l\u2019US Navy<br \/>\nUn potentiel de modernisation d\u2019ores et d\u00e9j\u00e0 pr\u00e9vu<\/p>\n<p>L\u2019Allemagne pr\u00e9voit d\u00e9j\u00e0 une <strong>mise \u00e0 niveau des MQ-9B<\/strong> entre <strong>2031 et 2032<\/strong>, pour leur ajouter des <strong>capacit\u00e9s de d\u00e9tection sous-marine avanc\u00e9es<\/strong>. Bien que cette phase ne soit pas couverte par le contrat initial, elle confirme l\u2019ambition allemande de <strong>transformer ces drones en v\u00e9ritables chasseurs de sous-marins<\/strong>. En parall\u00e8le, le projet est structur\u00e9 pour pouvoir s\u2019adapter aux <strong>futurs standards de combat collaboratif<\/strong>, y compris avec des syst\u00e8mes d\u2019<strong>IA embarqu\u00e9e<\/strong>.<\/p>\n<blockquote class=\"wp-embedded-content\" data-secret=\"9iWUrIYYqD\">\n<p><a href=\"https:\/\/www.forum-militaire.fr\/les-etats-unis-enchainent-les-fiascos-militaires-ces-armes-inutilisables-depassent-le-prix-dun-rafale-pendant-que-la-chine-batit-la-premiere-armee-du-monde-en-silence\/\" target=\"_blank\" rel=\"noopener\">Les \u00c9tats-Unis encha\u00eenent les fiascos militaires : ces armes inutilisables d\u00e9passent le prix d\u2019un Rafale, pendant que la Chine b\u00e2tit la premi\u00e8re arm\u00e9e du monde en silence<\/a><\/p>\n<\/blockquote>\n<p>Un retour sur investissement controvers\u00e9<\/p>\n<p>Certaines critiques pointent le <strong>co\u00fbt excessif<\/strong> de l\u2019op\u00e9ration, notamment en comparaison avec un Eurofighter (environ <strong>187,5 millions d\u2019euros<\/strong> pi\u00e8ce en Tranche 5). Mais cette comparaison oublie un point central : le MQ-9B n\u2019est pas un avion de combat, mais une <strong>plateforme de surveillance strat\u00e9gique autonome<\/strong>, capable de <strong>voler sans pilote pendant plus d\u2019un jour<\/strong>, dans des <strong>zones contest\u00e9es<\/strong>. Sa <strong>port\u00e9e, ses capteurs, son autonomie<\/strong> et sa <strong>r\u00e9silience<\/strong> font de lui un atout incomparable dans la guerre sous-marine moderne.<\/p>\n<p><strong>Tableau r\u00e9capitulatif<\/strong><\/p>\n<tr>\n<td><strong>\u00c9l\u00e9ments cl\u00e9s<\/strong><\/td>\n<td><strong>Donn\u00e9es principales<\/strong><\/td>\n<\/tr>\n<tr>\n<td>Type de drone<\/td>\n<td>MQ-9B SeaGuardian<\/td>\n<\/tr>\n<tr>\n<td>Commande annonc\u00e9e<\/td>\n<td>Janvier 2026<\/td>\n<\/tr>\n<tr>\n<td>Livraison pr\u00e9vue<\/td>\n<td>\u00c0 partir de 2028<\/td>\n<\/tr>\n<tr>\n<td>Prix unitaire estim\u00e9 (complet)<\/td>\n<td>237,5 millions \u20ac<\/td>\n<\/tr>\n<tr>\n<td>Prix du drone seul<\/td>\n<td>68,5 millions \u20ac<\/td>\n<\/tr>\n<tr>\n<td>Op\u00e9rateur principal<\/td>\n<td>Escadron naval 3, Nordholz<\/td>\n<\/tr>\n<tr>\n<td>Missions pr\u00e9vues<\/td>\n<td>Surveillance maritime, anti-sous-marins<\/td>\n<\/tr>\n<tr>\n<td>Alli\u00e9s ayant command\u00e9 le m\u00eame drone<\/td>\n<td>Royaume-Uni, Belgique, Japon<\/td>\n<\/tr>\n<p>\u00a0<\/p>\n<p>Source : General Atomics Aeronautical<\/p>\n","protected":false},"excerpt":{"rendered":"L\u2019Allemagne vient de miser sur l\u2019un des drones les plus chers et les plus avanc\u00e9s au monde, d\u00e9voilant&hellip;\n","protected":false},"author":2,"featured_media":663151,"comment_status":"","ping_status":"","sticky":false,"template":"","format":"standard","meta":{"footnotes":""},"categories":[1587],"tags":[11,672,1804,1805,1803,1777,674,1801,12,1802],"class_list":{"0":"post-663150","1":"post","2":"type-post","3":"status-publish","4":"format-standard","5":"has-post-thumbnail","7":"category-allemagne","8":"tag-actualites","9":"tag-allemagne","10":"tag-bundesrepublik-deutschland","11":"tag-de","12":"tag-deutschland","13":"tag-eu","14":"tag-europe","15":"tag-germany","16":"tag-news","17":"tag-republique-federale-dallemagne"},"share_on_mastodon":{"url":"https:\/\/pubeurope.com\/@fr\/115894026536969780","error":""},"_links":{"self":[{"href":"https:\/\/www.europesays.com\/fr\/wp-json\/wp\/v2\/posts\/663150","targetHints":{"allow":["GET"]}}],"collection":[{"href":"https:\/\/www.europesays.com\/fr\/wp-json\/wp\/v2\/posts"}],"about":[{"href":"https:\/\/www.europesays.com\/fr\/wp-json\/wp\/v2\/types\/post"}],"author":[{"embeddable":true,"href":"https:\/\/www.europesays.com\/fr\/wp-json\/wp\/v2\/users\/2"}],"replies":[{"embeddable":true,"href":"https:\/\/www.europesays.com\/fr\/wp-json\/wp\/v2\/comments?post=663150"}],"version-history":[{"count":0,"href":"https:\/\/www.europesays.com\/fr\/wp-json\/wp\/v2\/posts\/663150\/revisions"}],"wp:featuredmedia":[{"embeddable":true,"href":"https:\/\/www.europesays.com\/fr\/wp-json\/wp\/v2\/media\/663151"}],"wp:attachment":[{"href":"https:\/\/www.europesays.com\/fr\/wp-json\/wp\/v2\/media?parent=663150"}],"wp:term":[{"taxonomy":"category","embeddable":true,"href":"https:\/\/www.europesays.com\/fr\/wp-json\/wp\/v2\/categories?post=663150"},{"taxonomy":"post_tag","embeddable":true,"href":"https:\/\/www.europesays.com\/fr\/wp-json\/wp\/v2\/tags?post=663150"}],"curies":[{"name":"wp","href":"https:\/\/api.w.org\/{rel}","templated":true}]}}