{"id":66316,"date":"2025-05-01T07:03:19","date_gmt":"2025-05-01T07:03:19","guid":{"rendered":"https:\/\/www.europesays.com\/fr\/66316\/"},"modified":"2025-05-01T07:03:19","modified_gmt":"2025-05-01T07:03:19","slug":"french-days-2025-le-top-15-des-meilleures-promos-chez-boulanger-amazon-fnac","status":"publish","type":"post","link":"https:\/\/www.europesays.com\/fr\/66316\/","title":{"rendered":"French Days 2025 : le top 15 des meilleures promos chez Boulanger, Amazon, Fnac\u2026"},"content":{"rendered":"<p>Les French Days sont de retour pour leur premi\u00e8re \u00e9dition de 2025. Au programme : de nombreuses offres chez Fnac, Boulanger, Amazon, Cdiscount et bien d\u2019autres\u2026 Toutes ne se valent pas, c\u2019est pourquoi nous avons s\u00e9lectionn\u00e9 ici les meilleures offres tech, pour vous \u00e9viter de faire d\u00e9filer sans fin les nombreux catalogues des e-commer\u00e7ants.<\/p>\n<p>Les <a href=\"https:\/\/www.numerama.com\/tag\/french-days\/\" rel=\"nofollow noopener\" target=\"_blank\">French Days<\/a> font leur grand retour du 30 avril au 6 mai 2025, sept mois apr\u00e8s l\u2019\u00e9dition de septembre 2024. Les grandes enseignes comme la Fnac, Darty, Boulanger, Cdiscount ou Rue du Commerce participent de nouveau \u00e0 l\u2019op\u00e9ration, proposant jusqu\u2019au 6 mai de nombreuses r\u00e9ductions, sur les produits high-tech notamment.<\/p>\n<p>Soyons lucides : trop de promotions tuent les promotions. Toutes les offres ne se valent pas. De nombreux produits vieillissants ou peu attractifs sont souvent mis en avant \u00e0 cette occasion. Alors, avant de remplir votre panier, nous vous conseillons vivement de consulter<a href=\"https:\/\/www.numerama.com\/tech\/1511082-french-days-2025-tout-savoir.html\" rel=\"nofollow noopener\" target=\"_blank\"> nos 5 astuces pour ne pas vous faire avoir pendant les French Days.<\/a><\/p>\n<p>Les meilleures offres des French Days 2025 chez Boulanger, Fnac, Amazon, Cdiscount\u2026<\/p>\n<p>Dans cet article mis \u00e0 jour r\u00e9guli\u00e8rement, nous avons fait le tri pour vous. Notre s\u00e9lection retient uniquement les promotions vraiment pertinentes : des r\u00e9f\u00e9rences r\u00e9centes, bien positionn\u00e9es, et parfois m\u00eame test\u00e9es par notre r\u00e9daction. Voici les meilleures offres des French Days :<\/p>\n<p>Cet article sera mis \u00e0 jour en continu au rythme des French Days. Si vous ne trouvez pas votre bonheur d\u00e8s votre premi\u00e8re visite, n\u2019h\u00e9sitez pas \u00e0 revenir jeter un \u0153il quotidiennement.<\/p>\n<p>Nos autres guides et Bons plans des French Days :<\/p>\n<p><a href=\"https:\/\/www.numerama.com\/tech\/1960535-offres-amazon-french-days-2025.html\" rel=\"nofollow noopener\" target=\"_blank\">\u27a1\ufe0f Les meilleures offres Amazon pour les French Days<\/a><\/p>\n<p><a href=\"https:\/\/www.numerama.com\/tech\/1961609-cette-enceinte-compacte-et-etanche-de-bose-perd-50-e-pendant-les-french-days.html\" rel=\"nofollow noopener\" target=\"_blank\">\ud83d\udc49 Cette enceinte compacte et \u00e9tanche de Bose perd 50\u00a0\u20ac<\/a><\/p>\n<p>AirPods Pro 2<\/p>\n<p>Les <a href=\"https:\/\/www.numerama.com\/ecouteurs\/airpods-pro-2\/\" rel=\"nofollow noopener\" target=\"_blank\">AirPods Pro 2<\/a> d\u2019Apple restent, plus de trois ans apr\u00e8s leur sortie, <a href=\"https:\/\/www.numerama.com\/tech\/364736-guide-dachat-les-meilleurs-ecouteurs-vraiment-sans-fil.html#AirPods-Pro-2\" rel=\"nofollow noopener\" target=\"_blank\">les \u00e9couteurs les plus complets de l\u2019\u00e9cosyst\u00e8me iOS<\/a>. Propos\u00e9s actuellement \u00e0 <a href=\"https:\/\/shop.numerama.com\/8yl62lq5\" target=\"_blank\" rel=\"noreferrer noopener sponsored nofollow\" data-gtm=\"{&quot;event&quot;:&quot;afficlic&quot;,&quot;nom_marchand&quot;:&quot;cdiscount&quot;,&quot;nom_produit&quot;:&quot;inconnu&quot;,&quot;categorie_produit&quot;:&quot;inconnu&quot;,&quot;module_produit&quot;:&quot;editolink&quot;,&quot;position_marchand&quot;:0,&quot;texte&quot;:&quot;214-euros-au-lieu-de-279-euros&quot;,&quot;offer_url&quot;:&quot;https:\/\/shop.numerama.com\/8yl62lq5&quot;,&quot;zone&quot;:&quot;contenu-page&quot;}\">214 euros au lieu de 279 euros<\/a> sur Cdiscount avec le code <strong>15DES129<\/strong>, ils deviennent une offre particuli\u00e8rement int\u00e9ressante pendant les French Days.<\/p>\n<p><a href=\"https:\/\/www.numerama.com\/wp-content\/uploads\/2025\/04\/french-days-6.jpg\" rel=\"nofollow noopener\" target=\"_blank\"><img decoding=\"async\" width=\"1024\" height=\"576\" loading=\"lazy\" alt=\"AirPods Pro 2\" title=\"AirPods Pro 2\" class=\"wp-image-1961793 placeholder-default wp-image\" src=\"https:\/\/www.europesays.com\/fr\/wp-content\/uploads\/2025\/05\/french-days-6-1024x576.jpg\" \/><\/a>AirPods Pro 2 \/\/ Source : Numerama<\/p>\n<p>\u00c0 premi\u00e8re vue, le design n\u2019a pas chang\u00e9 depuis la premi\u00e8re g\u00e9n\u00e9ration, mais l\u2019essentiel est ailleurs : l\u2019int\u00e9rieur a \u00e9t\u00e9 enti\u00e8rement repens\u00e9. Gr\u00e2ce \u00e0 la puce H2, les AirPods Pro 2 gagnent une r\u00e9duction de bruit active bien plus performante, un mode Transparence encore plus naturel, et une qualit\u00e9 sonore \u00e9quilibr\u00e9e. L\u2019ajout du contr\u00f4le du volume tactile sur les tiges est \u00e9galement un vrai confort au quotidien. Depuis fin 2024, <a href=\"https:\/\/www.numerama.com\/tech\/1804374-apple-transforme-les-airpods-pro-2-en-des-appareils-auditifs-ultra-avances.html\" rel=\"nofollow noopener\" target=\"_blank\">ils peuvent m\u00eame faire office d\u2019appareils auditifs.<\/a> C\u00f4t\u00e9 autonomie, ils tiennent environ 6 heures par charge et jusqu\u2019\u00e0 30 heures avec le bo\u00eetier.<\/p>\n<p>Smartphone Google Pixel 9a<\/p>\n<p><a href=\"https:\/\/www.numerama.com\/tech\/1950039-google-sort-son-nouveau-smartphone-pixel-9a-faut-il-craquer.html\" rel=\"nofollow noopener\" target=\"_blank\">Sorti le 14 avril 2025<\/a>, le tout r\u00e9cent <a href=\"https:\/\/www.numerama.com\/smartphones\/pixel-9a\/\" rel=\"nofollow noopener\" target=\"_blank\">Pixel 9a<\/a> est actuellement propos\u00e9 \u00e0 <a href=\"https:\/\/shop.numerama.com\/0tq7kqv9\" data-type=\"link\" data-id=\"https:\/\/fr.shopping.rakuten.com\/mfp\/13495469\/google-pixel-9a?pid=13444039759\" target=\"_blank\" rel=\"noreferrer noopener sponsored nofollow\" data-gtm=\"{&quot;event&quot;:&quot;afficlic&quot;,&quot;nom_marchand&quot;:&quot;rakuten&quot;,&quot;nom_produit&quot;:&quot;inconnu&quot;,&quot;categorie_produit&quot;:&quot;inconnu&quot;,&quot;module_produit&quot;:&quot;editolink&quot;,&quot;position_marchand&quot;:0,&quot;texte&quot;:&quot;519-euros-au-lieu-de-549-euros&quot;,&quot;offer_url&quot;:&quot;https:\/\/shop.numerama.com\/0tq7kqv9&quot;,&quot;zone&quot;:&quot;contenu-page&quot;}\">519 euros au lieu de 549 euros<\/a> sur Rakuten (Darty) \u00e0 l\u2019occasion des French Days. Ce smartphone est le nouveau mod\u00e8le d\u2019entr\u00e9e de gamme de <a href=\"https:\/\/www.numerama.com\/tech\/1793462-test-du-pixel-9-pro-xl-pour-la-premiere-fois-google-est-au-niveau-de-liphone.html\" rel=\"nofollow noopener\" target=\"_blank\">la s\u00e9rie Pixel 9<\/a>. Il reprend le concept du <a href=\"https:\/\/www.numerama.com\/smartphones\/pixel-8a\/\" rel=\"nofollow noopener\" target=\"_blank\">Pixel 8a<\/a>, \u00e0 savoir proposer un smartphone performant et \u00e9quilibr\u00e9, tout en restant plus accessible que les mod\u00e8les premium de la marque.<\/p>\n<p><a href=\"https:\/\/www.numerama.com\/wp-content\/uploads\/2025\/04\/french-days-2025-2.jpg\" rel=\"nofollow noopener\" target=\"_blank\"><img decoding=\"async\" width=\"1024\" height=\"576\" loading=\"lazy\" alt=\"Google Pixel 9a\" title=\"Google Pixel 9a\" class=\"wp-image-1960899 placeholder-default wp-image\" src=\"https:\/\/www.europesays.com\/fr\/wp-content\/uploads\/2025\/05\/french-days-2025-2-1024x576.jpg\" \/><\/a>Le Google Pixel 9a. \/\/ Source : Numerama<\/p>\n<p>Cette version conserve l\u2019essentiel de ce qui fait l\u2019attrait des Pixel : un tr\u00e8s bon appareil photo, des performances adapt\u00e9es au quotidien gr\u00e2ce \u00e0 la puce Tensor G4, et une excellente gestion de l\u2019autonomie. S\u2019il ne rivalise pas avec les flagships sur tous les aspects (notamment sur la puissance brute ou certaines options photo avanc\u00e9es), il se positionne comme une alternative fiable et durable.<\/p>\n<p><strong>Les points \u00e0 retenir sur le Pixel 9a :<\/strong><\/p>\n<ul class=\"wp-block-list\">\n<li>Une autonomie solide avec une batterie de 5 100 mAh, pouvant atteindre jusqu\u2019\u00e0 30 heures d\u2019utilisation<\/li>\n<li>Un \u00e9cran OLED de 6,3 pouces fluide et lumineux (120 Hz, jusqu\u2019\u00e0 2 700 nits)<\/li>\n<li>Un suivi logiciel assur\u00e9 jusqu\u2019en 2032 avec 7 ans de mises \u00e0 jour Android et s\u00e9curit\u00e9<\/li>\n<\/ul>\n<p>PS5 avec deux manettes DualSense<\/p>\n<p><a href=\"https:\/\/www.numerama.com\/tech\/1950011-sony-augmente-encore-le-prix-de-la-ps5-en-france.html#:~:text=En%20France%2C%20et%20ailleurs%20en,est%20toujours%20%C3%A0%20800%20%E2%82%AC.\" rel=\"nofollow noopener\" target=\"_blank\">R\u00e9cemment, Sony a augment\u00e9 le prix de sa console<\/a> en version num\u00e9rique. Pour la version standard, elle se trouve toujours \u00e0 549 \u20ac, mais \u00e0 ce prix-l\u00e0, vous avez g\u00e9n\u00e9ralement une manette incluse dans le pack. \u00c0 l\u2019occasion des French Days, Cdiscount propose un pack avec deux manettes DualSense <a href=\"https:\/\/shop.numerama.com\/5cf4s3ep\" target=\"_blank\" rel=\"noreferrer noopener sponsored nofollow\" data-gtm=\"{&quot;event&quot;:&quot;afficlic&quot;,&quot;nom_marchand&quot;:&quot;cdiscount&quot;,&quot;nom_produit&quot;:&quot;inconnu&quot;,&quot;categorie_produit&quot;:&quot;inconnu&quot;,&quot;module_produit&quot;:&quot;editolink&quot;,&quot;position_marchand&quot;:0,&quot;texte&quot;:&quot;pour-549-e-au-lieu-de-599-e&quot;,&quot;offer_url&quot;:&quot;https:\/\/shop.numerama.com\/5cf4s3ep&quot;,&quot;zone&quot;:&quot;contenu-page&quot;}\">pour 549 \u20ac au lieu de 599 \u20ac<\/a>.<\/p>\n<p><a href=\"https:\/\/www.numerama.com\/wp-content\/uploads\/2025\/04\/french-dasy-ps5.jpg\" rel=\"nofollow noopener\" target=\"_blank\"><img decoding=\"async\" width=\"1024\" height=\"576\" loading=\"lazy\" alt=\"PS5 avec deux manettes DualSense\" title=\"PS5 avec deux manettes DualSense\" class=\"wp-image-1961733 placeholder-default wp-image\" src=\"https:\/\/www.europesays.com\/fr\/wp-content\/uploads\/2025\/05\/french-dasy-ps5-1024x576.jpg\" \/><\/a>PS5 avec deux manettes DualSense \/\/ Source : Numerama<\/p>\n<p>Pour ce prix, la <a href=\"https:\/\/www.numerama.com\/consoles\/playstation-5-slim\/\" rel=\"nofollow noopener\" target=\"_blank\">PS5 Slim<\/a> reste encore aujourd\u2019hui une valeur s\u00fbre, avec <a href=\"https:\/\/www.numerama.com\/pop-culture\/665953-ps5-tous-les-jeux-et-accessoires-pour-bien-debuter.html\" rel=\"nofollow noopener\" target=\"_blank\">d\u2019excellents titres \u00e0 faire tourner<\/a>, certains jusqu\u2019en 4K \u00e0 120 Hz.<\/p>\n<p><strong>Les points \u00e0 retenir sur ce pack PS5 :<\/strong><\/p>\n<ul class=\"wp-block-list\">\n<li>R\u00e9trocompatibilit\u00e9 avec les jeux PS4<\/li>\n<li>De tr\u00e8s bonnes exclusivit\u00e9s, comme le prochain <a href=\"https:\/\/www.numerama.com\/jeux-video\/ghost-of-yotei\/\" rel=\"nofollow noopener\" target=\"_blank\">Ghost of Yotei<\/a><\/li>\n<li>Deux manettes DualSense incluses<\/li>\n<\/ul>\n<p>Ventilateur Rowenta Turbo Silence Extreme<\/p>\n<p>La saison estivale arrive avec ses premi\u00e8res chaleurs, c\u2019est peut-\u00eatre le bon moment de s\u2019\u00e9quiper sans attendre les pics caniculaires. Si vous cherchez un ventilateur efficace, silencieux et abordable, le Rowenta Turbo Silence Extreme+ est une valeur s\u00fbre. Il est actuellement propos\u00e9 \u00e0 <a href=\"https:\/\/shop.numerama.com\/066l5kml\" target=\"_blank\" rel=\"noreferrer noopener sponsored nofollow\">64 euros au lieu de 89 euros<\/a> sur Amazon. Sa version un peu plus haut de gamme baptis\u00e9e Extreme+ <a href=\"https:\/\/shop.numerama.com\/9urmhv8w\" target=\"_blank\" rel=\"noreferrer noopener sponsored nofollow\" data-gtm=\"{&quot;event&quot;:&quot;afficlic&quot;,&quot;nom_marchand&quot;:&quot;amazon_fr&quot;,&quot;nom_produit&quot;:&quot;inconnu&quot;,&quot;categorie_produit&quot;:&quot;inconnu&quot;,&quot;module_produit&quot;:&quot;editolink&quot;,&quot;position_marchand&quot;:0,&quot;texte&quot;:&quot;est-aussi-en-promotion-a-93&quot;,&quot;offer_url&quot;:&quot;https:\/\/shop.numerama.com\/9urmhv8w&quot;,&quot;zone&quot;:&quot;contenu-page&quot;}\">est aussi en promotion \u00e0 93 <\/a>\u20ac, un mod\u00e8le qui dispose <a href=\"https:\/\/www.numerama.com\/sciences\/527892-meilleur-ventilateur.html#le-meilleur-rapport-qualit-prix-rowenta\" rel=\"nofollow noopener\" target=\"_blank\">d\u2019une plus grande puissance et d\u2019un mode suppl\u00e9mentaire \u00ab\u00a0brise naturelle\u00a0\u00bb.<\/a><\/p>\n<p><a href=\"https:\/\/www.numerama.com\/wp-content\/uploads\/2025\/04\/copie-de-fd-solo-num-2.jpg\" rel=\"nofollow noopener\" target=\"_blank\"><img decoding=\"async\" width=\"1024\" height=\"576\" loading=\"lazy\" alt=\"Rowenta Turbo Silence Extreme\" title=\"Rowenta Turbo Silence Extreme\" class=\"wp-image-1962619 placeholder-default wp-image\" src=\"https:\/\/www.europesays.com\/fr\/wp-content\/uploads\/2025\/05\/copie-de-fd-solo-num-2-1024x576.jpg\" \/><\/a>Rowenta Turbo Silence Extreme \/\/ Source : Numerama<\/p>\n<p>Ici, pas de connectivit\u00e9 ni de design futuriste : Rowenta reste classique avec un pilotage manuel \u00e0 l\u2019ancienne. Mais ce qu\u2019il fait, il le fait tr\u00e8s bien. Le souffle est puissant, r\u00e9parti de mani\u00e8re homog\u00e8ne, et surtout d\u2019une discr\u00e9tion remarquable en mode nuit. C\u2019est l\u00e0 qu\u2019il se distingue vraiment : m\u00eame en fonctionnement, il sait se faire oublier. Ajoutez \u00e0 cela un pied r\u00e9glable pour ajuster facilement la hauteur, et vous avez un appareil aussi simple qu\u2019efficace pour traverser l\u2019\u00e9t\u00e9 au frais.<\/p>\n<p><strong>Les points \u00e0 retenir sur le Rowenta Turbo Silence Extreme+ :<\/strong><\/p>\n<ul class=\"wp-block-list\">\n<li>Un mode nuit quasi inaudible<\/li>\n<li>Un souffle puissant<\/li>\n<li>Un pied ajustable pour adapter facilement la hauteur<\/li>\n<\/ul>\n<p>Manette PS5 DualSense<\/p>\n<p>La DualSense en couleur Chroma Teal est affich\u00e9 \u00e0 <a href=\"https:\/\/shop.numerama.com\/b4d2j2xw\" target=\"_blank\" rel=\"noreferrer noopener sponsored nofollow\" data-gtm=\"{&quot;event&quot;:&quot;afficlic&quot;,&quot;nom_marchand&quot;:&quot;amazon_fr&quot;,&quot;nom_produit&quot;:&quot;inconnu&quot;,&quot;categorie_produit&quot;:&quot;inconnu&quot;,&quot;module_produit&quot;:&quot;editolink&quot;,&quot;position_marchand&quot;:0,&quot;texte&quot;:&quot;54-euros-au-lieu-de-79-euros-sur-amazon&quot;,&quot;offer_url&quot;:&quot;https:\/\/shop.numerama.com\/b4d2j2xw&quot;,&quot;zone&quot;:&quot;contenu-page&quot;}\">54 euros au lieu de 79 euros sur Amazon<\/a> pendant les French Days, en appliquant le code <strong>MER25<\/strong>. Une bonne occasion de s\u2019offrir une manette styl\u00e9e, avec une finition bleu-vert chrom\u00e9e.<\/p>\n<p><a href=\"https:\/\/www.numerama.com\/wp-content\/uploads\/2025\/04\/french-days-8.jpg\" rel=\"nofollow noopener\" target=\"_blank\"><img decoding=\"async\" width=\"1024\" height=\"576\" loading=\"lazy\" alt=\"Manette PS5 DualSense Chroma Teal\" title=\"Manette PS5 DualSense Chroma Teal\" class=\"wp-image-1962031 placeholder-default wp-image\" src=\"https:\/\/www.europesays.com\/fr\/wp-content\/uploads\/2025\/05\/french-days-8-1024x576.jpg\" \/><\/a>Manette PS5 DualSense Chroma Teal \/\/ Source : Numerama<\/p>\n<p>Con\u00e7ue pour la PS5, mais aussi compatible avec un PC en filaire, <a href=\"https:\/\/www.numerama.com\/autres\/dualsense\/\" rel=\"nofollow noopener\" target=\"_blank\">la DualSense<\/a> est sans doute <a href=\"https:\/\/www.numerama.com\/pop-culture\/662939-la-dualsense-ps5-est-tout-simplement-la-meilleure-manette-jamais-concue-par-sony.html\" rel=\"nofollow noopener\" target=\"_blank\">l\u2019une des manettes de s\u00e9rie les plus int\u00e9ressantes<\/a>, gr\u00e2ce \u00e0 ses retours haptiques pr\u00e9cis et \u00e0 ses g\u00e2chettes adaptatives. Elle int\u00e8gre \u00e9galement un micro, un haut-parleur, une d\u00e9tection de mouvement et la fonction Create, qui permet de capturer et partager vos parties d\u2019un simple appui sur le bouton.<\/p>\n<p><strong>Les points \u00e0 retenir sur la manette DualSense Chroma Teal :<\/strong><\/p>\n<ul class=\"wp-block-list\">\n<li>Une immersion renforc\u00e9e gr\u00e2ce au retour haptique et aux g\u00e2chettes adaptatives<\/li>\n<li>Utilisable sur PS5 et PC (via USB-C)<\/li>\n<li>Finition Chroma Teal<\/li>\n<\/ul>\n<p>SSD Samsung 990 Pro NVMe M.2<\/p>\n<p>Le Samsung 990 Pro NVMe M.2 est fait partie des meilleurs SSD internes haut de gamme. Actuellement propos\u00e9 \u00e0 <a href=\"https:\/\/shop.numerama.com\/mqhgreue\" target=\"_blank\" rel=\"noreferrer noopener sponsored nofollow\" data-gtm=\"{&quot;event&quot;:&quot;afficlic&quot;,&quot;nom_marchand&quot;:&quot;amazon_fr&quot;,&quot;nom_produit&quot;:&quot;inconnu&quot;,&quot;categorie_produit&quot;:&quot;inconnu&quot;,&quot;module_produit&quot;:&quot;editolink&quot;,&quot;position_marchand&quot;:0,&quot;texte&quot;:&quot;69-euros-au-lieu-de-94-euros&quot;,&quot;offer_url&quot;:&quot;https:\/\/shop.numerama.com\/mqhgreue&quot;,&quot;zone&quot;:&quot;contenu-page&quot;}\">69 euros au lieu de 94 euros<\/a> sur Amazon avec le code <strong>MER25<\/strong>, une excellente affaire pour les French Days, aussi bien pour booster un PC que pour \u00e9tendre le stockage d\u2019une PlayStation 5.<\/p>\n<p><a href=\"https:\/\/www.numerama.com\/wp-content\/uploads\/2025\/04\/copie-de-fd-solo-num-1.jpg\" rel=\"nofollow noopener\" target=\"_blank\"><img decoding=\"async\" width=\"1024\" height=\"576\" loading=\"lazy\" alt=\"SSD Samsung 990 Pro\" title=\"SSD Samsung 990 Pro\" class=\"wp-image-1962413 placeholder-default wp-image\" src=\"https:\/\/www.europesays.com\/fr\/wp-content\/uploads\/2025\/05\/copie-de-fd-solo-num-1-1024x576.jpg\" \/><\/a>SSD Samsung 990 Pro \/\/ Source : Numerama<\/p>\n<p>Ce mod\u00e8le utilise une interface PCIe 4.0 et affiche des vitesses importantes : jusqu\u2019\u00e0 7 450 Mo\/s en lecture et 6 900 Mo\/s en \u00e9criture. R\u00e9sultat, que ce soit pour lancer des jeux, transf\u00e9rer des fichiers lourds ou acc\u00e9l\u00e9rer le d\u00e9marrage d\u2019un PC, le 990 Pro assure une r\u00e9activit\u00e9 exemplaire. Sa capacit\u00e9 de 1 To permet d\u2019installer de nombreux jeux sans compromis, notamment <a href=\"https:\/\/www.numerama.com\/tech\/1388040-choisir-le-meilleur-ssd-pour-sa-ps5-conseils-et-selection-de-5-modeles.html\" rel=\"nofollow noopener\" target=\"_blank\">sur PS5 o\u00f9 le stockage est vite satur\u00e9<\/a>.<\/p>\n<p><strong>Les points \u00e0 retenir sur ce SSD Samsung <\/strong>:<\/p>\n<ul class=\"wp-block-list\">\n<li>Compatible PC et PS5<\/li>\n<li>Jusqu\u2019\u00e0 7 450 Mo\/s en lecture, 6 900 Mo\/s en \u00e9criture<\/li>\n<li>Un excellent rapport performance\/prix \u00e0 moins de 70 \u20ac<\/li>\n<\/ul>\n<p>GPU Nvidia RTX 5070 Palit<\/p>\n<p><a href=\"https:\/\/www.numerama.com\/tech\/1904707-la-rtx-5070-sortira-plus-tard-que-prevu-nvidia-attend-son-rival-amd.html\" rel=\"nofollow noopener\" target=\"_blank\">Sorties en d\u00e9but d\u2019ann\u00e9e<\/a>, les cartes graphiques <a href=\"https:\/\/www.numerama.com\/autres\/geforce-rtx-5070\/\" rel=\"nofollow noopener\" target=\"_blank\">Nvidia 5070<\/a> n\u2019ont pas \u00e9chapp\u00e9 \u00e0 la r\u00e8gle : succ\u00e8s imm\u00e9diat, ruptures de stock d\u00e8s le lancement et envol\u00e9e des prix. R\u00e9sultat, <a href=\"https:\/\/www.numerama.com\/tech\/1897238-ou-trouver-la-rtx-5070-au-meilleur-prix.html\" rel=\"nofollow noopener\" target=\"_blank\">les tarifs conseill\u00e9s (MSRP) ont vite \u00e9t\u00e9 d\u00e9pass\u00e9s.<\/a> Pour les French Days, on retrouve enfin le GPU \u00e0 un bon prix. Ce mod\u00e8le de Palit est affich\u00e9 <a href=\"https:\/\/shop.numerama.com\/dwsm6slj\" target=\"_blank\" rel=\"noreferrer noopener sponsored nofollow\" data-gtm=\"{&quot;event&quot;:&quot;afficlic&quot;,&quot;nom_marchand&quot;:&quot;grosbill&quot;,&quot;nom_produit&quot;:&quot;inconnu&quot;,&quot;categorie_produit&quot;:&quot;inconnu&quot;,&quot;module_produit&quot;:&quot;editolink&quot;,&quot;position_marchand&quot;:0,&quot;texte&quot;:&quot;a-moins-de-600-e&quot;,&quot;offer_url&quot;:&quot;https:\/\/shop.numerama.com\/dwsm6slj&quot;,&quot;zone&quot;:&quot;contenu-page&quot;}\">\u00e0 moins de 600 \u20ac<\/a> pour l\u2019\u00e9v\u00e9nement, soit 60 \u20ac de moins que le prix initial.<\/p>\n<p><a href=\"https:\/\/www.numerama.com\/wp-content\/uploads\/2025\/04\/french-days-9.jpg\" rel=\"nofollow noopener\" target=\"_blank\"><img decoding=\"async\" width=\"1024\" height=\"576\" loading=\"lazy\" alt=\"RTX 5070 Palit\" title=\"RTX 5070 Palit\" class=\"wp-image-1962053 placeholder-default wp-image\" src=\"https:\/\/www.europesays.com\/fr\/wp-content\/uploads\/2025\/05\/french-days-9-1024x576.jpg\" \/><\/a>RTX 5070 Palit \/\/ Source : Numerama<\/p>\n<p>Avec ce mod\u00e8le, vous pouvez facilement faire tourner les derniers jeux en ultra en r\u00e9solution WQHD, \u00e0 condition que le reste de <a href=\"https:\/\/www.numerama.com\/tech\/1778030-quel-est-le-meilleur-pc-gamer-nos-3-configs-de-pc-fixe-pour-tous-les-budgets.html\" rel=\"nofollow noopener\" target=\"_blank\">votre configuration PC suive.<\/a><\/p>\n<p><strong>Les points \u00e0 retenir sur cette RTX 5070<\/strong> :<\/p>\n<ul class=\"wp-block-list\">\n<li>12Go de RAM pour de la 2K\n<ul class=\"wp-block-list\">\n<li>Trois ventilateurs<\/li>\n<li>Enfin un prix raisonnable<\/li>\n<\/ul>\n<\/li>\n<\/ul>\n<p>Bose QuietComfort SC<\/p>\n<p>\u00c0 l\u2019occasion des French Days, le Bose QuietComfort SC passe \u00e0 <a href=\"https:\/\/shop.numerama.com\/9heprsji\" target=\"_blank\" rel=\"noreferrer noopener sponsored nofollow\" data-gtm=\"{&quot;event&quot;:&quot;afficlic&quot;,&quot;nom_marchand&quot;:&quot;amazon_fr&quot;,&quot;nom_produit&quot;:&quot;inconnu&quot;,&quot;categorie_produit&quot;:&quot;inconnu&quot;,&quot;module_produit&quot;:&quot;editolink&quot;,&quot;position_marchand&quot;:0,&quot;texte&quot;:&quot;174-euros-au-lieu-de-199-euros-sur-amazon&quot;,&quot;offer_url&quot;:&quot;https:\/\/shop.numerama.com\/9heprsji&quot;,&quot;zone&quot;:&quot;contenu-page&quot;}\">174 euros au lieu de 199 euros sur Amazon<\/a>, en appliquant le code <strong>MER25<\/strong> au panier. Ce mod\u00e8le remplace le tr\u00e8s populaire QuietComfort 45, et conserve l\u2019ADN Bose : une r\u00e9duction de bruit active tr\u00e8s efficace et un son riche en basse.<\/p>\n<p><a href=\"https:\/\/www.numerama.com\/wp-content\/uploads\/2025\/04\/french-days-7.jpg\" rel=\"nofollow noopener\" target=\"_blank\"><img decoding=\"async\" width=\"1024\" height=\"576\" loading=\"lazy\" alt=\"Bose QuietComfort SC\" title=\"Bose QuietComfort SC\" class=\"wp-image-1961953 placeholder-default wp-image\" src=\"https:\/\/www.europesays.com\/fr\/wp-content\/uploads\/2025\/05\/french-days-7-1024x576.jpg\" \/><\/a>Bose QuietComfort SC \/\/ Source : Numerama<\/p>\n<p>M\u00eame s\u2019il n\u2019int\u00e8gre pas certaines <a href=\"https:\/\/www.numerama.com\/tech\/315645-bose-qc-35-bw-px-les-meilleurs-casques-a-reduction-de-bruit-active.html#bose-quietcomfort-ultra\" rel=\"nofollow noopener\" target=\"_blank\">fonctionnalit\u00e9s \u00ab\u00a0premium\u00a0\u00bb comme le son spatial des versions Ultra<\/a>, ce casque circum-aural propose un excellent confort, une autonomie tr\u00e8s solide (jusqu\u2019\u00e0 26 heures mesur\u00e9es) et une signature sonore riche. L\u2019ANC est d\u2019un niveau tel qu\u2019il efface la majorit\u00e9 des bruits ambiants, m\u00eame en environnement bruyant. Le tout, sans sacrifier la qualit\u00e9 audio, qui reste ample, dynamique et bien \u00e9quilibr\u00e9e sur l\u2019ensemble du spectre.<\/p>\n<p><strong>Les points \u00e0 retenir sur le Bose QuietComfort :<\/strong><\/p>\n<ul class=\"wp-block-list\">\n<li>Excellente r\u00e9duction de bruit active parmi les meilleures du march\u00e9<\/li>\n<li>Un son puissant<\/li>\n<li>Jusqu\u2019\u00e0 26 heures d\u2019autonomie<\/li>\n<\/ul>\n<p>Samsung Galaxy A36 + Galaxy Fit 3<\/p>\n<p>Samsung reste une <a href=\"https:\/\/www.numerama.com\/tech\/1916699-galaxy-a56-a36-et-a26-on-compare-les-nouveaux-champions-du-milieu-de-gamme-de-samsung.html\" rel=\"nofollow noopener\" target=\"_blank\">valeur s\u00fbre du milieu de gamme<\/a>, et son <a href=\"https:\/\/www.numerama.com\/smartphones\/galaxy-a36\/\" rel=\"nofollow noopener\" target=\"_blank\">Galaxy A36<\/a>, lanc\u00e9 en mars 2025, en est une nouvelle preuve. Propos\u00e9 ici dans un pack <a href=\"https:\/\/shop.numerama.com\/7h2uc93l\" target=\"_blank\" rel=\"noreferrer noopener sponsored nofollow\" data-gtm=\"{&quot;event&quot;:&quot;afficlic&quot;,&quot;nom_marchand&quot;:&quot;boulanger&quot;,&quot;nom_produit&quot;:&quot;inconnu&quot;,&quot;categorie_produit&quot;:&quot;inconnu&quot;,&quot;module_produit&quot;:&quot;editolink&quot;,&quot;position_marchand&quot;:0,&quot;texte&quot;:&quot;a-319-99-euros-au-lieu-de-421-euros&quot;,&quot;offer_url&quot;:&quot;https:\/\/shop.numerama.com\/7h2uc93l&quot;,&quot;zone&quot;:&quot;contenu-page&quot;}\">\u00e0 319,99 euros au lieu de 421 euros<\/a> chez Boulanger pendant les French Days, ce mod\u00e8le 5G est accompagn\u00e9 du bracelet connect\u00e9 Galaxy Fit 3, ce qui rend l\u2019offre encore plus int\u00e9ressante. Pour profiter de 30 \u20ac remis\u00e9, il faudra toutefois <a target=\"_blank\" href=\"https:\/\/boulanger.scene7.com\/is\/content\/Boulanger\/2.B.com\/Commerce\/EMS\/COFF25MICF.pdf\" rel=\"nofollow noopener\">remplir un formulaire de remboursement Samsung<\/a>.<\/p>\n<p><a href=\"https:\/\/www.numerama.com\/wp-content\/uploads\/2025\/04\/french-days-5.jpg\" rel=\"nofollow noopener\" target=\"_blank\"><img decoding=\"async\" width=\"1024\" height=\"576\" loading=\"lazy\" alt=\"Samsung Galaxy A36 + Galaxy Fit 3\" title=\"Samsung Galaxy A36 + Galaxy Fit 3\" class=\"wp-image-1961759 placeholder-default wp-image\" src=\"https:\/\/www.europesays.com\/fr\/wp-content\/uploads\/2025\/05\/french-days-5-1024x576.jpg\" \/><\/a>Samsung Galaxy A36 + Galaxy Fit 3 \/\/ Source : Numerama<\/p>\n<p>Le smartphone propose un bel \u00e9cran Super AMOLED de 6,7 pouces \u00e0 120 Hz. Sa puce Snapdragon 6 Gen 3 est plus performante que celle du mod\u00e8le pr\u00e9c\u00e9dent, et il propose une compatibilit\u00e9 avec la charge rapide 45W. Ce dernier tourne <a href=\"https:\/\/www.numerama.com\/tech\/1891748-one-ui-7-les-smartphones-samsung-compatibles-avec-la-mise-a-jour.html\" rel=\"nofollow noopener\" target=\"_blank\">sous Android 15 avec la surcouche One UI 7.0<\/a>, int\u00e9grant plusieurs fonctionnalit\u00e9s IA issues des mod\u00e8les haut de gamme. Autre point fort notable : Samsung promet 6 ans de mises \u00e0 jour, ce qui en fait un smartphone taill\u00e9 pour durer. Il arrive avec un bracelet Fit 3 (d\u2019une valeur de 70 \u20ac), un appareil qui permet de suivre votre sant\u00e9 et de vous assister lors de vos entrainements.<\/p>\n<p><strong>Les points \u00e0 retenir sur le pack Galaxy A36 + Fit 3 :<\/strong><\/p>\n<ul class=\"wp-block-list\">\n<li>\u00c9cran AMOLED 6,7\u2033 120 Hz et puce Snapdragon 6 Gen 3<\/li>\n<li>Charge rapide 45 W et support de la 5G, Wi-Fi 6, eSIM<\/li>\n<li>6 ans de mises \u00e0 jour logicielles et bracelet Galaxy Fit 3 inclus<\/li>\n<\/ul>\n<p>Apple iPhone 14<\/p>\n<p>Initialement vendu \u00e0 1 019 euros, l\u2019<a href=\"https:\/\/www.numerama.com\/smartphones\/iphone-14\/\" rel=\"nofollow noopener\" target=\"_blank\">iPhone 14<\/a> est <a href=\"https:\/\/shop.numerama.com\/4xdt2bur\" target=\"_blank\" rel=\"noreferrer noopener sponsored nofollow\">actuellement disponible \u00e0 599 euros chez Boulanger<\/a> pour les French Days. Sorti fin 2022, <a href=\"https:\/\/www.numerama.com\/tech\/288962-guide-dachat-quel-iphone-choisir-en-2017.html\" rel=\"nofollow noopener\" target=\"_blank\">l\u2019iPhone 14 reste un excellent smartphone sous iOS<\/a>, m\u00eame s\u2019il n\u2019a pas boulevers\u00e9 la formule d\u2019Apple \u00e0 sa sortie. Ce smartphone reste ultra-fiable, tr\u00e8s \u00e9quilibr\u00e9 et surtout bien optimis\u00e9. Il reprend le design de la g\u00e9n\u00e9ration pr\u00e9c\u00e9dente, embarque une puce A15 Bionic tr\u00e8s performante et b\u00e9n\u00e9ficie d\u2019une belle optimisation logicielle propre \u00e0 Apple. Son autonomie est l\u2019un de ses points forts, avec une endurance bien au-dessus de la moyenne.<\/p>\n<p><a href=\"https:\/\/www.numerama.com\/wp-content\/uploads\/2025\/04\/french-days-2025.jpg\" rel=\"nofollow noopener\" target=\"_blank\"><img decoding=\"async\" width=\"1024\" height=\"576\" loading=\"lazy\" alt=\"iPhone 14\" title=\"iPhone 14\" class=\"wp-image-1960893 placeholder-default wp-image\" src=\"https:\/\/www.europesays.com\/fr\/wp-content\/uploads\/2025\/05\/french-days-2025-1024x576.jpg\" \/><\/a>L\u2019iPhone 14. \/\/ Source : Numerama<\/p>\n<p>Il continuera de recevoir les mises \u00e0 jour d\u2019iOS jusqu\u2019en 2028 au minimum, ce qui en fait un investissement durable. En clair, un mod\u00e8le qui a encore de tr\u00e8s beaux jours devant lui, avec plusieurs ann\u00e9es de mises \u00e0 jour garanties pour demeurer \u00e0 la pointe de l\u2019environnement logiciel d\u2019Apple.<\/p>\n<p><strong>Les points \u00e0 retenir sur l\u2019iPhone 14 :<\/strong><\/p>\n<ul class=\"wp-block-list\">\n<li>La g\u00e9n\u00e9ration avec la meilleure autonomie chez Apple<\/li>\n<li>Une puce A15 Bionic toujours performante<\/li>\n<li>Des mises \u00e0 jour logicielles garanties jusqu\u2019en 2028<\/li>\n<\/ul>\n<p>SSD Samsung T7 Shield (2 To)<\/p>\n<p>Propos\u00e9 en ce moment \u00e0 <a href=\"https:\/\/shop.numerama.com\/pqz0x1pd\" data-type=\"link\" data-id=\"https:\/\/shop.numerama.com\/pqz0x1pd\" target=\"_blank\" rel=\"noreferrer noopener sponsored nofollow\">169 euros au lieu de 219 euros<\/a> chez Boulanger pour les French Days, ce SSD externe combine les performances de la gamme T7 avec un design renforc\u00e9 pour les utilisateurs de <a href=\"https:\/\/www.numerama.com\/tech\/709324-les-meilleurs-ordinateurs-portables-en-2024.html\" rel=\"nofollow noopener\" target=\"_blank\">PC portables<\/a> qui aiment voyager. \u00c9tanche, imperm\u00e9able \u00e0 la poussi\u00e8re (certification IP65) et aux chocs (jusqu\u2019\u00e0 3 m\u00e8tres), il est parfait pour transporter ses fichiers sans crainte.<\/p>\n<p><a href=\"https:\/\/www.numerama.com\/wp-content\/uploads\/2025\/04\/french-days-2025-1.jpg\" rel=\"nofollow noopener\" target=\"_blank\"><img decoding=\"async\" width=\"1024\" height=\"576\" loading=\"lazy\" alt=\"SSD Samsung T7 Shield\" title=\"SSD Samsung T7 Shield\" class=\"wp-image-1960895 placeholder-default wp-image\" src=\"https:\/\/www.europesays.com\/fr\/wp-content\/uploads\/2025\/05\/french-days-2025-1-1024x576.jpg\" \/><\/a>Le SSD Samsung T7 Shield. \/\/ Source : Numerama<\/p>\n<p>Cette robustesse est propos\u00e9e dans un format compact, tout en d\u00e9livrant des vitesses de transfert tr\u00e8s \u00e9lev\u00e9es, parfaites pour le travail sur fichiers lourds ou les sauvegardes express.<\/p>\n<p><strong>Les points \u00e0 retenir sur le Samsung T7 Shield (2 To) :<\/strong><\/p>\n<ul class=\"wp-block-list\">\n<li>Des d\u00e9bits \u00e9lev\u00e9s jusqu\u2019\u00e0 1 050 Mo\/s en lecture<\/li>\n<li>R\u00e9sistance \u00e0 l\u2019eau, \u00e0 la poussi\u00e8re et aux chutes (IP65)<\/li>\n<li>Un port USB-C (USB 3.2 Gen 2)<\/li>\n<\/ul>\n<p>Enceinte portable\u00a0BOSE\u00a0SoundLink Flex II<\/p>\n<p>La Bose SoundLink Flex II est une enceinte portable qui mise sur l\u2019essentiel : un format compact, un son de qualit\u00e9 et une vraie robustesse. <a href=\"https:\/\/shop.numerama.com\/wehxtte2\" target=\"_blank\" rel=\"noreferrer noopener sponsored nofollow\">Vendue \u00e0 129 euros au lieu de 179 euros<\/a> chez Boulanger pour les French Days, elle s\u2019adresse \u00e0 ceux qui cherchent une <a href=\"https:\/\/www.numerama.com\/tech\/537132-les-meilleures-enceintes-etanches-pour-partir-en-vacances.html\" rel=\"nofollow noopener\" target=\"_blank\">enceinte facile \u00e0 emporter partout<\/a>, sans sacrifier la qualit\u00e9 audio.<\/p>\n<p><a href=\"https:\/\/www.numerama.com\/wp-content\/uploads\/2025\/04\/french-days-2025-3.jpg\" rel=\"nofollow noopener\" target=\"_blank\"><img decoding=\"async\" width=\"1024\" height=\"576\" loading=\"lazy\" alt=\"BOSE\u00a0SoundLink Flex II\" title=\"BOSE\u00a0SoundLink Flex II\" class=\"wp-image-1960905 placeholder-default wp-image\" src=\"https:\/\/www.europesays.com\/fr\/wp-content\/uploads\/2025\/05\/french-days-2025-3-1024x576.jpg\" \/><\/a>L\u2019enceinte BOSE\u00a0SoundLink Flex II. \/\/ Source : Numerama<\/p>\n<p>Malgr\u00e9 sa taille, elle d\u00e9livre un son clair et bien \u00e9quilibr\u00e9, renforc\u00e9 par un \u00e9galiseur accessible via l\u2019application Bose Music pour ajuster basses et aigus selon ses pr\u00e9f\u00e9rences. Pens\u00e9e pour l\u2019ext\u00e9rieur comme pour la maison, elle est certifi\u00e9e IP67, ce qui la rend imperm\u00e9able \u00e0 la poussi\u00e8re et \u00e0 une immersion temporaire dans l\u2019eau. C\u00f4t\u00e9 autonomie, elle assure jusqu\u2019\u00e0 12 heures d\u2019\u00e9coute, avec une recharge via USB-C en 4 heures environ.<\/p>\n<p>    Pour aller plus loin<\/p>\n<p>                <img decoding=\"async\" width=\"87\" height=\"87\" loading=\"lazy\" alt=\"JBL Boombox 3 \/\/ Source : JBL\" title=\"JBL Boombox 3 \/\/ Source : JBL\" class=\"placeholder-default wp-image\" src=\"https:\/\/www.europesays.com\/fr\/wp-content\/uploads\/2025\/05\/jbl-boombox-3-120x120.jpg\" \/>            <\/p>\n<p><strong>Les points \u00e0 retenir sur la Bose SoundLink Flex II :<\/strong><\/p>\n<ul class=\"wp-block-list\">\n<li>Un format compact et robuste, certifi\u00e9 IP67 contre l\u2019eau et la poussi\u00e8re<\/li>\n<li>Jusqu\u2019\u00e0 12 heures d\u2019autonomie et recharge rapide en USB-C<\/li>\n<li>Son personnalisable via l\u2019application Bose Music et possibilit\u00e9 d\u2019appairage multi-enceintes<\/li>\n<\/ul>\n<p>MacBook Air M4<\/p>\n<p>Sorti le 5 mars 2025, le <a href=\"https:\/\/www.numerama.com\/ordinateurs-portables\/macbook-air-13-m4\/\" rel=\"nofollow noopener\" target=\"_blank\">MacBook Air M4<\/a> conserve parfaitement l\u2019esprit de la gamme Air : un ordinateur portable l\u00e9ger, endurant et performant, tout en \u00e9tant plus abordable que les mod\u00e8les Pro. Actuellement <a href=\"https:\/\/shop.numerama.com\/ayrdyght\" target=\"_blank\" rel=\"noreferrer noopener sponsored nofollow\" data-gtm=\"{&quot;event&quot;:&quot;afficlic&quot;,&quot;nom_marchand&quot;:&quot;fnac&quot;,&quot;nom_produit&quot;:&quot;inconnu&quot;,&quot;categorie_produit&quot;:&quot;inconnu&quot;,&quot;module_produit&quot;:&quot;editolink&quot;,&quot;position_marchand&quot;:0,&quot;texte&quot;:&quot;disponible-a-1-099-euros-au-lieu-de-1-199-euros&quot;,&quot;offer_url&quot;:&quot;https:\/\/shop.numerama.com\/ayrdyght&quot;,&quot;zone&quot;:&quot;contenu-page&quot;}\">disponible \u00e0 1 099 euros au lieu de 1 199 euros<\/a> chez Fnac pour les French Days, <a href=\"https:\/\/www.numerama.com\/tech\/1923273-test-du-macbook-air-m4-le-seul-ordinateur-portable-qui-merite-votre-attention.html\" rel=\"nofollow noopener\" target=\"_blank\">il propose un rapport qualit\u00e9-prix difficile \u00e0 \u00e9galer.<\/a><\/p>\n<p><a href=\"https:\/\/www.numerama.com\/wp-content\/uploads\/2025\/04\/french-days-2025-4.jpg\" rel=\"nofollow noopener\" target=\"_blank\"><img decoding=\"async\" width=\"1024\" height=\"576\" loading=\"lazy\" alt=\"MacBook Air M4\" title=\"MacBook Air M4\" class=\"wp-image-1960909 placeholder-default wp-image\" src=\"https:\/\/www.europesays.com\/fr\/wp-content\/uploads\/2025\/05\/french-days-2025-4-1024x576.jpg\" \/><\/a>Le MacBook Air M4. \/\/ Source : Numerama<\/p>\n<p>Ce mod\u00e8le profite d\u2019une \u00e9volution attendue avec la puce M4, plus performante et surtout mieux taill\u00e9e pour les usages d\u2019intelligence artificielle \u00e0 venir. C\u2019est d\u2019ailleurs le principal changement par rapport \u00e0 <a href=\"https:\/\/www.numerama.com\/ordinateurs-portables\/macbook-air-m3\/\" rel=\"nofollow noopener\" target=\"_blank\">la g\u00e9n\u00e9ration pr\u00e9c\u00e9dente (M3)<\/a>. L\u2019autonomie est toujours de la partie, atteignant facilement deux journ\u00e9es d\u2019utilisation mod\u00e9r\u00e9e. Ce mod\u00e8le embarque 16 Go de m\u00e9moire vive par d\u00e9faut et une meilleure webcam. Seuls b\u00e9mols : un \u00e9cran LCD 60 Hz qui commence \u00e0 dater en 2025 et un stockage de base limit\u00e9 \u00e0 256 Go, avec des options plus co\u00fbteuses.<\/p>\n<p>    Pour aller plus loin<\/p>\n<p>                <img decoding=\"async\" width=\"87\" height=\"87\" loading=\"lazy\" alt=\"Apple MacBook Air M4 \/\/ Source : Nino Barbey \/ Numerama\" title=\"Apple MacBook Air M4 \/\/ Source : Nino Barbey \/ Numerama\" class=\"placeholder-default wp-image\" src=\"https:\/\/www.europesays.com\/fr\/wp-content\/uploads\/2025\/05\/macbook05-200x200.jpg\" \/>            <\/p>\n<p><strong>Les points \u00e0 retenir sur le MacBook Air M4 :<\/strong><\/p>\n<ul class=\"wp-block-list\">\n<li>Une grosse autonomie de deux jours<\/li>\n<li>La nouvelle puce M4, pr\u00eate pour l\u2019IA<\/li>\n<li>Son design toujours aussi soign\u00e9<\/li>\n<\/ul>\n<p>Apple iPhone 16e (128 Go) <\/p>\n<p>Sorti en f\u00e9vrier 2025, l\u2019<a href=\"https:\/\/www.numerama.com\/smartphones\/iphone-16e\/\" rel=\"nofollow noopener\" target=\"_blank\">iPhone 16e<\/a> repr\u00e9sente <a href=\"https:\/\/www.numerama.com\/tech\/1912357-test-de-liphone-16e-la-bonne-surprise-de-2025-est-signee-apple.html\" rel=\"nofollow noopener\" target=\"_blank\">un renouveau pour la gamme Apple<\/a>. Il reprend le design et les fondamentaux de l\u2019<a href=\"https:\/\/www.numerama.com\/smartphones\/iphone-16\/\" rel=\"nofollow noopener\" target=\"_blank\">iPhone 16<\/a>, tout en faisant quelques concessions techniques pour abaisser son tarif. Pour les French Days, il baisse \u00e0 <a href=\"https:\/\/shop.numerama.com\/cwsqomre\" target=\"_blank\" rel=\"noreferrer noopener sponsored nofollow\" data-gtm=\"{&quot;event&quot;:&quot;afficlic&quot;,&quot;nom_marchand&quot;:&quot;amazon_fr&quot;,&quot;nom_produit&quot;:&quot;inconnu&quot;,&quot;categorie_produit&quot;:&quot;inconnu&quot;,&quot;module_produit&quot;:&quot;editolink&quot;,&quot;position_marchand&quot;:0,&quot;texte&quot;:&quot;659-euros-au-lieu-de-719-euros&quot;,&quot;offer_url&quot;:&quot;https:\/\/shop.numerama.com\/cwsqomre&quot;,&quot;zone&quot;:&quot;contenu-page&quot;}\">659 euros au lieu de 719 euros<\/a> sur Amazon.<\/p>\n<p><a href=\"https:\/\/www.numerama.com\/wp-content\/uploads\/2025\/04\/french-days-2025-5.jpg\" rel=\"nofollow noopener\" target=\"_blank\"><img decoding=\"async\" width=\"1024\" height=\"576\" loading=\"lazy\" alt=\"Apple iPhone 16e\" title=\"Apple iPhone 16e\" class=\"wp-image-1960917 placeholder-default wp-image\" src=\"https:\/\/www.europesays.com\/fr\/wp-content\/uploads\/2025\/05\/french-days-2025-5-1024x576.jpg\" \/><\/a>L\u2019Apple iPhone 16e. \/\/ Source : Numerama<\/p>\n<p>Contrairement \u00e0 l\u2019ancien iPhone SE, l\u2019iPhone 16e n\u2019a toutefois rien d\u2019un appareil au rabais : \u00e9cran OLED de qualit\u00e9, reconnaissance faciale Face ID, design soign\u00e9 en aluminium et verre Ceramic Shield\u2026 Tout y est ou presque. Les sacrifices op\u00e9r\u00e9s (un seul capteur photo, pas de <a href=\"https:\/\/www.numerama.com\/tech\/1258386-a-quoi-sert-magsafe-la-recharge-magnetique-dapple.html\" data-popover-target=\"definition\" data-tag=\"Qu\u2019est ce que MagSafe et \u00e0 quoi \u00e7a sert\u00a0? La technologie recharge magn\u00e9tique d\u2019Apple expliqu\u00e9e\" data-chapo=\"La technologie MagSafe a \u00e9t\u00e9 lanc\u00e9e par Apple en 2006 avec le premier MacBook Pro. Depuis, elle a \u00e9t\u00e9 d\u00e9clin\u00e9e en plusieurs formats. On la trouve sur les iPhone et les Mac, mais aussi dans des accessoires.\" data-image=\"https:\/\/c0.lestechnophiles.com\/www.numerama.com\/wp-content\/uploads\/2020\/10\/iphone-12-3-1-1024x576.jpg?key=6c80fafa\" rel=\"nofollow noopener\" target=\"_blank\">MagSafe<\/a> complet) restent marginaux pour l\u2019usage quotidien. En contrepartie, il b\u00e9n\u00e9ficie d\u2019une autonomie impressionnante gr\u00e2ce au <a href=\"https:\/\/www.numerama.com\/tech\/1914113-que-vaut-lapple-c1-on-a-teste-le-modem-inedit-de-liphone-16e.html\" rel=\"nofollow noopener\" target=\"_blank\">modem C1<\/a>, d\u2019un bouton Action personnalisable et d\u2019un support d\u2019Apple Intelligence, gr\u00e2ce \u00e0 sa puce A18.<\/p>\n<p><strong>Les points \u00e0 retenir sur l\u2019iPhone 16e :<\/strong><\/p>\n<ul class=\"wp-block-list\">\n<li>Un iPhone haut de gamme \u00e0 prix r\u00e9duit, sans compromis majeur sur l\u2019exp\u00e9rience<\/li>\n<li>Une autonomie remarquable pour un format compact de 6,1 pouces<\/li>\n<li>Un \u00e9cran OLED bord \u00e0 bord et des mises \u00e0 jour iOS garanties plusieurs ann\u00e9es<\/li>\n<\/ul>\n<p>TV Thomson Qled 55QG4S14<\/p>\n<p>Thomson ne fait pas partie <a href=\"https:\/\/www.numerama.com\/tech\/1762432-quelle-tv-4k-choisir.html\" rel=\"nofollow noopener\" target=\"_blank\">des \u00ab cool kids \u00bb du march\u00e9 des t\u00e9l\u00e9viseurs comme LG ou Samsung,<\/a> mais la marque propose malgr\u00e9 tout quelques r\u00e9f\u00e9rences solides dans le milieu de gamme. C\u2019est le cas de ce 55QG4S14, une TV QLED de 55 pouces, actuellement disponible \u00e0 <a href=\"https:\/\/shop.numerama.com\/4aphtttu\" target=\"_blank\" rel=\"noreferrer noopener sponsored nofollow\" data-gtm=\"{&quot;event&quot;:&quot;afficlic&quot;,&quot;nom_marchand&quot;:&quot;cdiscount&quot;,&quot;nom_produit&quot;:&quot;inconnu&quot;,&quot;categorie_produit&quot;:&quot;inconnu&quot;,&quot;module_produit&quot;:&quot;editolink&quot;,&quot;position_marchand&quot;:0,&quot;texte&quot;:&quot;359-euros-au-lieu-de-449-euros&quot;,&quot;offer_url&quot;:&quot;https:\/\/shop.numerama.com\/4aphtttu&quot;,&quot;zone&quot;:&quot;contenu-page&quot;}\">359 euros au lieu de 449 euros<\/a> chez Cdiscount avec le code <strong>25DES249<\/strong> valable lors des French Days.<\/p>\n<p><a href=\"https:\/\/www.numerama.com\/wp-content\/uploads\/2025\/04\/french-days-2025-6.jpg\" rel=\"nofollow noopener\" target=\"_blank\"><img decoding=\"async\" width=\"1024\" height=\"576\" loading=\"lazy\" alt=\"Thomson Qled 55QG4S14\" title=\"Thomson Qled 55QG4S14\" class=\"wp-image-1960921 placeholder-default wp-image\" src=\"https:\/\/www.europesays.com\/fr\/wp-content\/uploads\/2025\/05\/french-days-2025-6-1024x576.jpg\" \/><\/a>La TV Thomson Qled 55QG4S14. \/\/ Source : Numerama<\/p>\n<p>L\u2019une de ses principales forces est son design sans bordure particuli\u00e8rement r\u00e9ussi pour ce niveau de prix : l\u2019encadrement est quasiment invisible, ce qui renforce l\u2019immersion. \u00c0 l\u2019int\u00e9rieur, on retrouve une dalle <a href=\"https:\/\/www.numerama.com\/tech\/1150528-quest-ce-que-la-4k.html\" data-popover-target=\"definition\" data-tag=\"Qu\u2019est-ce que la d\u00e9finition 4K\u00a0?\" data-chapo=\"La 4K est une d\u00e9finition d\u2019image dont la taille minimale est th\u00e9oriquement de 4 096 pixels. Par abus de langage, on qualifie d\u00e9sormais les \u00e9crans proposant une d\u00e9finition minimale de 3 840 x 2 160 pixels de t\u00e9l\u00e9viseurs 4K.\" data-image=\"https:\/\/c0.lestechnophiles.com\/www.numerama.com\/wp-content\/uploads\/2022\/10\/chauhan-moniz-3a0bs74t8zc-unsplash-1024x576.jpg?key=601d780f\" rel=\"nofollow noopener\" target=\"_blank\">4K UHD<\/a> avec technologie Quantum Dot pour des couleurs plus riches, ainsi qu\u2019une compatibilit\u00e9 HDR10. Le tout fonctionne sous Google TV (Android 12), avec un acc\u00e8s direct aux principales plateformes de streaming (Netflix, Prime Video, Disney+, YouTube\u2026). Il dispose de deux ports HDMI 2.1 pr\u00eats pour accueillir des PlayStation et autre Xbox pour jouer \u00e0 haute fr\u00e9quence. C\u00f4t\u00e9 audio, le mod\u00e8le embarque du Dolby Audio et du <a href=\"https:\/\/www.numerama.com\/tech\/1189166-que-signifie-dolby-atmos.html\" data-popover-target=\"definition\" data-tag=\"C\u2019est quoi, le Dolby Atmos\u00a0?\" data-chapo=\"Le Dolby Atmos est un format audio en trois dimensions qui donne un aspect tr\u00e8s immersif au son des films, s\u00e9ries, jeux vid\u00e9o ou enregistrements de concerts.\" data-image=\"https:\/\/c0.lestechnophiles.com\/www.numerama.com\/wp-content\/uploads\/2022\/11\/capture-decran-2023-01-05-a-15-30-04-1024x576.jpg?key=d435a13c\" rel=\"nofollow noopener\" target=\"_blank\">Dolby Atmos<\/a>, m\u00eame si la puissance limit\u00e9e (2 x 10 W) impose souvent l\u2019ajout d\u2019une barre de son pour une exp\u00e9rience vraiment immersive.<\/p>\n<p>Asus Vivobook S14<\/p>\n<p>Les Vivobook d\u2019Asus sont r\u00e9put\u00e9s pour offrir une excellente qualit\u00e9 d\u2019affichage sur le segment des laptops, et ce Vivobook S14 (sorti en novembre 2024) ne d\u00e9roge pas \u00e0 la r\u00e8gle. Propos\u00e9 actuellement \u00e0 <a href=\"https:\/\/shop.numerama.com\/wvsqlpht\" target=\"_blank\" rel=\"noreferrer noopener sponsored nofollow\">899 euros au lieu de 1 099 euros<\/a> chez Boulanger, il combine un bel \u00e9cran OLED de 14 pouces (1920 par 1200 pixels) avec une configuration moderne et \u00e9quilibr\u00e9e.<\/p>\n<p><a href=\"https:\/\/www.numerama.com\/wp-content\/uploads\/2025\/04\/french-days-2025-7.jpg\" rel=\"nofollow noopener\" target=\"_blank\"><img decoding=\"async\" width=\"1024\" height=\"576\" loading=\"lazy\" alt=\"Asus Vivobook S14\" title=\"Asus Vivobook S14\" class=\"wp-image-1960923 placeholder-default wp-image\" src=\"https:\/\/www.europesays.com\/fr\/wp-content\/uploads\/2025\/05\/french-days-2025-7-1024x576.jpg\" \/><\/a>L\u2019Asus Vivobook S14. \/\/ Source : Numerama<\/p>\n<p>Sous le capot, on trouve un processeur Intel Core Ultra 5 226V \u00e9paul\u00e9 par 16 Go de m\u00e9moire vive et un SSD rapide de 512 Go, de quoi assurer une bonne fluidit\u00e9 au quotidien, m\u00eame pour des t\u00e2ches un peu plus exigeantes. L\u2019int\u00e9gration du <a href=\"https:\/\/www.numerama.com\/tech\/756711-wi-fi-7-questions-sur-le-futur-du-wi-fi.html\" rel=\"nofollow noopener\" target=\"_blank\">Wi-Fi 7<\/a> et du Bluetooth 5.4 le rendent par\u00e9 pour les usages de demain. Enfin, c\u00f4t\u00e9 autonomie, l\u2019ordinateur est annonc\u00e9 autour d\u2019une journ\u00e9e d\u2019utilisation, un score raisonnable, mais \u00e0 voir \u00e0 la baisse selon l\u2019intensit\u00e9 des usages.<\/p>\n<p><strong>Les points \u00e0 retenir sur l\u2019Asus Vivobook S14 :<\/strong><\/p>\n<ul class=\"wp-block-list\">\n<li>Un \u00e9cran OLED 14 pouces lumineux et tr\u00e8s color\u00e9<\/li>\n<li>Intel Ultra 5, 16 Go de RAM et SSD 512 Go<\/li>\n<li>Du Wi-Fi 7 et du Bluetooth 5.4 \u00e0 bord<\/li>\n<\/ul>\n<p>Quand, o\u00f9 et comment : tout savoir sur les French Days 2025<\/p>\n<p>Les French Days, c\u2019est quoi ?<\/p>\n<p>Lanc\u00e9s en 2018 en r\u00e9ponse au Black Friday am\u00e9ricain, les French Days sont une p\u00e9riode de promotions 100 % made in France. Organis\u00e9e deux fois par an \u2014 au printemps et \u00e0 l\u2019automne \u2014 cette op\u00e9ration commerciale rassemble de nombreuses enseignes autour de r\u00e9ductions massives dans des domaines vari\u00e9s comme la tech, l\u2019\u00e9lectrom\u00e9nager, la maison ou encore l\u2019informatique. Contrairement aux soldes, les French Days ne durent qu\u2019une semaine et se d\u00e9roulent majoritairement en ligne, bien que certaines offres soient aussi disponibles en magasin.<\/p>\n<p>Quelles sont les dates des French Days de printemps 2025 ?<\/p>\n<p>Pour l\u2019\u00e9dition de printemps 2025, les French Days se tiendront du mercredi 30 avril \u00e0 7h jusqu\u2019au mardi 6 mai \u00e0 23h59. Une semaine compl\u00e8te pour faire de bonnes affaires sur une large s\u00e9lection de produits.<\/p>\n<p>Cette nouvelle semaine de promotions s\u2019installe dans un calendrier d\u00e9j\u00e0 charg\u00e9, o\u00f9 les occasions d\u2019acheter ne manquent pas\u2026 mais ne sont pas toujours pertinentes. Depuis l\u2019automne, le calendrier commercial a \u00e9t\u00e9 bien rempli \u2014 entre Black Friday, f\u00eates de fin d\u2019ann\u00e9e et soldes d\u2019hiver. Et ce n\u2019est pas fini : les soldes d\u2019\u00e9t\u00e9 d\u00e9buteront d\u00e8s le 25 juin.<\/p>\n<p>Quelles enseignes participent ?<\/p>\n<p>\u00c0 l\u2019origine, les French Days ont \u00e9t\u00e9 lanc\u00e9s par six enseignes fran\u00e7aises majeures : La Redoute, Showroompriv\u00e9, Fnac, Darty, Boulanger et Cdiscount. Depuis, de nombreux autres marchands ont rejoint le mouvement, parmi lesquels Amazon, Rakuten, Rue du Commerce, Ubaldi et bien d\u2019autres.<\/p>\n<p>Pourquoi nous faire confiance lors des French Days ?<\/p>\n<p>Chez Numerama, nous ne nous contentons pas de tester les derniers produits sortis : nous suivons aussi de pr\u00e8s l\u2019\u00e9volution des prix sur de nombreux appareils gr\u00e2ce \u00e0 nos <a href=\"https:\/\/www.numerama.com\/tag\/bons-plans\/\" rel=\"nofollow noopener\" target=\"_blank\">bons plans<\/a> r\u00e9guliers et \u00e0 <a href=\"https:\/\/www.numerama.com\/tag\/guide-dachat\/\" rel=\"nofollow noopener\" target=\"_blank\">nos guides d\u2019achat<\/a>. Cela nous permet d\u2019avoir une vision d\u2019ensemble du march\u00e9, au-del\u00e0 des simples nouveaut\u00e9s.<\/p>\n<p>Notre objectif est assez simple : recommander des produits que nous pourrions sinc\u00e8rement conseiller \u00e0 nos amis ou \u00e0 notre famille.<\/p>\n<p>Chaque recommandation est contextualis\u00e9e : nous pr\u00e9cisons la date de sortie du produit, son positionnement dans la gamme (entr\u00e9e, milieu ou haut de gamme), ses points forts, ses points faibles, et surtout, s\u2019il repr\u00e9sente ou non un bon investissement lorsque vous lisez cet article.<\/p>\n<p>Certains liens de cet article sont affili\u00e9s : ils n\u2019ont aucun impact sur les choix \u00e9ditoriaux de la r\u00e9daction de Numerama.\u00a0<a href=\"https:\/\/www.numerama.com\/laffiliation\/\" rel=\"nofollow noopener\" target=\"_blank\">On vous explique tout ici<\/a>.<\/p>\n<p>        <img decoding=\"async\" width=\"168\" height=\"168\" loading=\"lazy\" alt=\"Source : Montage Numerama\" title=\"Source : Montage Numerama\" class=\"placeholder-default wp-image\" src=\"https:\/\/www.europesays.com\/fr\/wp-content\/uploads\/2025\/05\/comparatif-svod-200x200.jpg\" \/>    <\/p>\n<p>        Quel est le service de SVOD fait pour vous ?<br \/>\n        Quelle plateforme de streaming choisir en 2025\u00a0? Comparatif entre Netflix, Prime Video, Max, Apple TV+\u2026<br \/>\n        <a href=\"https:\/\/www.numerama.com\/pop-culture\/541742-netflix-amazon-canal-ocs-apple-tv-le-grand-comparatif-2019-des-offres-de-svod-en-france.html\" class=\"btn is-family-secondary is-text-weight-bold has-text-left mt-2\" rel=\"nofollow noopener\" target=\"_blank\">D\u00e9couvrez notre comparateur<\/a><\/p>\n<p>            <img decoding=\"async\" src=\"https:\/\/www.europesays.com\/fr\/wp-content\/uploads\/2025\/04\/iPhone-16-pro.png\" alt=\"Toute l'actu tech en un clien d'oeil\"\/><\/p>\n<p class=\"card-install-pwa__title\">Toute l&rsquo;actu tech en un clin d&rsquo;\u0153il<\/p>\n<p class=\"card-install-pwa__description\">Ajoutez Numerama \u00e0 votre \u00e9cran d&rsquo;accueil et restez connect\u00e9s au futur !<\/p>\n<p>            <img decoding=\"async\" src=\"https:\/\/www.europesays.com\/fr\/wp-content\/uploads\/2025\/04\/logo-card-pwa-coupe.svg.svg+xml\" alt=\"Logo PWA\"\/><\/p>\n<p>       Installer Numerama<\/p>\n","protected":false},"excerpt":{"rendered":"Les French Days sont de retour pour leur premi\u00e8re \u00e9dition de 2025. Au programme : de nombreuses offres&hellip;\n","protected":false},"author":2,"featured_media":66317,"comment_status":"","ping_status":"","sticky":false,"template":"","format":"standard","meta":{"footnotes":""},"categories":[6],"tags":[4239,677,2938,15124,16677,6247,35,16678,16679,33,34,13553,1011,27,16301],"class_list":{"0":"post-66316","1":"post","2":"type-post","3":"status-publish","4":"format-standard","5":"has-post-thumbnail","7":"category-economie","8":"tag-amazon","9":"tag-bons-plans","10":"tag-bons-plans-gaming","11":"tag-bons-plans-smartphones","12":"tag-bons-plans-tv","13":"tag-boulanger","14":"tag-business","15":"tag-cdiscount","16":"tag-darty","17":"tag-economie","18":"tag-economy","19":"tag-fnac","20":"tag-fr","21":"tag-france","22":"tag-french-days"},"share_on_mastodon":{"url":"https:\/\/pubeurope.com\/@fr\/114431302531265333","error":""},"_links":{"self":[{"href":"https:\/\/www.europesays.com\/fr\/wp-json\/wp\/v2\/posts\/66316","targetHints":{"allow":["GET"]}}],"collection":[{"href":"https:\/\/www.europesays.com\/fr\/wp-json\/wp\/v2\/posts"}],"about":[{"href":"https:\/\/www.europesays.com\/fr\/wp-json\/wp\/v2\/types\/post"}],"author":[{"embeddable":true,"href":"https:\/\/www.europesays.com\/fr\/wp-json\/wp\/v2\/users\/2"}],"replies":[{"embeddable":true,"href":"https:\/\/www.europesays.com\/fr\/wp-json\/wp\/v2\/comments?post=66316"}],"version-history":[{"count":0,"href":"https:\/\/www.europesays.com\/fr\/wp-json\/wp\/v2\/posts\/66316\/revisions"}],"wp:featuredmedia":[{"embeddable":true,"href":"https:\/\/www.europesays.com\/fr\/wp-json\/wp\/v2\/media\/66317"}],"wp:attachment":[{"href":"https:\/\/www.europesays.com\/fr\/wp-json\/wp\/v2\/media?parent=66316"}],"wp:term":[{"taxonomy":"category","embeddable":true,"href":"https:\/\/www.europesays.com\/fr\/wp-json\/wp\/v2\/categories?post=66316"},{"taxonomy":"post_tag","embeddable":true,"href":"https:\/\/www.europesays.com\/fr\/wp-json\/wp\/v2\/tags?post=66316"}],"curies":[{"name":"wp","href":"https:\/\/api.w.org\/{rel}","templated":true}]}}