{"id":663160,"date":"2026-01-14T14:58:13","date_gmt":"2026-01-14T14:58:13","guid":{"rendered":"https:\/\/www.europesays.com\/fr\/663160\/"},"modified":"2026-01-14T14:58:13","modified_gmt":"2026-01-14T14:58:13","slug":"tirage-des-8emes-de-finale-de-la-coupe-de-france-feminine-ligue-bourgogne-franche-comte","status":"publish","type":"post","link":"https:\/\/www.europesays.com\/fr\/663160\/","title":{"rendered":"Tirage des 8\u00e8mes de finale de la Coupe de France F\u00e9minine \u2013 LIGUE BOURGOGNE-FRANCHE-COMT\u00c9"},"content":{"rendered":"<p>                    <img width=\"611\" height=\"378\" src=\"https:\/\/www.europesays.com\/fr\/wp-content\/uploads\/2026\/01\/Une-CDF-F-2025-26.jpg\" class=\"vignette-large wp-post-image\" alt=\"\" decoding=\"async\" fetchpriority=\"high\"  \/>                    <\/p>\n<p>\n                        Tirage des 8\u00e8mes de finale de la Coupe de France F\u00e9minine\n                    <\/p>\n<p style=\"text-align: justify;\"><strong>La Ligue Bourgogne-Franche-Comt\u00e9 de Football compte deux clubs toujours en lice en Coupe de France F\u00e9minine. Le tirage du prochain tour a \u00e9t\u00e9 effectu\u00e9 en d\u00e9but de semaine.<\/strong><\/p>\n<p style=\"text-align: justify;\">Les matchs des 8\u00e8mes de finale de la <strong>Coupe de France F\u00e9minine<\/strong> ont \u00e9t\u00e9 tir\u00e9s au sort ce lundi 12 janvier au si\u00e8ge de la FFF par Claude DELFORGE, pr\u00e9sident de la Ligue du Football Amateur (LFA).<\/p>\n<p><strong>Nos clubs joueront \u00e0 domicile<\/strong><\/p>\n<p style=\"text-align: justify;\">Nos deux clubs, le <strong>Dijon FCO<\/strong> et l\u2019<strong>AS Ch\u00e2tenoy-le-Royal<\/strong>, sont d\u00e9sormais fix\u00e9s pour la 25\u00e8me \u00e9dition de cette comp\u00e9tition. Ils \u00e9volueront tous les deux \u00e0 domicile face \u00e0 des clubs de niveau identique. Les Dijonnaises, 7\u00e8mes du classement d\u2019Arkema Premi\u00e8re Ligue, recevront le <strong>FC Fleury 91<\/strong>, actuellement 4\u00e8me. De leur c\u00f4t\u00e9, les joueuses de Ch\u00e2tenoy-le-Royal accueilleront un club de D3F, le <strong>SM Caen<\/strong>.<\/p>\n<p style=\"text-align: justify;\"><strong>Bonne chance et bons matchs \u00e0 nos deux repr\u00e9sentants lors des 8\u00e8mes de finale de cette Coupe de France F\u00e9minine qui se joueront le week-end des 24 et 25 janvier prochains.<\/strong><\/p>\n<p><img loading=\"lazy\" decoding=\"async\" class=\"size-full wp-image-83597 aligncenter\" src=\"https:\/\/www.europesays.com\/fr\/wp-content\/uploads\/2026\/01\/Matchs-8e-CDF-Feminine-2526.jpg\" alt=\"\" width=\"1280\" height=\"720\"  \/><\/p>\n<p>Par<br \/>\n                     Anatole<br \/>\n                     Barbier\n                <\/p>\n","protected":false},"excerpt":{"rendered":"Tirage des 8\u00e8mes de finale de la Coupe de France F\u00e9minine La Ligue Bourgogne-Franche-Comt\u00e9 de Football compte deux&hellip;\n","protected":false},"author":2,"featured_media":663161,"comment_status":"","ping_status":"","sticky":false,"template":"","format":"standard","meta":{"footnotes":""},"categories":[4],"tags":[11,1011,27,12,25],"class_list":{"0":"post-663160","1":"post","2":"type-post","3":"status-publish","4":"format-standard","5":"has-post-thumbnail","7":"category-france","8":"tag-actualites","9":"tag-fr","10":"tag-france","11":"tag-news","12":"tag-republique-francaise"},"share_on_mastodon":{"url":"https:\/\/pubeurope.com\/@fr\/115894046443153128","error":""},"_links":{"self":[{"href":"https:\/\/www.europesays.com\/fr\/wp-json\/wp\/v2\/posts\/663160","targetHints":{"allow":["GET"]}}],"collection":[{"href":"https:\/\/www.europesays.com\/fr\/wp-json\/wp\/v2\/posts"}],"about":[{"href":"https:\/\/www.europesays.com\/fr\/wp-json\/wp\/v2\/types\/post"}],"author":[{"embeddable":true,"href":"https:\/\/www.europesays.com\/fr\/wp-json\/wp\/v2\/users\/2"}],"replies":[{"embeddable":true,"href":"https:\/\/www.europesays.com\/fr\/wp-json\/wp\/v2\/comments?post=663160"}],"version-history":[{"count":0,"href":"https:\/\/www.europesays.com\/fr\/wp-json\/wp\/v2\/posts\/663160\/revisions"}],"wp:featuredmedia":[{"embeddable":true,"href":"https:\/\/www.europesays.com\/fr\/wp-json\/wp\/v2\/media\/663161"}],"wp:attachment":[{"href":"https:\/\/www.europesays.com\/fr\/wp-json\/wp\/v2\/media?parent=663160"}],"wp:term":[{"taxonomy":"category","embeddable":true,"href":"https:\/\/www.europesays.com\/fr\/wp-json\/wp\/v2\/categories?post=663160"},{"taxonomy":"post_tag","embeddable":true,"href":"https:\/\/www.europesays.com\/fr\/wp-json\/wp\/v2\/tags?post=663160"}],"curies":[{"name":"wp","href":"https:\/\/api.w.org\/{rel}","templated":true}]}}