{"id":663168,"date":"2026-01-14T15:06:11","date_gmt":"2026-01-14T15:06:11","guid":{"rendered":"https:\/\/www.europesays.com\/fr\/663168\/"},"modified":"2026-01-14T15:06:11","modified_gmt":"2026-01-14T15:06:11","slug":"sept-recrues-pour-le-chambery-cc-actualite","status":"publish","type":"post","link":"https:\/\/www.europesays.com\/fr\/663168\/","title":{"rendered":"Sept recrues pour le Chamb\u00e9ry CC &#8211; Actualit\u00e9"},"content":{"rendered":"<p dir=\"ltr\">La N1 du Chamb\u00e9ry Cyclisme Comp\u00e9tition aura sept recrues en 2026. Il s\u2019agit de Lucy Benezet Minns (Lotto), Lana Cufi (Team Praz-sur-Arly-Haute Savoie), Violette Demay (Team Buffaz Gestion de Patrimoine) ainsi que Ma\u00efwenn Jomier, qui arrive dans la N1 apr\u00e8s avoir couru avec le CCC en fin de saison, les s\u0153urs Martinet, Ana\u00efs et No\u00e9mie, qui arrivent de la Motte-Servolex Cyclisme, et la Britannique Victoria Stanfield, nouvelle licenci\u00e9e.<\/p>\n<p dir=\"ltr\">Lucy Benezet Minns, 19 ans, a termin\u00e9 l&rsquo;an pass\u00e9 lors du Championnat d\u2019Irlande \u00e0 la 4e place du contre-la-montre et \u00e0 10e position de la course en ligne. Elle \u00e9tait arriv\u00e9e chez Lotto en 2025, en provenance de Tofauti Everyone Active.\u00a0<\/p>\n<p>Lana Cufi &#8211; notre photo -, 18 ans, s\u2019est class\u00e9e 6e du Championnat Auvergne-Rh\u00f4ne-Alpes, 11e du Championnat de France U19, 15e de Paris-Bourges ou encore 16e du Grand Prix d&rsquo;Ouverture d\u2019Albi Carlus. Elle est une sp\u00e9cialiste de la piste. Elle a d\u00e9croch\u00e9 cet hiver la m\u00e9daille de bronze du Championnat de France Juniors de l&rsquo;Am\u00e9ricaine, en compagnie de Margo Dollion apr\u00e8s avoir remport\u00e9 le titre en 2024 avec Violette Demay.<\/p>\n<p>Violette Demay, 19 ans, a pris la 12e place de la Montoirienne Ladies. Elle est aussi une adepte de la piste. Elle a d\u00e9j\u00e0 \u00e9t\u00e9 Championne de France de poursuite par \u00e9quipes et donc Championne de France Juniors de l&rsquo;Am\u00e9ricaine.<\/p>\n<p>Ma\u00efwenn Jomier, 24 ans, a fini 27e de la Mirabelle Classic. Elle pratiquait par le pass\u00e9 le ski de fond.<\/p>\n<p>Les s\u0153urs Martinet, Ana\u00efs et No\u00e9mie, 16 ans, ont d\u00e9j\u00e0 port\u00e9 le maillot du CCC cet hiver en cyclo-cross. Ana\u00efs a termin\u00e9 entre la 9e et la 12e place sur les manches de la Coupe de France. Sur la route, No\u00e9mie et Ana\u00efs ont fini 11e et 13e du Championnat de France U17 la saison pass\u00e9e.<\/p>\n<p>La Britannique Victoria Stanfield, 30 ans, a d\u00e9but\u00e9 le v\u00e9lo l\u2019an pass\u00e9.<\/p>\n<p>Retrouvez toutes les mutations de l&rsquo;intersaison <strong><a href=\"https:\/\/www.directvelo.com\/mutations\/2026#women-women_dn1\" target=\"_blank\" rel=\"noopener\">en cliquant ici<\/a>.<\/strong><\/p>\n","protected":false},"excerpt":{"rendered":"La N1 du Chamb\u00e9ry Cyclisme Comp\u00e9tition aura sept recrues en 2026. Il s\u2019agit de Lucy Benezet Minns (Lotto),&hellip;\n","protected":false},"author":2,"featured_media":663169,"comment_status":"","ping_status":"","sticky":false,"template":"","format":"standard","meta":{"footnotes":""},"categories":[1411],"tags":[834,828,836,829,837,827,83,826,824,823,1154,207,814,817,815,816,822,821,832,211,839,1011,27,820,818,819,835,831,830,833,838,60,212,208,825],"class_list":{"0":"post-663168","1":"post","2":"type-post","3":"status-publish","4":"format-standard","5":"has-post-thumbnail","7":"category-cyclisme","8":"tag-attaque","9":"tag-belgique","10":"tag-braquet","11":"tag-bretagne","12":"tag-chute","13":"tag-competition","14":"tag-coupe-de-france","15":"tag-coureur","16":"tag-course-cyclisme","17":"tag-course-cycliste","18":"tag-cycling","19":"tag-cyclisme","20":"tag-direct","21":"tag-direct-velo","22":"tag-directvelo","23":"tag-directvelo-com","24":"tag-epreuve","25":"tag-epreuve-cycliste","26":"tag-federation-francaise-de-cyclisme","27":"tag-ffc","28":"tag-flandres","29":"tag-fr","30":"tag-france","31":"tag-live","32":"tag-live-course","33":"tag-live-epreuve","34":"tag-peloton","35":"tag-radio-peloton","36":"tag-radio-tour","37":"tag-ravitaillement","38":"tag-relance","39":"tag-sports","40":"tag-uci","41":"tag-velo","42":"tag-velos"},"share_on_mastodon":{"url":"https:\/\/pubeurope.com\/@fr\/115894077661889914","error":""},"_links":{"self":[{"href":"https:\/\/www.europesays.com\/fr\/wp-json\/wp\/v2\/posts\/663168","targetHints":{"allow":["GET"]}}],"collection":[{"href":"https:\/\/www.europesays.com\/fr\/wp-json\/wp\/v2\/posts"}],"about":[{"href":"https:\/\/www.europesays.com\/fr\/wp-json\/wp\/v2\/types\/post"}],"author":[{"embeddable":true,"href":"https:\/\/www.europesays.com\/fr\/wp-json\/wp\/v2\/users\/2"}],"replies":[{"embeddable":true,"href":"https:\/\/www.europesays.com\/fr\/wp-json\/wp\/v2\/comments?post=663168"}],"version-history":[{"count":0,"href":"https:\/\/www.europesays.com\/fr\/wp-json\/wp\/v2\/posts\/663168\/revisions"}],"wp:featuredmedia":[{"embeddable":true,"href":"https:\/\/www.europesays.com\/fr\/wp-json\/wp\/v2\/media\/663169"}],"wp:attachment":[{"href":"https:\/\/www.europesays.com\/fr\/wp-json\/wp\/v2\/media?parent=663168"}],"wp:term":[{"taxonomy":"category","embeddable":true,"href":"https:\/\/www.europesays.com\/fr\/wp-json\/wp\/v2\/categories?post=663168"},{"taxonomy":"post_tag","embeddable":true,"href":"https:\/\/www.europesays.com\/fr\/wp-json\/wp\/v2\/tags?post=663168"}],"curies":[{"name":"wp","href":"https:\/\/api.w.org\/{rel}","templated":true}]}}