{"id":663172,"date":"2026-01-14T15:08:11","date_gmt":"2026-01-14T15:08:11","guid":{"rendered":"https:\/\/www.europesays.com\/fr\/663172\/"},"modified":"2026-01-14T15:08:11","modified_gmt":"2026-01-14T15:08:11","slug":"christine-kelly-engagee-aupres-des-agriculteurs-elle-partage-un-clip-de-soutien-diffuse-sur-cnews-avec-un-chapeau-jaune","status":"publish","type":"post","link":"https:\/\/www.europesays.com\/fr\/663172\/","title":{"rendered":"Christine Kelly engag\u00e9e aupr\u00e8s des agriculteurs, elle partage \u00ab\u00a0un clip de soutien\u00a0\u00bb diffus\u00e9 sur CNews avec \u00ab\u00a0un chapeau jaune\u00a0\u00bb"},"content":{"rendered":"<p>Par <a class=\"author_recette\" id=\"author_name\" href=\"https:\/\/www.nextplz.fr\/auteur\/mamy\" target=\"_blank\" rel=\"noopener\">Mamy Yves<br \/>\nRatsimbazafy<\/a> &#8211; Publi\u00e9 le 14 Jan 2026 \u00e0 13:21 &#8211; Modifi\u00e9 le<br \/>\n14 Jan 2026 \u00e0<br \/>\n13:21<\/p>\n<p class=\"article-intro excerpt\">Christine Kelly insuffle son<br \/>\nsoutien \u00e0 la mobilisation agricole, partageant une vid\u00e9o marquante<br \/>\nde solidarit\u00e9 diffus\u00e9e sur CNews.<\/p>\n<p><img width=\"750\" height=\"410\" src=\"data:image\/svg+xml,%3Csvg%20xmlns=\" http:=\"\" class=\"img-responsive alignnone size-full pinit-here zoom-it\" alt=\"Christine Kelly engag\u00e9e aupr\u00e8s des agriculteurs, elle partage \" un=\"\" clip=\"\" de=\"\" soutien=\"\" diffus=\"\" sur=\"\" cnews=\"\" avec=\"\" chapeau=\"\" jaune=\"\" fetchpriority=\"high\" data-lazyloading=\"false\" decoding=\"async\" data-lazy-src=\"https:\/\/www.europesays.com\/fr\/wp-content\/uploads\/2026\/01\/christine-kelly-750x410.webp.webp\"\/><\/p>\n<p>\u00a9 Shutterstock<\/p>\n<p>Sur le plateau de CNews, l\u2019actualit\u00e9 agricole a r\u00e9cemment occup\u00e9<br \/>\nune place centrale dans les d\u00e9bats. Alors que des milliers<br \/>\nd\u2019agriculteurs multiplient les actions pour faire entendre leurs<br \/>\nrevendications. Notamment contre <a href=\"https:\/\/www.nextplz.fr\/people\/527352-christine-kelly-56-ans-tres-amaigrie-un-traumatisme-lui-fait-perdre-20kg-et-affecte-sa-memoire\" target=\"_blank\" rel=\"noopener\"><br \/>\ncertains accords commerciaux<\/a> et pour une meilleure<br \/>\nreconnaissance de leurs conditions de travail. La cha\u00eene<br \/>\nd\u2019information n\u2019a donc pas h\u00e9sit\u00e9 \u00e0 mettre en avant ces<br \/>\nmobilisations. Sur les antennes, des reportages et analyses ont<br \/>\nsoulign\u00e9 l\u2019ampleur du mouvement, au point de susciter des r\u00e9actions<br \/>\nen ligne autour du r\u00f4le m\u00e9diatique jou\u00e9 par CNews dans cette crise<br \/>\nsociale.<\/p>\n<p>Christine Kelly<br \/>\npartage un clip symbolique<\/p>\n<p>La journaliste et pr\u00e9sentatrice Christine Kelly a elle-m\u00eame<br \/>\nrelay\u00e9 sur son compte X un clip de soutien aux agriculteurs qui a<br \/>\n\u00e9t\u00e9 diffus\u00e9 sur CNews, accompagn\u00e9 d\u2019une mise en sc\u00e8ne symbolique.<br \/>\nElle appara\u00eet en effet avec un chapeau jaune, couleur d\u00e9sormais<br \/>\nassoci\u00e9e \u00e0 la mobilisation agricole.<\/p>\n<blockquote class=\"twitter-tweet\" data-media-max-width=\"560\">\n<p lang=\"fr\" dir=\"ltr\">Cnews soutien les agriculteurs.<br \/>Le message de <a href=\"https:\/\/twitter.com\/hashtag\/facealinfo?src=hash&amp;ref_src=twsrc%5Etfw\" target=\"_blank\" rel=\"noopener\">#facealinfo<\/a> <a href=\"https:\/\/t.co\/laqewi87TT\" target=\"_blank\">pic.twitter.com\/laqewi87TT<\/a><\/p>\n<p>\u2014 Christine KELLY (@christine_kelly) <a href=\"https:\/\/twitter.com\/christine_kelly\/status\/2011319885939556857?ref_src=twsrc%5Etfw\" target=\"_blank\" rel=\"noopener\">January 14, 2026<\/a><\/p><\/blockquote>\n<p>Dans son post, elle a donc repris cette vid\u00e9o en soulignant<br \/>\nl\u2019importance de la cause et la visibilit\u00e9 donn\u00e9e par les m\u00e9dias. Un<br \/>\ngeste qui fait \u00e9cho \u00e0 un engagement plus large envers les<br \/>\nagriculteurs qu\u2019elle \u00e9voque \u00e9galement dans d\u2019autres posts r\u00e9cents.<br \/>\nLa journaliste a notamment partag\u00e9 des images de tracteurs et de<br \/>\nsc\u00e8nes de blocages \u00e0 Paris, t\u00e9moignant de l\u2019intensit\u00e9 de la<br \/>\nmobilisation sur le terrain.<\/p>\n<p>Un<br \/>\nsoutien qui fait r\u00e9agir<\/p>\n<p>Le simple fait de porter un chapeau jaune dans ce contexte n\u2019est<br \/>\npas anodin : cette couleur a \u00e9t\u00e9 adopt\u00e9e par de nombreux<br \/>\nmanifestants agricoles comme symbole de solidarit\u00e9 et d\u2019unit\u00e9 face<br \/>\naux difficult\u00e9s \u00e9conomiques et aux d\u00e9cisions politiques per\u00e7ues<br \/>\ncomme d\u00e9favorables. Le post de Christine Kelly a ainsi g\u00e9n\u00e9r\u00e9 des<br \/>\nr\u00e9actions diverses sur les r\u00e9seaux, certains saluant sa prise de<br \/>\nposition, d\u2019autres questionnant l\u2019implication personnelle de<br \/>\nfigures m\u00e9diatiques dans des mouvements sociaux.<\/p>\n<p>Une crise agricole persistante<\/p>\n<p>Cette intervention de Christine Kelly intervient alors que la<br \/>\ncrise agricole continue de d\u00e9frayer la chronique en France et en<br \/>\nEurope. La mobilisation des paysans s\u2019est en effet intensifi\u00e9e,<br \/>\nnotamment autour d\u2019un projet d\u2019accord entre l\u2019Union europ\u00e9enne et<br \/>\nle Mercosur, jug\u00e9 par beaucoup comme une menace pour la production<br \/>\nnationale et les normes de qualit\u00e9. Des syndicalistes agricoles ont<br \/>\nainsi exprim\u00e9 leur frustration face \u00e0 ce qu\u2019ils consid\u00e8rent comme<br \/>\nun manque d\u2019\u00e9coute des pouvoirs publics.<\/p>\n<p>Au-del\u00e0 du<br \/>\nplateau, une prise de parole plus large<\/p>\n<p>Au-del\u00e0 de son activit\u00e9 t\u00e9l\u00e9visuelle, <a href=\"https:\/\/fr.wikipedia.org\/wiki\/Christine_Kelly\" target=\"_blank\" rel=\"noopener\">Christine Kelly<\/a> \u00e9voque \u00e9galement ces probl\u00e9matiques<br \/>\ndans d\u2019autres formats comme sur Europe 1, o\u00f9 elle a abord\u00e9 la<br \/>\ncol\u00e8re des agriculteurs dans son \u00e9mission Christine Kelly et vous,<br \/>\nen donnant la parole \u00e0 des repr\u00e9sentants du secteur. Cette<br \/>\nattention soutenue \u00e0 la question agricole refl\u00e8te une tendance<br \/>\nm\u00e9diatique \u00e0 traiter en profondeur une crise qui touche plusieurs<br \/>\nr\u00e9gions rurales et interpelle l\u2019opinion publique sur l\u2019avenir du<br \/>\nsecteur agricole en France.<\/p>\n<p><script async src=\"https:\/\/platform.twitter.com\/widgets.js\" charset=\"utf-8\"><\/script><\/p>\n","protected":false},"excerpt":{"rendered":"Par Mamy Yves Ratsimbazafy &#8211; Publi\u00e9 le 14 Jan 2026 \u00e0 13:21 &#8211; Modifi\u00e9 le 14 Jan 2026&hellip;\n","protected":false},"author":2,"featured_media":663173,"comment_status":"","ping_status":"","sticky":false,"template":"","format":"standard","meta":{"footnotes":""},"categories":[1359],"tags":[21303,58,59,1011,27,973],"class_list":{"0":"post-663172","1":"post","2":"type-post","3":"status-publish","4":"format-standard","5":"has-post-thumbnail","7":"category-people","8":"tag-buzz_nonli","9":"tag-divertissement","10":"tag-entertainment","11":"tag-fr","12":"tag-france","13":"tag-people"},"share_on_mastodon":{"url":"https:\/\/pubeurope.com\/@fr\/115894085413221881","error":""},"_links":{"self":[{"href":"https:\/\/www.europesays.com\/fr\/wp-json\/wp\/v2\/posts\/663172","targetHints":{"allow":["GET"]}}],"collection":[{"href":"https:\/\/www.europesays.com\/fr\/wp-json\/wp\/v2\/posts"}],"about":[{"href":"https:\/\/www.europesays.com\/fr\/wp-json\/wp\/v2\/types\/post"}],"author":[{"embeddable":true,"href":"https:\/\/www.europesays.com\/fr\/wp-json\/wp\/v2\/users\/2"}],"replies":[{"embeddable":true,"href":"https:\/\/www.europesays.com\/fr\/wp-json\/wp\/v2\/comments?post=663172"}],"version-history":[{"count":0,"href":"https:\/\/www.europesays.com\/fr\/wp-json\/wp\/v2\/posts\/663172\/revisions"}],"wp:featuredmedia":[{"embeddable":true,"href":"https:\/\/www.europesays.com\/fr\/wp-json\/wp\/v2\/media\/663173"}],"wp:attachment":[{"href":"https:\/\/www.europesays.com\/fr\/wp-json\/wp\/v2\/media?parent=663172"}],"wp:term":[{"taxonomy":"category","embeddable":true,"href":"https:\/\/www.europesays.com\/fr\/wp-json\/wp\/v2\/categories?post=663172"},{"taxonomy":"post_tag","embeddable":true,"href":"https:\/\/www.europesays.com\/fr\/wp-json\/wp\/v2\/tags?post=663172"}],"curies":[{"name":"wp","href":"https:\/\/api.w.org\/{rel}","templated":true}]}}