{"id":663174,"date":"2026-01-14T15:09:10","date_gmt":"2026-01-14T15:09:10","guid":{"rendered":"https:\/\/www.europesays.com\/fr\/663174\/"},"modified":"2026-01-14T15:09:10","modified_gmt":"2026-01-14T15:09:10","slug":"au-louvre-frustration-et-resignation-devant-la-hausse-des-prix-pour-les-touristes-hors-ue-actualites","status":"publish","type":"post","link":"https:\/\/www.europesays.com\/fr\/663174\/","title":{"rendered":"Au Louvre, frustration et r\u00e9signation devant la hausse des prix pour les touristes hors-UE : Actualit\u00e9s"},"content":{"rendered":"<p class=\"lead \">\u00ab\u00a0C&rsquo;est injuste mais il n&rsquo;y a pas le choix\u00a0\u00bb: aux abords du mus\u00e9e parisien du Louvre, les touristes accueillent avec r\u00e9signation la hausse de 45% du prix d&rsquo;entr\u00e9e pour les visiteurs hors-UE \u00e0 partir de mercredi, une mesure quasiment sans \u00e9quivalent en Europe.<\/p>\n<p class=\"lead \">Venue de Cor\u00e9e du Sud, HongJu Lee fait partie de ceux qui doivent d\u00e9sormais d\u00e9bourser 32 euros pour admirer la Joconde ou la V\u00e9nus de Milo, contre 22 euros auparavant, et cette d\u00e9cision gouvernementale a du mal \u00e0 passer.<\/p>\n<p class=\"lead \">\u00ab\u00a0En Cor\u00e9e du Sud, nous n&rsquo;avons pas ce genre de mesures donc c&rsquo;est tr\u00e8s injuste parce que cela fait partie de l&rsquo;h\u00e9ritage mondial, comme l&rsquo;Unesco\u00a0\u00bb, dit la jeune trentenaire. \u00ab\u00a0Nous avons le m\u00eame droit de voir l&rsquo;art\u00a0\u00bb. <\/p>\n<p class=\"lead \">A ses c\u00f4t\u00e9s, son petit ami fran\u00e7ais Julien Rittling n&rsquo;est, lui, \u00ab\u00a0pas choqu\u00e9\u00a0\u00bb de payer moins qu&rsquo;elle, parce qu&rsquo;il a le sentiment de \u00ab\u00a0participer au patrimoine en payant (ses) imp\u00f4ts\u00a0\u00bb.<\/p>\n<p class=\"lead \">Les dix euros suppl\u00e9mentaires demand\u00e9s \u00e0 HongJu Lee ne la dissuaderont toutefois de franchir les portes du mus\u00e9e le plus visit\u00e9 au monde.<\/p>\n<p class=\"lead \">\u00ab\u00a0Ce n&rsquo;est pas possible de voir le tableau de Mona Lisa sans y aller, c&rsquo;est obligatoire et quand je vois les files d&rsquo;attente, je me dis que beaucoup de gens pensent comme moi\u00a0\u00bb, observe-t-elle.<\/p>\n<p class=\"lead \">&#8211; \u00ab\u00a0Ce n&rsquo;est pas juste\u00a0\u00bb &#8211;<\/p>\n<p class=\"lead \">Parmi les visiteurs crois\u00e9s mercredi par l&rsquo;AFP, tr\u00e8s peu semblent inform\u00e9s de cette hausse, qui va s&rsquo;appliquer cette ann\u00e9e \u00e0 cinq autres lieux culturels en France, dont le Ch\u00e2teau de Versailles, et qui vise \u00e0 financer la r\u00e9novation du patrimoine. Le gouvernement esp\u00e8re ainsi d\u00e9gager au total entre 20 \u00e0 30 millions d&rsquo;euros de recettes suppl\u00e9mentaires par an.<\/p>\n<p class=\"lead \"> Rarissime en Europe ou aux \u00c9tats-Unis, la diff\u00e9renciation tarifaire au Louvre reste \u00e9galement en travers de la gorge de Marcia Branco, sexag\u00e9naire venue du Br\u00e9sil, qui s&rsquo;\u00e9tonne qu&rsquo;une telle mesure soit appliqu\u00e9e en France.<\/p>\n<p class=\"lead \">\u00ab\u00a0Si j&rsquo;allais dans un pays pauvre comme l&rsquo;Inde, je comprendrais que les habitants paient moins cher parce qu&rsquo;ils ont moins d&rsquo;argent que les gens venant de l&rsquo;\u00e9tranger mais l\u00e0, je suis \u00e0 Paris et c&rsquo;est cens\u00e9 \u00eatre un pays riche\u00a0\u00bb, dit-elle. \u00ab\u00a0Ce n&rsquo;est pas juste parce que je viens d&rsquo;un pays moins riche que je dois payer plus\u00a0\u00bb.<\/p>\n<p class=\"lead \">Venue d&rsquo;Uruguay avec son fils adolescent, Pamela Gonz\u00e1lez fait \u00e9galement part de son incompr\u00e9hension, m\u00eame si elle ira aussi arpenter les 73.000 m2 du Louvre. <\/p>\n<p class=\"lead \">\u00ab\u00a0C&rsquo;est injuste pour ceux d&rsquo;entre nous qui viennent de plus loin. Parce que \u00e7a favorise quelqu&rsquo;un qui justement est d\u00e9j\u00e0 ici et pour qui c&rsquo;est plus facile de venir. C&rsquo;est bien moins cher que pour nous qui vivons \u00e0 plus de 10.000 kilom\u00e8tres d&rsquo;ici\u00a0\u00bb, s&rsquo;\u00e9trangle-t-elle.<\/p>\n<p class=\"lead \">&#8211; Opposition des syndicats &#8211;<\/p>\n<p class=\"lead \">En tant qu&rsquo;Italien, Andrew \u00e9chappera \u00e0 la hausse mais se dit lui aussi choqu\u00e9. \u00ab\u00a0Tout le monde m\u00e9rite de voir le Louvre et le pays d&rsquo;origine (du visiteur, ndlr ne doit avoir aucune importance\u00a0\u00bb, affirme ce jeune homme de 26 ans, qui ne veut pas donner son patronyme.<\/p>\n<p class=\"lead \">Au nom de l&rsquo;universalisme des \u00ab\u00a0mus\u00e9es\u00a0\u00bb, cette diff\u00e9renciation tarifaire est notamment combattue par les syndicats du Louvre, qui sont engag\u00e9s depuis un mois dans un mouvement de gr\u00e8ve pour d\u00e9noncer notamment les sous-effectifs. <\/p>\n<p class=\"lead \">Ils s&rsquo;\u00e9meuvent \u00e9galement de la surcharge de travail qui incombera, selon eux, aux personnels charg\u00e9s de v\u00e9rifier l&rsquo;origine g\u00e9ographique des visiteurs. Selon le site du Louvre, le prix de 32 euros s&rsquo;applique par d\u00e9faut, charge aux ressortissants europ\u00e9ens de prouver leur lieu de r\u00e9sidence. <\/p>\n<p class=\"lead \">Venu d&rsquo;Australie, Jesse Kriwen dit \u00ab\u00a0comprendre les deux points de vue\u00a0\u00bb. \u00ab\u00a0Je pense que (cette mesure) est une reconnaissance de l&rsquo;apport des contribuables mais on a toujours envie que tout le monde soit trait\u00e9 de mani\u00e8re \u00e9galitaire\u00a0\u00bb, observe-t-il.<\/p>\n<p class=\"lead \">Une telle mesure serait-elle envisageable en Australie? Non, balaie sa compagne Isabelle Szemray, \u00ab\u00a0parce que l&rsquo;Australie est un pays tr\u00e8s multiculturel\u00a0\u00bb.<\/p>\n<p class=\"small font-weight-bold text-gray3 \"> publi\u00e9 le 14 janvier \u00e0 14h04, AFP<\/p>\n<p>                             Partager<\/p>\n","protected":false},"excerpt":{"rendered":"\u00ab\u00a0C&rsquo;est injuste mais il n&rsquo;y a pas le choix\u00a0\u00bb: aux abords du mus\u00e9e parisien du Louvre, les touristes&hellip;\n","protected":false},"author":2,"featured_media":663175,"comment_status":"","ping_status":"","sticky":false,"template":"","format":"standard","meta":{"footnotes":""},"categories":[1358],"tags":[13790,1348,1384,1385,1386,58,59,1011,27,418,10241,1050,1072,801,602],"class_list":{"0":"post-663174","1":"post","2":"type-post","3":"status-publish","4":"format-standard","5":"has-post-thumbnail","7":"category-arts-et-design","8":"tag-conomie","9":"tag-arts","10":"tag-arts-and-design","11":"tag-arts-et-design","12":"tag-design","13":"tag-divertissement","14":"tag-entertainment","15":"tag-fr","16":"tag-france","17":"tag-gouvernement","18":"tag-muse","19":"tag-parlement","20":"tag-police","21":"tag-social","22":"tag-tourisme"},"share_on_mastodon":{"url":"https:\/\/pubeurope.com\/@fr\/115894089339902682","error":""},"_links":{"self":[{"href":"https:\/\/www.europesays.com\/fr\/wp-json\/wp\/v2\/posts\/663174","targetHints":{"allow":["GET"]}}],"collection":[{"href":"https:\/\/www.europesays.com\/fr\/wp-json\/wp\/v2\/posts"}],"about":[{"href":"https:\/\/www.europesays.com\/fr\/wp-json\/wp\/v2\/types\/post"}],"author":[{"embeddable":true,"href":"https:\/\/www.europesays.com\/fr\/wp-json\/wp\/v2\/users\/2"}],"replies":[{"embeddable":true,"href":"https:\/\/www.europesays.com\/fr\/wp-json\/wp\/v2\/comments?post=663174"}],"version-history":[{"count":0,"href":"https:\/\/www.europesays.com\/fr\/wp-json\/wp\/v2\/posts\/663174\/revisions"}],"wp:featuredmedia":[{"embeddable":true,"href":"https:\/\/www.europesays.com\/fr\/wp-json\/wp\/v2\/media\/663175"}],"wp:attachment":[{"href":"https:\/\/www.europesays.com\/fr\/wp-json\/wp\/v2\/media?parent=663174"}],"wp:term":[{"taxonomy":"category","embeddable":true,"href":"https:\/\/www.europesays.com\/fr\/wp-json\/wp\/v2\/categories?post=663174"},{"taxonomy":"post_tag","embeddable":true,"href":"https:\/\/www.europesays.com\/fr\/wp-json\/wp\/v2\/tags?post=663174"}],"curies":[{"name":"wp","href":"https:\/\/api.w.org\/{rel}","templated":true}]}}