{"id":663176,"date":"2026-01-14T15:11:10","date_gmt":"2026-01-14T15:11:10","guid":{"rendered":"https:\/\/www.europesays.com\/fr\/663176\/"},"modified":"2026-01-14T15:11:10","modified_gmt":"2026-01-14T15:11:10","slug":"prime-video-integre-m6-a-son-interface-en-france","status":"publish","type":"post","link":"https:\/\/www.europesays.com\/fr\/663176\/","title":{"rendered":"Prime Video int\u00e8gre M6+ \u00e0 son interface en France"},"content":{"rendered":"<p>Prime Video propose d\u00e9sormais un acc\u00e8s \u00e0 M6+ depuis son interface en France, dans le cadre d\u2019un accord de distribution entre Amazon et le groupe M6. Les membres Prime peuvent acc\u00e9der \u00e0 la plateforme M6+ et \u00e0 ses contenus en direct et \u00e0 la demande, sans surco\u00fbt. L\u2019offre annonc\u00e9e repr\u00e9sente plus de 30 000 heures de programmes, incluant les cha\u00eenes M6, W9, 6ter et Gulli, ainsi que des contenus propres \u00e0 M6+. Cette annonce intervient alors que Prime Video a \u00e9galement officialis\u00e9, d\u00e9but juillet, un accord de distribution avec France T\u00e9l\u00e9visions pour int\u00e9grer l\u2019offre france.tv au sein de sa plateforme en France.<\/p>\n<p>Un espace M6+ regroupera donc plusieurs cat\u00e9gories de programmes : divertissements (\u00ab L\u2019Amour est dans le pr\u00e9 \u00bb, \u00ab Qui veut \u00eatre mon associ\u00e9 ? \u00bb, \u00ab Top Chef \u00bb, \u00ab P\u00e9kin Express \u00bb\u2026), t\u00e9l\u00e9-r\u00e9alit\u00e9 (\u00ab L\u2019\u00cele de la tentation \u00bb, \u00ab Les Cinquante \u00bb), magazines (\u00ab Zone Interdite \u00bb, \u00ab Capital \u00bb, \u00ab Enqu\u00eate Exclusive \u00bb), journaux t\u00e9l\u00e9vis\u00e9s (\u00ab 12.45 \u00bb, \u00ab 19.45 \u00bb) et contenus jeunesse de Gulli. L\u2019ensemble inclut aussi des \u00e9v\u00e9nements sportifs diffus\u00e9s en direct, comme la Coupe du Monde de la FIFA 2026 et le Super Bowl, cit\u00e9s dans l\u2019annonce.<\/p>\n<p>Une extension de distribution et un enjeu publicitaire pour M6<\/p>\n<p>Pour M6, cet accord s\u2019inscrit dans une logique d\u2019\u00e9largissement des points d\u2019acc\u00e8s \u00e0 M6+. David Larramendy, pr\u00e9sident du directoire du groupe, \u00e9voque la volont\u00e9 de \u00ab b\u00e2tir un \u00e9cosyst\u00e8me streaming adapt\u00e9 aux nouveaux usages \u00bb et de toucher \u00ab des publics compl\u00e9mentaires \u00bb. Le groupe pr\u00e9cise aussi que ce partenariat concerne la commercialisation publicitaire, via M6 Unlimited, avec l\u2019objectif d\u2019\u00e9largir la couverture et d\u2019ajuster la proposition aux annonceurs.<\/p>\n<p>Du c\u00f4t\u00e9 d\u2019Amazon, l\u2019int\u00e9gration de M6+ s\u2019inscrit dans une strat\u00e9gie d\u2019agr\u00e9gation de services et de catalogues partenaires. Elisabetta Carruba, directrice de Prime Video Channels en Europe, replace cette annonce dans la trajectoire de d\u00e9veloppement du service.<\/p>\n<p>M6+ reste accessible gratuitement, avec une formule payante proposant notamment la suppression de la publicit\u00e9 et l\u2019acc\u00e8s \u00e0 des avant-premi\u00e8res. Le groupe indique qu\u2019en 2025, 29 millions de Fran\u00e7ais consomment en moyenne ses contenus chaque mois.<\/p>\n","protected":false},"excerpt":{"rendered":"Prime Video propose d\u00e9sormais un acc\u00e8s \u00e0 M6+ depuis son interface en France, dans le cadre d\u2019un accord&hellip;\n","protected":false},"author":2,"featured_media":663177,"comment_status":"","ping_status":"","sticky":false,"template":"","format":"standard","meta":{"footnotes":""},"categories":[1356],"tags":[58,59,1011,27,252,1364,133],"class_list":{"0":"post-663176","1":"post","2":"type-post","3":"status-publish","4":"format-standard","5":"has-post-thumbnail","7":"category-television","8":"tag-divertissement","9":"tag-entertainment","10":"tag-fr","11":"tag-france","12":"tag-television","13":"tag-tv","14":"tag-video"},"share_on_mastodon":{"url":"https:\/\/pubeurope.com\/@fr\/115894097423727134","error":""},"_links":{"self":[{"href":"https:\/\/www.europesays.com\/fr\/wp-json\/wp\/v2\/posts\/663176","targetHints":{"allow":["GET"]}}],"collection":[{"href":"https:\/\/www.europesays.com\/fr\/wp-json\/wp\/v2\/posts"}],"about":[{"href":"https:\/\/www.europesays.com\/fr\/wp-json\/wp\/v2\/types\/post"}],"author":[{"embeddable":true,"href":"https:\/\/www.europesays.com\/fr\/wp-json\/wp\/v2\/users\/2"}],"replies":[{"embeddable":true,"href":"https:\/\/www.europesays.com\/fr\/wp-json\/wp\/v2\/comments?post=663176"}],"version-history":[{"count":0,"href":"https:\/\/www.europesays.com\/fr\/wp-json\/wp\/v2\/posts\/663176\/revisions"}],"wp:featuredmedia":[{"embeddable":true,"href":"https:\/\/www.europesays.com\/fr\/wp-json\/wp\/v2\/media\/663177"}],"wp:attachment":[{"href":"https:\/\/www.europesays.com\/fr\/wp-json\/wp\/v2\/media?parent=663176"}],"wp:term":[{"taxonomy":"category","embeddable":true,"href":"https:\/\/www.europesays.com\/fr\/wp-json\/wp\/v2\/categories?post=663176"},{"taxonomy":"post_tag","embeddable":true,"href":"https:\/\/www.europesays.com\/fr\/wp-json\/wp\/v2\/tags?post=663176"}],"curies":[{"name":"wp","href":"https:\/\/api.w.org\/{rel}","templated":true}]}}